{"id":397228,"date":"2025-09-17T10:18:13","date_gmt":"2025-09-17T10:18:13","guid":{"rendered":"https:\/\/www.europesays.com\/fr\/397228\/"},"modified":"2025-09-17T10:18:13","modified_gmt":"2025-09-17T10:18:13","slug":"basket-le-sluc-nancy-ira-a-saint-quentin-pour-son-entree-en-lice-en-coupe-de-france","status":"publish","type":"post","link":"https:\/\/www.europesays.com\/fr\/397228\/","title":{"rendered":"Basket. Le SLUC Nancy ira \u00e0 Saint-Quentin pour son entr\u00e9e en lice en Coupe de France"},"content":{"rendered":"<p>St-Quentin &#8211; SLUC Nancy<\/p>\n<p>Mardi 7\u00a0octobre, 20h<\/p>\n<p>Ce mardi soir a eu lieu le tirage du 2e\u00a0 tour de la Coupe de France. Un tirage gu\u00e8re favorable pour le SLUC Nancy, <a href=\"https:\/\/www.estrepublicain.fr\/sport\/2025\/09\/16\/sluc-nancy-stephane-gombauld-blesse-au-genou-et-absent-six-semaines\" target=\"_blank\" rel=\"noopener\">qui plus est dans sa situation.<\/a> \u00a0Ce dernier a en effet h\u00e9rit\u00e9 d\u2019un morceau d\u2019entr\u00e9e. Les joueurs de Sylvain Lauti\u00e9 se d\u00e9placeront le 7\u00a0octobre \u00e0 Saint-Quentin pour affronter les joueurs du dor\u00e9navant entra\u00eeneur Philippe Da Silva, pour un duel 100\u00a0% Betclic \u00c9lite. Un voyage en Picardie qu\u2019ils devront g\u00e9rer apr\u00e8s un match \u00e0 domicile face \u00e0 Bourg-en-Bresse (le 4\u00a0octobre) et avant un long voyage le samedi 11\u00a0octobre chez le promu boulazacois.<\/p>\n<p>Mais en attendant, le staff nanc\u00e9ien a une t\u00e2che prioritaire \u00e0 remplir, celle de trouver un renfort au poste de pivot, apr\u00e8s la confirmation de l\u2019absence de St\u00e9phane Gombault pour au moins six semaines.<\/p>\n","protected":false},"excerpt":{"rendered":"St-Quentin &#8211; SLUC Nancy Mardi 7\u00a0octobre, 20h Ce mardi soir a eu lieu le tirage du 2e\u00a0 tour&hellip;\n","protected":false},"author":2,"featured_media":397229,"comment_status":"","ping_status":"","sticky":false,"template":"","format":"standard","meta":{"footnotes":""},"categories":[9635],"tags":[1111,11,1791,1704,1777,674,107,1701,1011,27,775,1702,1703,12,25,11567,517,1700],"class_list":{"0":"post-397228","1":"post","2":"type-post","3":"status-publish","4":"format-standard","5":"has-post-thumbnail","7":"category-nancy","8":"tag-actu","9":"tag-actualites","10":"tag-basket-ball","11":"tag-edition-nancy-et-agglomeration","12":"tag-eu","13":"tag-europe","14":"tag-fil-info","15":"tag-fil-info-sport","16":"tag-fr","17":"tag-france","18":"tag-grand-est","19":"tag-nancy","20":"tag-nancy-ville-54b","21":"tag-news","22":"tag-republique-francaise","23":"tag-sluc","24":"tag-sport","25":"tag-sport-lorrain"},"share_on_mastodon":{"url":"https:\/\/pubeurope.com\/@fr\/115219130244483168","error":""},"_links":{"self":[{"href":"https:\/\/www.europesays.com\/fr\/wp-json\/wp\/v2\/posts\/397228","targetHints":{"allow":["GET"]}}],"collection":[{"href":"https:\/\/www.europesays.com\/fr\/wp-json\/wp\/v2\/posts"}],"about":[{"href":"https:\/\/www.europesays.com\/fr\/wp-json\/wp\/v2\/types\/post"}],"author":[{"embeddable":true,"href":"https:\/\/www.europesays.com\/fr\/wp-json\/wp\/v2\/users\/2"}],"replies":[{"embeddable":true,"href":"https:\/\/www.europesays.com\/fr\/wp-json\/wp\/v2\/comments?post=397228"}],"version-history":[{"count":0,"href":"https:\/\/www.europesays.com\/fr\/wp-json\/wp\/v2\/posts\/397228\/revisions"}],"wp:featuredmedia":[{"embeddable":true,"href":"https:\/\/www.europesays.com\/fr\/wp-json\/wp\/v2\/media\/397229"}],"wp:attachment":[{"href":"https:\/\/www.europesays.com\/fr\/wp-json\/wp\/v2\/media?parent=397228"}],"wp:term":[{"taxonomy":"category","embeddable":true,"href":"https:\/\/www.europesays.com\/fr\/wp-json\/wp\/v2\/categories?post=397228"},{"taxonomy":"post_tag","embeddable":true,"href":"https:\/\/www.europesays.com\/fr\/wp-json\/wp\/v2\/tags?post=397228"}],"curies":[{"name":"wp","href":"https:\/\/api.w.org\/{rel}","templated":true}]}}