{"id":397272,"date":"2025-09-17T10:41:11","date_gmt":"2025-09-17T10:41:11","guid":{"rendered":"https:\/\/www.europesays.com\/fr\/397272\/"},"modified":"2025-09-17T10:41:11","modified_gmt":"2025-09-17T10:41:11","slug":"devenez-explorateurs-de-lair-actualites","status":"publish","type":"post","link":"https:\/\/www.europesays.com\/fr\/397272\/","title":{"rendered":"Devenez explorateurs de l&rsquo;air \/ Actualit\u00e9s"},"content":{"rendered":"<p>Atmo recherche 50 familles poue participer \u00e0 une aventure autour de l&rsquo;exploration de la qualit\u00e9 de l&rsquo;air de leur quotidien.<\/p>\n<p>            <img loading=\"lazy\" decoding=\"async\" src=\"\/var\/www\/storage\/images\/mediatheque\/mairie-de-lille\/actualites\/images\/2025\/septembre-2025\/mesure-qualite-air-illu\/3852772-1-fre-FR\/Mesure-qualite-air-illu_news_image_top.png\" width=\"777\" height=\"518\" alt=\"\"\/><br \/>\n    \tMesure de la qualit\u00e9 de l&rsquo;air (photo d&rsquo;illustration)<\/p>\n<p>(source : <a href=\"https:\/\/www.atmo-hdf.fr\/actualite\/en-famille-devenez-explorateurs-de-lair-avec-laero-aventure\" target=\"_self\" class=\"lien_interne\" rel=\"noopener\">site d&rsquo;Atmo<\/a>, votre observatoire de la qualit\u00e9 de l&rsquo;air en Hauts-de-France)<\/p>\n<p>L&rsquo;A\u00e9ro Aventure est de retour : une mission ludique et \u00e9cologique pour vos enfants !\u00a0Elle s\u2019adresse aux\u00a0familles avec enfant(s) de 6 \u00e0 12 ans r\u00e9sidant des Hauts-de-France\u00a0souhaitant mieux conna\u00eetre\u00a0l\u2019air qui les entoure tout en s\u2019amusant !\u00a0\u00a0<\/p>\n<p>Et si vous participiez en famille \u00e0 une grande aventure de l\u2019air ?\u00a0Faites partie des 50 familles r\u00e9sidant sur le territoire des Hauts-de-France s\u00e9lectionn\u00e9es !\u00a0Proposez votre candidature gr\u00e2ce au <strong>formulaire<\/strong> ci-dessous <strong>avant le 10 octobre 2025<\/strong>.<\/p>\n<p>&gt; <a href=\"https:\/\/forms.office.com\/pages\/responsepage.aspx?id=NhjDACNICUCyLUvNnH-Ag2PPaSm4jX9GsJcufiatzElUNk1CN1E0OFVQQVpFRlpDWVZOU1QxM1RFNi4u&amp;route=shorturl\" target=\"_self\" class=\"lien_interne\" rel=\"noopener\">Comment postuler<\/a><\/p>\n<p>Pendant 4 mois (de novembre 2025 \u00e0 f\u00e9vrier 2026), 50 familles des Hauts-de-France se lanceront dans cette mission originale :\u00a0explorer la qualit\u00e9 de l\u2019air de leur quotidien.<\/p>\n<p>Gr\u00e2ce \u00e0 un petit capteur appel\u00e9 Capto, vous mesurerez la qualit\u00e9 de l\u2019air autour de chez vous, \u00e0 l\u2019\u00e9cole, dans vos lieux de vie\u2026 et vous participerez \u00e0\u00a0une exp\u00e9rience \u00e0 la fois ludique, \u00e9ducative et citoyenne.<\/p>\n<p>Vous serez guid\u00e9s pour chaque mission et\u00a01 \u00e0 2 heures par semaine\u00a0vous suffiront pour d\u00e9couvrir l&rsquo;air sous ses diff\u00e9rentes facettes.<\/p>\n<p>Objectifs :\u00a0<\/p>\n<ul class=\"listPuce\">\n<li>Sensibiliser petits et grands aux enjeux de la qualit\u00e9 de l\u2019air.<\/li>\n<li>D\u00e9couvrir les sources de pollution et leurs impacts.<\/li>\n<li>Adopter ensemble de nouveaux comportements plus responsables.<\/li>\n<\/ul>\n","protected":false},"excerpt":{"rendered":"Atmo recherche 50 familles poue participer \u00e0 une aventure autour de l&rsquo;exploration de la qualit\u00e9 de l&rsquo;air de&hellip;\n","protected":false},"author":2,"featured_media":397273,"comment_status":"","ping_status":"","sticky":false,"template":"","format":"standard","meta":{"footnotes":""},"categories":[2815],"tags":[1111,11,4763,1777,674,1011,27,811,1307,5415,12,25],"class_list":{"0":"post-397272","1":"post","2":"type-post","3":"status-publish","4":"format-standard","5":"has-post-thumbnail","7":"category-lille","8":"tag-actu","9":"tag-actualites","10":"tag-agenda","11":"tag-eu","12":"tag-europe","13":"tag-fr","14":"tag-france","15":"tag-hauts-de-france","16":"tag-lille","17":"tag-mairie","18":"tag-news","19":"tag-republique-francaise"},"share_on_mastodon":{"url":"https:\/\/pubeurope.com\/@fr\/115219221129789715","error":""},"_links":{"self":[{"href":"https:\/\/www.europesays.com\/fr\/wp-json\/wp\/v2\/posts\/397272","targetHints":{"allow":["GET"]}}],"collection":[{"href":"https:\/\/www.europesays.com\/fr\/wp-json\/wp\/v2\/posts"}],"about":[{"href":"https:\/\/www.europesays.com\/fr\/wp-json\/wp\/v2\/types\/post"}],"author":[{"embeddable":true,"href":"https:\/\/www.europesays.com\/fr\/wp-json\/wp\/v2\/users\/2"}],"replies":[{"embeddable":true,"href":"https:\/\/www.europesays.com\/fr\/wp-json\/wp\/v2\/comments?post=397272"}],"version-history":[{"count":0,"href":"https:\/\/www.europesays.com\/fr\/wp-json\/wp\/v2\/posts\/397272\/revisions"}],"wp:featuredmedia":[{"embeddable":true,"href":"https:\/\/www.europesays.com\/fr\/wp-json\/wp\/v2\/media\/397273"}],"wp:attachment":[{"href":"https:\/\/www.europesays.com\/fr\/wp-json\/wp\/v2\/media?parent=397272"}],"wp:term":[{"taxonomy":"category","embeddable":true,"href":"https:\/\/www.europesays.com\/fr\/wp-json\/wp\/v2\/categories?post=397272"},{"taxonomy":"post_tag","embeddable":true,"href":"https:\/\/www.europesays.com\/fr\/wp-json\/wp\/v2\/tags?post=397272"}],"curies":[{"name":"wp","href":"https:\/\/api.w.org\/{rel}","templated":true}]}}