{"id":397304,"date":"2025-09-17T10:58:21","date_gmt":"2025-09-17T10:58:21","guid":{"rendered":"https:\/\/www.europesays.com\/fr\/397304\/"},"modified":"2025-09-17T10:58:21","modified_gmt":"2025-09-17T10:58:21","slug":"tyler-robinson-le-suspect-du-meurtre-de-charlie-kirk-a-t-il-avoue-le-crime","status":"publish","type":"post","link":"https:\/\/www.europesays.com\/fr\/397304\/","title":{"rendered":"Tyler Robinson, le suspect du meurtre de Charlie Kirk, a-t-il avou\u00e9 le crime ?"},"content":{"rendered":"<p class=\"article-p mdl\">L&rsquo;ennemi num\u00e9ro 1 aux \u00c9tats-Unis. Tyler Robinson, le meurtrier pr\u00e9sum\u00e9 de l&rsquo;influenceur ultraconservateur am\u00e9ricain Charlie Kirk, a comparu, mardi 16 septembre, pour la premi\u00e8re fois, quelques heures apr\u00e8s avoir \u00e9t\u00e9\u00a0<a class=\"link\" href=\"https:\/\/www.rtl.fr\/actu\/international\/mort-de-charlie-kirk-tyler-robinson-inculpe-pour-assassinat-le-procureur-va-demander-la-peine-de-mort-7900542176\" title=\"Mort de Charlie Kirk : Tyler Robinson inculp\u00e9 pour assassinat, le procureur va demander la peine de mort\" target=\"_blank\" rel=\"noopener\">formellement inculp\u00e9 par les autorit\u00e9s de l&rsquo;Utah, qui ont requis la peine capitale contre lui<\/a>.\u00a0<\/p>\n<p class=\"article-p mdl\">Tyler Robinson, 22 ans, en combinaison verte anti-suicide, portant une barbe de quelques jours, a bri\u00e8vement comparu devant le juge Tony Graf qui lui a lu les chefs d&rsquo;accusation retenus contre lui et a fix\u00e9 la prochaine audience au 29 septembre. L&rsquo;accus\u00e9, dont le mobile pr\u00e9cis demeurait jusque-l\u00e0 myst\u00e9rieux, a justifi\u00e9 son acte aupr\u00e8s de ses proches par la \u00ab\u00a0haine\u00a0\u00bb v\u00e9hicul\u00e9e selon lui par Charlie Kirk, a soulign\u00e9 le procureur du comt\u00e9 de l&rsquo;Utah, Jeffrey Gray, lors d&rsquo;une conf\u00e9rence de presse.<\/p>\n<p class=\"article-p mdl\">Selon\u00a0<a class=\"link\" href=\"https:\/\/www.nbcnews.com\/news\/us-news\/tyler-robinson-text-messages-roommate-charlie-kirk-shooting-suspect-rcna231732\" target=\"_blank\" rel=\"noopener\">NBC News<\/a>, l&rsquo;assassin pr\u00e9sum\u00e9 de Charlie Kirk aurait reconnu avoir tu\u00e9 l&rsquo;influenceur d&rsquo;extr\u00eame droite, dans un \u00e9change par SMS avec sa colocataire. Selon le procureur, Jeffrey Gray, l&rsquo;accus\u00e9 entretenait une relation amoureuse avec un colocataire, une personne \u00ab\u00a0biologiquement masculine qui \u00e9tait en train de changer de genre\u00a0\u00bb.<\/p>\n<p>            \u00ab\u00a0Il y a une haine avec laquelle on ne peut pas faire de compromis\u00a0\u00bb<\/p>\n<p class=\"article-p mdl\">\u00ab\u00a0J&rsquo;esp\u00e9rais garder \u00e7a secret jusqu&rsquo;\u00e0 ce que je meure de vieillesse\u00a0\u00bb, a-t-il \u00e9crit selon le document r\u00e9v\u00e9l\u00e9 par le m\u00e9dia am\u00e9ricain. Avant d&rsquo;ajouter : \u00ab\u00a0Je suis d\u00e9sol\u00e9 de t&rsquo;impliquer\u00a0\u00bb. Lorsque la personne qui vivait avec l&rsquo;assassin pr\u00e9sum\u00e9, lui a demand\u00e9 : \u00ab\u00a0Pourquoi ?\u00a0\u00bb, la r\u00e9ponse de Tyler Robinson a \u00e9t\u00e9 sans \u00e9quivoque. \u00ab\u00a0J&rsquo;en avais assez de sa haine. Il y a une haine avec laquelle on ne peut pas faire de compromis\u00a0\u00bb, a-t-il \u00e9crit par message.<\/p>\n<p class=\"article-p mdl\"><a class=\"link\" href=\"https:\/\/www.rtl.fr\/actu\/international\/etats-unis-donald-trump-annonce-la-mort-charlie-kirk-tue-par-balles-7900539940\" title=\"Donald Trump annonce la mort Charlie Kirk, fid\u00e8le alli\u00e9 du pr\u00e9sident, tu\u00e9 par balle\" target=\"_blank\" rel=\"noopener\">Charlie Kirk a \u00e9t\u00e9 assassin\u00e9 le 10 septembre d&rsquo;une balle dans le cou<\/a>\u00a0alors qu&rsquo;il animait un d\u00e9bat sur un campus universitaire dans l&rsquo;Utah, dans l&rsquo;ouest du pays, un drame qui a raviv\u00e9 les profondes fractures politiques am\u00e9ricaines. \u00ab\u00a0Ce type diffuse trop de haine\u00a0\u00bb, a dit \u00e0 ses parents Tyler Robinson pour expliquer son geste.<\/p>\n<p>            La peine de mort requise \u00e0 son encontre<\/p>\n<p class=\"article-p mdl\">Issu d&rsquo;une famille conservatrice, Tyler Robinson s&rsquo;\u00e9tait politis\u00e9 depuis un an en se rapprochant de positions plus \u00e0 gauche, favorables aux droits des personnes LGBTQ+, selon sa m\u00e8re, cit\u00e9e par le procureur Jeffrey Gray.\u00a0<\/p>\n<p class=\"article-p mdl\">La peine de mort \u00e9tant requise \u00e0 son encontre, Tyler Robinson restera en d\u00e9tention sans possibilit\u00e9 de lib\u00e9ration sous caution, a pr\u00e9cis\u00e9 Jeffrey Gray. Tyler Robinson est vis\u00e9 par sept chefs d&rsquo;accusation, dont celui d&rsquo;assassinat, \u00ab\u00a0pour avoir intentionnellement ou sciemment caus\u00e9 la mort de Charlie Kirk dans des circonstances qui ont entra\u00een\u00e9 un grand risque de mort pour d&rsquo;autres personnes\u00a0\u00bb, a-t-il pr\u00e9cis\u00e9.\u00a0<\/p>\n<p class=\"article-p mdl\">Les deux principaux chefs d&rsquo;accusation sont assortis de <strong>circonstances aggravantes<\/strong> \u00ab\u00a0parce que l&rsquo;accus\u00e9 est pr\u00e9sum\u00e9 avoir pris pour cible Charlie Kirk en raison de son expression politique et en sachant que des enfants \u00e9taient pr\u00e9sents et assisteraient \u00e0 l&rsquo;homicide\u00a0\u00bb, a-t-il ajout\u00e9.<\/p>\n<p>    La r\u00e9daction vous recommande<\/p>\n<p class=\"s-newsletter__title\">\n                L\u2019actualit\u00e9 par la r\u00e9daction de RTL dans votre bo\u00eete mail.\n            <\/p>\n<p class=\"s-newsletter__subtitle\">\n                Gr\u00e2ce \u00e0 votre compte RTL abonnez-vous \u00e0 la newsletter RTL info pour suivre toute l&rsquo;actualit\u00e9 au quotidien\n            <\/p>\n<p>\n                                    Lire la suite\n                                <\/p>\n","protected":false},"excerpt":{"rendered":"L&rsquo;ennemi num\u00e9ro 1 aux \u00c9tats-Unis. Tyler Robinson, le meurtrier pr\u00e9sum\u00e9 de l&rsquo;influenceur ultraconservateur am\u00e9ricain Charlie Kirk, a comparu,&hellip;\n","protected":false},"author":2,"featured_media":397305,"comment_status":"","ping_status":"","sticky":false,"template":"","format":"standard","meta":{"footnotes":""},"categories":[1586],"tags":[11,6744,73,1777,674,1779,107,1011,27,12,25,1778,364],"class_list":{"0":"post-397304","1":"post","2":"type-post","3":"status-publish","4":"format-standard","5":"has-post-thumbnail","7":"category-europe","8":"tag-actualites","9":"tag-assassinat","10":"tag-etats-unis","11":"tag-eu","12":"tag-europe","13":"tag-european-union","14":"tag-fil-info","15":"tag-fr","16":"tag-france","17":"tag-news","18":"tag-republique-francaise","19":"tag-ue","20":"tag-union-europeenne"},"share_on_mastodon":{"url":"https:\/\/pubeurope.com\/@fr\/115219287594726104","error":""},"_links":{"self":[{"href":"https:\/\/www.europesays.com\/fr\/wp-json\/wp\/v2\/posts\/397304","targetHints":{"allow":["GET"]}}],"collection":[{"href":"https:\/\/www.europesays.com\/fr\/wp-json\/wp\/v2\/posts"}],"about":[{"href":"https:\/\/www.europesays.com\/fr\/wp-json\/wp\/v2\/types\/post"}],"author":[{"embeddable":true,"href":"https:\/\/www.europesays.com\/fr\/wp-json\/wp\/v2\/users\/2"}],"replies":[{"embeddable":true,"href":"https:\/\/www.europesays.com\/fr\/wp-json\/wp\/v2\/comments?post=397304"}],"version-history":[{"count":0,"href":"https:\/\/www.europesays.com\/fr\/wp-json\/wp\/v2\/posts\/397304\/revisions"}],"wp:featuredmedia":[{"embeddable":true,"href":"https:\/\/www.europesays.com\/fr\/wp-json\/wp\/v2\/media\/397305"}],"wp:attachment":[{"href":"https:\/\/www.europesays.com\/fr\/wp-json\/wp\/v2\/media?parent=397304"}],"wp:term":[{"taxonomy":"category","embeddable":true,"href":"https:\/\/www.europesays.com\/fr\/wp-json\/wp\/v2\/categories?post=397304"},{"taxonomy":"post_tag","embeddable":true,"href":"https:\/\/www.europesays.com\/fr\/wp-json\/wp\/v2\/tags?post=397304"}],"curies":[{"name":"wp","href":"https:\/\/api.w.org\/{rel}","templated":true}]}}