{"id":397318,"date":"2025-09-17T11:09:10","date_gmt":"2025-09-17T11:09:10","guid":{"rendered":"https:\/\/www.europesays.com\/fr\/397318\/"},"modified":"2025-09-17T11:09:10","modified_gmt":"2025-09-17T11:09:10","slug":"la-detention-provisoire-du-cycliste-francais-sofiane-sehili-etendue-jusquau-4-octobre","status":"publish","type":"post","link":"https:\/\/www.europesays.com\/fr\/397318\/","title":{"rendered":"la d\u00e9tention provisoire du cycliste fran\u00e7ais Sofiane Sehili \u00e9tendue jusqu\u2019au 4 octobre"},"content":{"rendered":"<p>Le cycliste fran\u00e7ais arr\u00eat\u00e9 d\u00e9but septembre, restera en d\u00e9tention provisoire jusqu\u2019au 4 octobre. Les autorit\u00e9s n\u2019ont pas pr\u00e9cis\u00e9 les motifs exacts de son arrestation, mais il serait accus\u00e9 d\u2019avoir franchi ill\u00e9galement la fronti\u00e8re russe.<\/p>\n<p class=\"fig-paragraph\">La d\u00e9tention provisoire du cycliste fran\u00e7ais\u00a0<a href=\"http:\/\/www.lefigaro.fr\/sports\/cyclisme\/le-flou-persiste-autour-du-cycliste-francais-sofiane-sehili-qui-serait-place-en-detention-provisoire-en-russie-20250907\" data-fig-type=\"NewsFlash\" data-gtm-custom-categorie=\"navigation\" data-gtm-custom-action=\"crossclick\" data-gtm-custom-label=\"Contextuel\" data-gtm-event=\"customEventSPE\" data-fig-domain=\"LEFIGARO\" target=\"_blank\" rel=\"noopener\">Sofiane Sehili<\/a>, arr\u00eat\u00e9 d\u00e9but septembre en\u00a0<a href=\"http:\/\/www.lefigaro.fr\/international\/la-lituanie-va-former-des-enfants-au-pilotage-de-drones-le-long-de-sa-frontiere-orientale-avec-la-russie-20250916\" data-fig-type=\"NewsFlash\" data-gtm-custom-categorie=\"navigation\" data-gtm-custom-action=\"crossclick\" data-gtm-custom-label=\"Contextuel\" data-gtm-event=\"customEventSPE\" data-fig-domain=\"LEFIGARO\" target=\"_blank\" rel=\"noopener\">Russie<\/a>, a \u00e9t\u00e9 prolong\u00e9e jusqu&rsquo;au 4 octobre, a annonc\u00e9 mercredi l&rsquo;agence d&rsquo;\u00c9tat Ria Novosti en citant un tribunal de l&rsquo;Extr\u00eame-Orient russe.<\/p>\n<p class=\"fig-paragraph\">\u00abLe tribunal de district d&rsquo;Oussouri\u00efsk, dans la r\u00e9gion du Primori\u00e9, a rendu le 6 septembre une d\u00e9cision imposant une mesure pr\u00e9ventive sous forme de d\u00e9tention provisoire (concernant Sofiane Sehili, NDLR) jusqu&rsquo;au 4 octobre\u00bb, a d\u00e9clar\u00e9 le service de presse de la juridiction \u00e0 Ria Novosti, sans pr\u00e9ciser la raison de son arrestation.<\/p>\n<p>                                    <a class=\"fig-a11y-skip a11y-hidden\" href=\"#fig-a11y-skip-main-inarticle\"><br \/>\n        Passer la publicit\u00e9<br \/>\n    <\/a><\/p>\n<p class=\"fig-paragraph\">Des sources diplomatiques fran\u00e7aises avaient confirm\u00e9 \u00e0 l\u2019AFP l\u2019arrestation et le placement en d\u00e9tention provisoire d\u2019un Fran\u00e7ais dans cette r\u00e9gion. Mais elles n\u2019avaient confirm\u00e9 ni son identit\u00e9 ni la date ou les circonstances de l\u2019arrestation.<\/p>\n<p>Accus\u00e9 d\u2019\u00eatre entr\u00e9 ill\u00e9galement en Russie<\/p>\n<p class=\"fig-paragraph\">Selon Le Monde, ce cycliste d&rsquo;endurance est accus\u00e9 d&rsquo;avoir franchi ill\u00e9galement la fronti\u00e8re russe en tentant de battre un record du monde de la travers\u00e9e eurasienne \u00e0 v\u00e9lo. Son parcours reliait Lisbonne \u00e0 Vladivostok, en Extr\u00eame-Orient russe.<\/p>\n<p class=\"fig-paragraph\">Parti de la capitale portugaise le 1er juillet, le Fran\u00e7ais avait affirm\u00e9 le 2 septembre sur son compte Instagram, selon le quotidien sportif L\u2019\u00c9quipe, qu\u2019il \u00e9tait bloqu\u00e9 \u00e0 la fronti\u00e8re sino-russe apr\u00e8s avoir tent\u00e9 de p\u00e9n\u00e9trer \u00e0 deux reprises sur le territoire russe.<\/p>\n<p class=\"fig-paragraph\">Ancien documentaliste au magazine culturel T\u00e9l\u00e9rama, Sofiane Sehili s\u2019est sp\u00e9cialis\u00e9 dans l\u2019ultracyclisme, fait d\u2019\u00e9preuves longues de plusieurs centaines ou milliers de kilom\u00e8tres. Sur son site internet, il dit avoir remport\u00e9 11 des plus de 25 courses auxquelles il a particip\u00e9 depuis 2016. En 2017, il a notamment reli\u00e9 Paris \u00e0 Ta\u00efwan (16.000 km) en trois mois.<\/p>\n<p class=\"fig-paragraph\">Plusieurs ressortissants occidentaux ont \u00e9t\u00e9 arr\u00eat\u00e9s en Russie depuis le d\u00e9but de l\u2019offensive \u00e0 grande \u00e9chelle en Ukraine en 2022.<\/p>\n","protected":false},"excerpt":{"rendered":"Le cycliste fran\u00e7ais arr\u00eat\u00e9 d\u00e9but septembre, restera en d\u00e9tention provisoire jusqu\u2019au 4 octobre. Les autorit\u00e9s n\u2019ont pas pr\u00e9cis\u00e9&hellip;\n","protected":false},"author":2,"featured_media":397319,"comment_status":"","ping_status":"","sticky":false,"template":"","format":"standard","meta":{"footnotes":""},"categories":[1411],"tags":[1154,207,1011,27,806,132,60],"class_list":{"0":"post-397318","1":"post","2":"type-post","3":"status-publish","4":"format-standard","5":"has-post-thumbnail","7":"category-cyclisme","8":"tag-cycling","9":"tag-cyclisme","10":"tag-fr","11":"tag-france","12":"tag-prison","13":"tag-russie","14":"tag-sports"},"share_on_mastodon":{"url":"https:\/\/pubeurope.com\/@fr\/115219330832665444","error":""},"_links":{"self":[{"href":"https:\/\/www.europesays.com\/fr\/wp-json\/wp\/v2\/posts\/397318","targetHints":{"allow":["GET"]}}],"collection":[{"href":"https:\/\/www.europesays.com\/fr\/wp-json\/wp\/v2\/posts"}],"about":[{"href":"https:\/\/www.europesays.com\/fr\/wp-json\/wp\/v2\/types\/post"}],"author":[{"embeddable":true,"href":"https:\/\/www.europesays.com\/fr\/wp-json\/wp\/v2\/users\/2"}],"replies":[{"embeddable":true,"href":"https:\/\/www.europesays.com\/fr\/wp-json\/wp\/v2\/comments?post=397318"}],"version-history":[{"count":0,"href":"https:\/\/www.europesays.com\/fr\/wp-json\/wp\/v2\/posts\/397318\/revisions"}],"wp:featuredmedia":[{"embeddable":true,"href":"https:\/\/www.europesays.com\/fr\/wp-json\/wp\/v2\/media\/397319"}],"wp:attachment":[{"href":"https:\/\/www.europesays.com\/fr\/wp-json\/wp\/v2\/media?parent=397318"}],"wp:term":[{"taxonomy":"category","embeddable":true,"href":"https:\/\/www.europesays.com\/fr\/wp-json\/wp\/v2\/categories?post=397318"},{"taxonomy":"post_tag","embeddable":true,"href":"https:\/\/www.europesays.com\/fr\/wp-json\/wp\/v2\/tags?post=397318"}],"curies":[{"name":"wp","href":"https:\/\/api.w.org\/{rel}","templated":true}]}}