{"id":397343,"date":"2025-09-17T11:22:12","date_gmt":"2025-09-17T11:22:12","guid":{"rendered":"https:\/\/www.europesays.com\/fr\/397343\/"},"modified":"2025-09-17T11:22:12","modified_gmt":"2025-09-17T11:22:12","slug":"donald-trump-sen-prend-a-des-magistrats-apres-lassassinat-de-charlie-kirk","status":"publish","type":"post","link":"https:\/\/www.europesays.com\/fr\/397343\/","title":{"rendered":"Donald Trump s\u2019en prend \u00e0 des magistrats apr\u00e8s l\u2019assassinat de Charlie Kirk"},"content":{"rendered":"<p>Dans le viseur du locataire de la Maison-Blanche, sur son r\u00e9seau Truth, se trouvent deux de ses cibles privil\u00e9gi\u00e9es\u00a0: l\u2019ex-procureur sp\u00e9cial Jack Smith, et le juge Juan Merchan qui avait pr\u00e9sid\u00e9 son proc\u00e8s pour des paiements cach\u00e9s \u00e0 une star du X.<\/p>\n<p class=\"fig-paragraph\">Le pr\u00e9sident am\u00e9ricain<a href=\"https:\/\/video.lefigaro.fr\/figaro\/la-procureure-maurene-comey-bete-noire-de-donald-trump-porte-plainte-apres-avoir-ete-renvoye-du-parquet-de-manhattan-20250917\" data-fig-type=\"Video\" data-gtm-custom-categorie=\"navigation\" data-gtm-custom-action=\"crossclick\" data-gtm-custom-label=\"Contextuel\" data-gtm-event=\"customEventSPE\" data-fig-domain=\"LEFIGARO\" target=\"_blank\" rel=\"noopener\">\u00a0Donald Trump<\/a>\u00a0a de nouveau stigmatis\u00e9 mercredi des magistrats qui l&rsquo;avaient poursuivi et jug\u00e9 durant le mandat de Joe Biden, prenant pr\u00e9texte du r\u00e9cent assassinat de l&rsquo;influenceur ultraconservateur\u00a0<a href=\"http:\/\/www.lefigaro.fr\/international\/c-etait-moi-des-aveux-du-meurtrier-de-charlie-kirk-retrouves-sur-la-messagerie-discord-20250916\" data-fig-type=\"NewsFlash\" data-gtm-custom-categorie=\"navigation\" data-gtm-custom-action=\"crossclick\" data-gtm-custom-label=\"Contextuel\" data-gtm-event=\"customEventSPE\" data-fig-domain=\"LEFIGARO\" target=\"_blank\" rel=\"noopener\">Charlie Kirk<\/a>. Dans le viseur du locataire de la Maison Blanche, sur son r\u00e9seau Truth, se trouvent deux de ses cibles privil\u00e9gi\u00e9es\u00a0: l&rsquo;ex-procureur sp\u00e9cial Jack Smith, et le juge Juan Merchan qui avait pr\u00e9sid\u00e9 son proc\u00e8s pour\u00a0<a href=\"https:\/\/video.lefigaro.fr\/figaro\/international\/scenes-de-liesse-bashar-compilation-5-20250110\" data-fig-type=\"Video\" data-gtm-custom-categorie=\"navigation\" data-gtm-custom-action=\"crossclick\" data-gtm-custom-label=\"Contextuel\" data-gtm-event=\"customEventSPE\" data-fig-domain=\"LEFIGARO\" target=\"_blank\" rel=\"noopener\">des paiements cach\u00e9s \u00e0 une star du X.<\/a><\/p>\n<p class=\"fig-paragraph\">Donald Trump reproche \u00e0\u00a0<a href=\"http:\/\/www.lefigaro.fr\/international\/la-derniere-fleche-du-procureur-jack-smith-avant-d-abandonner-les-charges-contre-donald-trump-20250114\" data-fig-type=\"Article\" data-gtm-custom-categorie=\"navigation\" data-gtm-custom-action=\"crossclick\" data-gtm-custom-label=\"Contextuel\" data-gtm-event=\"customEventSPE\" data-fig-domain=\"LEFIGARO\" target=\"_blank\" rel=\"noopener\">Jack Smith<\/a>\u00a0d&rsquo;avoir ouvert il y a quelques ann\u00e9es une enqu\u00eate sur Turning Point, le mouvement cr\u00e9\u00e9 par l&rsquo;influenceur ultraconservateur am\u00e9ricain Charlie Kirk, assassin\u00e9 le 10 septembre. \u00abPourquoi le merveilleux Turning Point a-t-il \u00e9t\u00e9 mis sous ENQU\u00caTE par le \u00abD\u00e9rang\u00e9\u00bb Jack Smith et l&rsquo;administration Biden Corrompue et Incomp\u00e9tente\u00a0?\u00bb, s&rsquo;interroge Donald Trump dans un message.<\/p>\n<p>                                    <a class=\"fig-a11y-skip a11y-hidden\" href=\"#fig-a11y-skip-main-inarticle\"><br \/>\n        Passer la publicit\u00e9<br \/>\n    <\/a><\/p>\n<p class=\"fig-paragraph\">\u00abIls ont essay\u00e9 de forcer Charlie, ainsi que de nombreuses autres personnes et mouvements, \u00e0 cesser leurs activit\u00e9s. Ils ont instrumentalis\u00e9 le minist\u00e8re de la Justice contre les opposants politiques de Joe Biden, y compris MOI!\u00bb, s&rsquo;offusque-t-il encore. Jack Smith, lui-m\u00eame vis\u00e9 par une enqu\u00eate administrative depuis le retour au pouvoir de Donald Trump, avait \u00e9t\u00e9 nomm\u00e9 procureur sp\u00e9cial en 2022. Il avait lanc\u00e9 des poursuites f\u00e9d\u00e9rales contre Donald Trump, pour tentatives ill\u00e9gales d&rsquo;inverser les r\u00e9sultats de l&rsquo;\u00e9lection de 2020 et r\u00e9tention de documents classifi\u00e9s apr\u00e8s son d\u00e9part de la Maison Blanche.<\/p>\n<p>\u00abLa gauche radicale a caus\u00e9 des d\u00e9g\u00e2ts \u00e9normes au pays\u00bb<\/p>\n<p class=\"fig-paragraph\">Les poursuites avaient \u00e9t\u00e9 abandonn\u00e9es apr\u00e8s la r\u00e9\u00e9lection de Trump, en vertu de la tradition consistant \u00e0 ne pas poursuivre un pr\u00e9sident en exercice. Jack Smith avait ensuite d\u00e9missionn\u00e9 du minist\u00e8re de la Justice. Sans jamais le citer nomm\u00e9ment, le pr\u00e9sident Trump s&rsquo;en prend \u00e9galement dans un message mercredi \u00e0 Juan Merchan, qui a pr\u00e9sid\u00e9 le proc\u00e8s Stormy Daniels. Le pr\u00e9sident avait \u00e9t\u00e9 reconnu coupable de 34 chefs d&rsquo;accusation, pour des paiements cach\u00e9s de 130.000 dollars \u00e0 l&rsquo;ex-star du X. D<\/p>\n<p class=\"fig-paragraph\">Donald Trump exprime le souhait que le juge \u00abcorrompu\u00bb paie \u00abun jour un prix tr\u00e8s \u00e9lev\u00e9 pour ses actions ill\u00e9gales\u00bb. Depuis l&rsquo;assassinat de Charlie Kirk, le camp r\u00e9publicain redouble de v\u00e9h\u00e9mence contre les d\u00e9mocrates et organisations progressistes, accus\u00e9s de promouvoir la violence politique. \u00abLa gauche radicale a caus\u00e9 des d\u00e9g\u00e2ts \u00e9normes au pays\u00bb, a affirm\u00e9 le pr\u00e9sident r\u00e9publicain mardi, avant son d\u00e9part au Royaume-Uni. \u00abMais nous y rem\u00e9dions\u00bb.<\/p>\n","protected":false},"excerpt":{"rendered":"Dans le viseur du locataire de la Maison-Blanche, sur son r\u00e9seau Truth, se trouvent deux de ses cibles&hellip;\n","protected":false},"author":2,"featured_media":397344,"comment_status":"","ping_status":"","sticky":false,"template":"","format":"standard","meta":{"footnotes":""},"categories":[5],"tags":[11,6744,75,1011,27,14,6194,12,28],"class_list":{"0":"post-397343","1":"post","2":"type-post","3":"status-publish","4":"format-standard","5":"has-post-thumbnail","7":"category-international","8":"tag-actualites","9":"tag-assassinat","10":"tag-donald-trump","11":"tag-fr","12":"tag-france","13":"tag-international","14":"tag-magistrats","15":"tag-news","16":"tag-world"},"share_on_mastodon":{"url":"https:\/\/pubeurope.com\/@fr\/115219381990108817","error":""},"_links":{"self":[{"href":"https:\/\/www.europesays.com\/fr\/wp-json\/wp\/v2\/posts\/397343","targetHints":{"allow":["GET"]}}],"collection":[{"href":"https:\/\/www.europesays.com\/fr\/wp-json\/wp\/v2\/posts"}],"about":[{"href":"https:\/\/www.europesays.com\/fr\/wp-json\/wp\/v2\/types\/post"}],"author":[{"embeddable":true,"href":"https:\/\/www.europesays.com\/fr\/wp-json\/wp\/v2\/users\/2"}],"replies":[{"embeddable":true,"href":"https:\/\/www.europesays.com\/fr\/wp-json\/wp\/v2\/comments?post=397343"}],"version-history":[{"count":0,"href":"https:\/\/www.europesays.com\/fr\/wp-json\/wp\/v2\/posts\/397343\/revisions"}],"wp:featuredmedia":[{"embeddable":true,"href":"https:\/\/www.europesays.com\/fr\/wp-json\/wp\/v2\/media\/397344"}],"wp:attachment":[{"href":"https:\/\/www.europesays.com\/fr\/wp-json\/wp\/v2\/media?parent=397343"}],"wp:term":[{"taxonomy":"category","embeddable":true,"href":"https:\/\/www.europesays.com\/fr\/wp-json\/wp\/v2\/categories?post=397343"},{"taxonomy":"post_tag","embeddable":true,"href":"https:\/\/www.europesays.com\/fr\/wp-json\/wp\/v2\/tags?post=397343"}],"curies":[{"name":"wp","href":"https:\/\/api.w.org\/{rel}","templated":true}]}}