{"id":397388,"date":"2025-09-17T11:46:10","date_gmt":"2025-09-17T11:46:10","guid":{"rendered":"https:\/\/www.europesays.com\/fr\/397388\/"},"modified":"2025-09-17T11:46:10","modified_gmt":"2025-09-17T11:46:10","slug":"cette-compagnie-lance-cinq-nouvelles-lignes-pour-la-periode-hivernale","status":"publish","type":"post","link":"https:\/\/www.europesays.com\/fr\/397388\/","title":{"rendered":"cette compagnie lance cinq nouvelles lignes pour la p\u00e9riode hivernale"},"content":{"rendered":"<p>            Par<br \/>\n        <strong><br \/>\n            <a href=\"https:\/\/actu.fr\/auteur\/redaction-bordeaux\" title=\"Consulter tous les articles de R\u00e9daction Bordeaux\" target=\"_blank\" rel=\"noopener\">R\u00e9daction Bordeaux<\/a><br \/>\n        <\/strong><\/p>\n<p>        Publi\u00e9 le<\/p>\n<p>            17 sept. 2025 \u00e0 12h32        <\/p>\n<p><a href=\"https:\/\/actu.fr\/nouvelle-aquitaine\/bordeaux_33063\/bordeaux-avec-40-lignes-easyjet-est-la-premiere-compagnie-de-l-aeroport-et-ne-compte-pas-s-arreter-la_62462437.html\" target=\"_blank\" rel=\"noopener\">Easyjet <\/a>continue de d\u00e9velopper son offre au d\u00e9part de l<a href=\"https:\/\/actu.fr\/tag\/aeroport-de-bordeaux\" target=\"_blank\" rel=\"noopener\">\u2018a\u00e9roport de Bordeaux-M\u00e9rignac<\/a>. Pour la p\u00e9riode hivernale, la compagnie a\u00e9rienne annonce le lancement de<strong> cinq nouvelles destinations.<\/strong><\/p>\n<p class=\" wall-content\">Elles desserviront : <strong>Budapest <\/strong>(Hongrie) \u00e0 partir du 26 octobre, <strong>Prague<\/strong> (R\u00e9publique Tch\u00e8que) \u00e0 partir du 27 octobre, <strong>Bruxelles<\/strong> (Belgique) qui reprend \u00e0 partir du 27 octobre,\u00a0 <strong>Hurghada<\/strong> (\u00c9gypte) \u00e0 partir du 29 octobre et <strong>Vienne<\/strong> (Autriche). Pour la capitale autrichienne, la ligne sera lanc\u00e9e le 27 novembre et sa desserte est prolong\u00e9e jusqu\u2019au 4 janvier 2026. Les vols au d\u00e9part de Bordeaux seront le jeudi et le dimanche. Pour certaines destinations comme Hurghada, Bruxelles ou Prague, <strong>Transavia<\/strong> et <strong>Volotea<\/strong> proposeront \u00e9galement des vols.\u00a0<\/p>\n<p>Des offres renforc\u00e9es<\/p>\n<p class=\" wall-content\">Sur cette p\u00e9riode hivernale, certaines destinations vont voir leur offre \u00eatre renforc\u00e9e. C\u2019est le cas de <strong>Milan Malpensa<\/strong>, avec un vol suppl\u00e9mentaire le lundi. Pour <strong>Rome Fiumcino<\/strong>, il y aura un vol par jour gr\u00e2ce \u00e0 l\u2019ajout d\u2019une liaison le mercredi.<strong> Nice<\/strong>, <strong>Marseille et Lyon<\/strong> aura \u00e9galement un vol suppl\u00e9mentaire. Il sera le samedi pour la pr\u00e9fecture des Alpes-Maritimes, le vendredi pour la cit\u00e9 phoc\u00e9enne et le mardi pour la capitale des Gaules.\u00a0<\/p>\n<p class=\" wall-content\">\u00c9galement, trois lignes vont \u00eatre annualis\u00e9es depuis l\u2019a\u00e9roport de Bordeaux-M\u00e9rignac vers la Grande-Bretagne. Il s\u2019agit : <strong>d\u2019\u00c9dimbourg<\/strong>, <strong>Londres-Luton<\/strong> et <strong>Manchester<\/strong>. Les billets pour ces vols suppl\u00e9mentaires ou prolong\u00e9s sont d\u00e9j\u00e0 disponibles \u00e0 la vente.<\/p>\n<p class=\" wall-content\">Personnalisez votre actualit\u00e9 en ajoutant vos villes et m\u00e9dias en favori avec <a href=\"https:\/\/moncompte.actu.fr\" title=\"D\u00e9couvez Mon Actu\" rel=\"nofollow noopener\" data-trk=\"{&quot;cta&quot;:{&quot;action&quot;:&quot;https:\\\/\\\/moncompte.actu.fr&quot;,&quot;category&quot;:&quot;mon compte&quot;,&quot;from&quot;:&quot;article footer&quot;,&quot;name&quot;:&quot;Mon actu&quot;,&quot;type&quot;:&quot;cta&quot;}}\" target=\"_blank\">Mon Actu<\/a>.<\/p>\n","protected":false},"excerpt":{"rendered":"Par R\u00e9daction Bordeaux Publi\u00e9 le 17 sept. 2025 \u00e0 12h32 Easyjet continue de d\u00e9velopper son offre au d\u00e9part&hellip;\n","protected":false},"author":2,"featured_media":220850,"comment_status":"","ping_status":"","sticky":false,"template":"","format":"standard","meta":{"footnotes":""},"categories":[2817],"tags":[1111,11,7058,1997,12527,1777,674,1011,27,12,2219,25,104],"class_list":{"0":"post-397388","1":"post","2":"type-post","3":"status-publish","4":"format-standard","5":"has-post-thumbnail","7":"category-bordeaux","8":"tag-actu","9":"tag-actualites","10":"tag-aeroport-de-bordeaux","11":"tag-bordeaux","12":"tag-easy-jet","13":"tag-eu","14":"tag-europe","15":"tag-fr","16":"tag-france","17":"tag-news","18":"tag-nouvelle-aquitaine","19":"tag-republique-francaise","20":"tag-societe"},"share_on_mastodon":{"url":"https:\/\/pubeurope.com\/@fr\/115219476248111363","error":""},"_links":{"self":[{"href":"https:\/\/www.europesays.com\/fr\/wp-json\/wp\/v2\/posts\/397388","targetHints":{"allow":["GET"]}}],"collection":[{"href":"https:\/\/www.europesays.com\/fr\/wp-json\/wp\/v2\/posts"}],"about":[{"href":"https:\/\/www.europesays.com\/fr\/wp-json\/wp\/v2\/types\/post"}],"author":[{"embeddable":true,"href":"https:\/\/www.europesays.com\/fr\/wp-json\/wp\/v2\/users\/2"}],"replies":[{"embeddable":true,"href":"https:\/\/www.europesays.com\/fr\/wp-json\/wp\/v2\/comments?post=397388"}],"version-history":[{"count":0,"href":"https:\/\/www.europesays.com\/fr\/wp-json\/wp\/v2\/posts\/397388\/revisions"}],"wp:featuredmedia":[{"embeddable":true,"href":"https:\/\/www.europesays.com\/fr\/wp-json\/wp\/v2\/media\/220850"}],"wp:attachment":[{"href":"https:\/\/www.europesays.com\/fr\/wp-json\/wp\/v2\/media?parent=397388"}],"wp:term":[{"taxonomy":"category","embeddable":true,"href":"https:\/\/www.europesays.com\/fr\/wp-json\/wp\/v2\/categories?post=397388"},{"taxonomy":"post_tag","embeddable":true,"href":"https:\/\/www.europesays.com\/fr\/wp-json\/wp\/v2\/tags?post=397388"}],"curies":[{"name":"wp","href":"https:\/\/api.w.org\/{rel}","templated":true}]}}