{"id":397395,"date":"2025-09-17T11:50:28","date_gmt":"2025-09-17T11:50:28","guid":{"rendered":"https:\/\/www.europesays.com\/fr\/397395\/"},"modified":"2025-09-17T11:50:28","modified_gmt":"2025-09-17T11:50:28","slug":"roubaix-une-grande-marque-francaise-ouvre-sa-boutique-a-mcarthurglen","status":"publish","type":"post","link":"https:\/\/www.europesays.com\/fr\/397395\/","title":{"rendered":"Roubaix. Une grande marque fran\u00e7aise ouvre sa boutique \u00e0 McArthurGlen"},"content":{"rendered":"<p>            Par<br \/>\n        <strong><br \/>\n            <a href=\"https:\/\/actu.fr\/auteur\/hervine-mahaud\" title=\"Consulter tous les articles de Hervine Mahaud\" rel=\"nofollow noopener\" target=\"_blank\">Hervine Mahaud<\/a><br \/>\n        <\/strong><\/p>\n<p>        Publi\u00e9 le<\/p>\n<p>            17 sept. 2025 \u00e0 7h44        <\/p>\n<p>Avec la rentr\u00e9e, <a href=\"https:\/\/actu.fr\/hauts-de-france\/lille_59350\/pop-mart-lesthete-tripletta-voici-25-nouveaux-magasins-boutiques-et-restaurants-qui-ouvrent-a-lille_63149870.html\" rel=\"nofollow noopener\" target=\"_blank\">les nouvelles boutiques se multiplient \u00e0 Lille<\/a>. Mais le reste de la m\u00e9tropole n\u2019est pas en reste. C\u2019est notamment vrai \u00e0 <a href=\"https:\/\/actu.fr\/hauts-de-france\/roubaix_59512\" rel=\"nofollow noopener\" target=\"_blank\">Roubaix<\/a> o\u00f9 <a href=\"https:\/\/actu.fr\/tag\/mcarthurglen\" rel=\"nofollow noopener\" target=\"_blank\">le village de marques McArthurGlen<\/a> vient d\u2019annoncer l\u2019arriv\u00e9e d\u2019une grande maison fran\u00e7aise. N\u00e9e il y a plus de 75 ans, la marque ouvrira une <b>boutique<\/b> fin septembre 2025, enrichissant l\u2019offre propos\u00e9e au sein du <b>centre outlet<\/b>.<\/p>\n<p>Une grande maison fran\u00e7aise fond\u00e9e en 1948<\/p>\n<p class=\" wall-content\">Cette nouvelle enseigne n\u2019est autre que <b>Simone P\u00e9r\u00e8le<\/b>, ic\u00f4ne de la lingerie fran\u00e7aise. Situ\u00e9e entre DIM et Pierre Cardin, la boutique ouvrira ses portes le 24 septembre prochain.<\/p>\n<p class=\" wall-content\">Fond\u00e9e en 1948, la maison habille les femmes avec des cr\u00e9ations qui allient d\u00e9licatesse, confort et \u00e9l\u00e9gance. <b>Dentelles raffin\u00e9es, coupes intemporelles et touches contemporaines<\/b> composent les collections de la marque, pens\u00e9es pour <b>sublimer toutes les silhouettes au quotidien<\/b>.<\/p>\n<p class=\" wall-content\">La force de la Maison est de proposer <b>des dessous qui flattent chaque morphologie<\/b>. \u00ab\u00a0Les coupes bien ajust\u00e9es r\u00e9v\u00e8lent les courbes, comblent discr\u00e8tement les creux. Ce sont des pi\u00e8ces dans lesquelles on \u00e9volue en pleine confiance et qui dopent l\u2019estime de soi. Gr\u00e2ce \u00e0 un savoir-faire unique, un confort identique est assur\u00e9 aux diff\u00e9rentes silhouettes\u00a0\u00bb, explique <a href=\"https:\/\/actu.fr\/hauts-de-france\/roubaix_59512\/roubaix-ces-deux-nouvelles-enseignes-ouvrent-tres-bientot-dans-le-centre-commercial-mcarthurglen_62397750.html\" rel=\"nofollow noopener\" target=\"_blank\">McArthurGlen<\/a>.<\/p>\n<p class=\" wall-content\">Avec cette nouvelle adresse, le village de marques enrichit son univers mode d\u2019une enseigne embl\u00e9matique du savoir-faire \u00e0 la fran\u00e7aise.<\/p>\n<p class=\" wall-content\">Personnalisez votre actualit\u00e9 en ajoutant vos villes et m\u00e9dias en favori avec <a href=\"https:\/\/moncompte.actu.fr\" title=\"D\u00e9couvez Mon Actu\" rel=\"nofollow noopener\" data-trk=\"{&quot;cta&quot;:{&quot;action&quot;:&quot;https:\\\/\\\/moncompte.actu.fr&quot;,&quot;category&quot;:&quot;mon compte&quot;,&quot;from&quot;:&quot;article footer&quot;,&quot;name&quot;:&quot;Mon actu&quot;,&quot;type&quot;:&quot;cta&quot;}}\" target=\"_blank\">Mon Actu<\/a>.<\/p>\n","protected":false},"excerpt":{"rendered":"Par Hervine Mahaud Publi\u00e9 le 17 sept. 2025 \u00e0 7h44 Avec la rentr\u00e9e, les nouvelles boutiques se multiplient&hellip;\n","protected":false},"author":2,"featured_media":397396,"comment_status":"","ping_status":"","sticky":false,"template":"","format":"standard","meta":{"footnotes":""},"categories":[2815],"tags":[1111,11,33,1777,674,1011,27,811,1307,34684,12,3147,25],"class_list":{"0":"post-397395","1":"post","2":"type-post","3":"status-publish","4":"format-standard","5":"has-post-thumbnail","7":"category-lille","8":"tag-actu","9":"tag-actualites","10":"tag-economie","11":"tag-eu","12":"tag-europe","13":"tag-fr","14":"tag-france","15":"tag-hauts-de-france","16":"tag-lille","17":"tag-mcarthurglen","18":"tag-news","19":"tag-nouveaux-commerces","20":"tag-republique-francaise"},"share_on_mastodon":{"url":"https:\/\/pubeurope.com\/@fr\/115219491987221563","error":""},"_links":{"self":[{"href":"https:\/\/www.europesays.com\/fr\/wp-json\/wp\/v2\/posts\/397395","targetHints":{"allow":["GET"]}}],"collection":[{"href":"https:\/\/www.europesays.com\/fr\/wp-json\/wp\/v2\/posts"}],"about":[{"href":"https:\/\/www.europesays.com\/fr\/wp-json\/wp\/v2\/types\/post"}],"author":[{"embeddable":true,"href":"https:\/\/www.europesays.com\/fr\/wp-json\/wp\/v2\/users\/2"}],"replies":[{"embeddable":true,"href":"https:\/\/www.europesays.com\/fr\/wp-json\/wp\/v2\/comments?post=397395"}],"version-history":[{"count":0,"href":"https:\/\/www.europesays.com\/fr\/wp-json\/wp\/v2\/posts\/397395\/revisions"}],"wp:featuredmedia":[{"embeddable":true,"href":"https:\/\/www.europesays.com\/fr\/wp-json\/wp\/v2\/media\/397396"}],"wp:attachment":[{"href":"https:\/\/www.europesays.com\/fr\/wp-json\/wp\/v2\/media?parent=397395"}],"wp:term":[{"taxonomy":"category","embeddable":true,"href":"https:\/\/www.europesays.com\/fr\/wp-json\/wp\/v2\/categories?post=397395"},{"taxonomy":"post_tag","embeddable":true,"href":"https:\/\/www.europesays.com\/fr\/wp-json\/wp\/v2\/tags?post=397395"}],"curies":[{"name":"wp","href":"https:\/\/api.w.org\/{rel}","templated":true}]}}