{"id":397424,"date":"2025-09-17T12:05:21","date_gmt":"2025-09-17T12:05:21","guid":{"rendered":"https:\/\/www.europesays.com\/fr\/397424\/"},"modified":"2025-09-17T12:05:21","modified_gmt":"2025-09-17T12:05:21","slug":"melania-trump-au-royaume-uni-quel-est-le-prix-de-son-long-trench-burberry-clin-doeil-a-la-mode-british","status":"publish","type":"post","link":"https:\/\/www.europesays.com\/fr\/397424\/","title":{"rendered":"Melania Trump au Royaume-Uni : quel est le prix de son long trench Burberry, clin d&rsquo;\u0153il \u00e0 la mode british ?"},"content":{"rendered":"<p>Donald Trump et <a href=\"https:\/\/www.closermag.fr\/royautes\/donald-et-melania-trump-en-angleterre-securite-renforcee-kate-et-william-vont-voir-trouble-3579976\" target=\"_blank\" rel=\"noopener\"><br \/>\nson \u00e9pouse Melania<\/a> ont atterri le 16 septembre 2025 \u00e0<br \/>\nl\u2019a\u00e9roport de Stansted. Un d\u00e9placement hautement symbolique qui<br \/>\nfait de l\u2019ancien pr\u00e9sident am\u00e9ricain le premier chef d\u2019\u00c9tat \u00e0 \u00eatre<br \/>\ninvit\u00e9 deux fois au Royaume-Uni. Dans ce contexte solennel,<br \/>\n<a href=\"https:\/\/www.closermag.fr\/politique\/donald-trump-malade-melania-tres-tactile-a-leur-arrivee-au-royaume-uni-mais-cetait-pour-cacher-quelque-chose-de-genant-3580218\" target=\"_blank\" rel=\"noopener\"><br \/>\nMelania Trump<\/a> savait que chaque d\u00e9tail serait scrut\u00e9.<\/p>\n<p>Et comme \u00e0 son habitude, <a href=\"https:\/\/www.closermag.fr\/people\/melania-trump-apres-sa-robe-polemique-cet-accessoire-qui-fait-tache-aux-commemorations-du-11-septembre-3578849\" target=\"_blank\" rel=\"noopener\"><br \/>\nl\u2019ex-mannequin<\/a> a mis\u00e9 sur une tenue soigneusement pens\u00e9e,<br \/>\nfaisant honneur \u00e0 l\u2019\u00e9l\u00e9gance britannique. C\u2019est dans un trench<br \/>\nBurberry couleur sable que la Premi\u00e8re dame est apparue au bras de<br \/>\nson mari. Cette pi\u00e8ce, v\u00e9ritable ic\u00f4ne du vestiaire anglais, a<br \/>\nimm\u00e9diatement attir\u00e9 l\u2019attention des photographes. Long, \u00e0 double<br \/>\nboutonnage et ceintur\u00e9 \u00e0 la taille, ce mod\u00e8le embl\u00e9matique se<br \/>\ndistingue par son raffinement intemporel.<\/p>\n<p>Melania Trump sublime dans un manteau Burberry<\/p>\n<p>\u00c0 chacun de ses mouvements, la doublure int\u00e9rieure du<br \/>\ntrenchcoat, orn\u00e9e du fameux motif \u00e0 carreaux Check, venait rappeler<br \/>\nl\u2019ADN de la maison Burberry, fond\u00e9e en 1856. Une pi\u00e8ce culte de la<br \/>\nmode anglaise Le trench Burberry n\u2019est pas un <strong>simple<br \/>\nmanteau : c\u2019est une institution<\/strong>.<\/p>\n<p><strong>Port\u00e9 par Humphrey Bogart dans<br \/>\nCasablanca,<\/strong> adopt\u00e9 par Audrey Hepburn dans<br \/>\nBreakfast at Tiffany\u2019s, il incarne l\u2019\u00e9l\u00e9gance sobre et universelle.<br \/>\nEn choisissant ce v\u00eatement, Melania Trump envoie un message clair.<br \/>\nElle rend hommage au patrimoine vestimentaire du Royaume-Uni, tout<br \/>\nen affichant son sens aigu du style.<\/p>\n<p>Voici le prix du trench de la First<br \/>\nLady<\/p>\n<p>Le prix du chic british Mais une telle pi\u00e8ce a \u00e9videmment un<br \/>\nprix. Le mod\u00e8le long classique Burberry est actuellement vendu<br \/>\nautour de <strong>2.150 euros<\/strong> sur le site officiel de la<br \/>\nmaison. Une somme cons\u00e9quente, mais qui correspond \u00e0 la r\u00e9putation<br \/>\nde <strong>Burberry<\/strong> et au savoir-faire qui entoure ce<br \/>\nv\u00eatement mythique. Ce choix vestimentaire s\u2019inscrit parfaitement<br \/>\ndans la strat\u00e9gie mode de <a href=\"https:\/\/www.closermag.fr\/politique\/donald-et-melania-trump-leur-fils-barron-a-disparu-des-radars-son-absence-interpelle-3576068\" target=\"_blank\" rel=\"noopener\"><br \/>\nla maman de Barron<\/a> : privil\u00e9gier des tenues raffin\u00e9es,<br \/>\nluxueuses mais porteuses de symboles.<\/p>\n<p><a href=\"https:\/\/www.closermag.fr\/royautes\/donald-et-melania-trump-a-londres-camilla-prete-a-les-seduire-ce-changement-de-look-quelle-prepare-3579848\" target=\"_blank\" rel=\"noopener\"><br \/>\nLa First Lady<\/a> avait opt\u00e9 pour des bottes noires \u00e0<br \/>\n<strong>l\u2019allure \u00e9questre sign\u00e9es Dior<\/strong>, mod\u00e8le Empreinte,<br \/>\nrehauss\u00e9es d\u2019un fermoir CD dor\u00e9. Cette silhouette rappelle sa<br \/>\npr\u00e9c\u00e9dente visite d\u2019\u00c9tat en 2019, o\u00f9 la <a href=\"https:\/\/www.closermag.fr\/royautes\/donald-et-melania-trump-au-royaume-uni-pourquoi-charles-iii-ne-les-recevra-pas-a-buckingham-palace-3579377?utm_campaign=partenariat&amp;utm_source=yahoo-actu&amp;utm_medium=flux\" target=\"_blank\" rel=\"noopener\"><br \/>\nPremi\u00e8re dame am\u00e9ricaine<\/a> avait d\u00e9j\u00e0 choisi un trench beige,<br \/>\nalors sign\u00e9 Celine.<\/p>\n","protected":false},"excerpt":{"rendered":"Donald Trump et son \u00e9pouse Melania ont atterri le 16 septembre 2025 \u00e0 l\u2019a\u00e9roport de Stansted. Un d\u00e9placement&hellip;\n","protected":false},"author":2,"featured_media":397425,"comment_status":"","ping_status":"","sticky":false,"template":"","format":"standard","meta":{"footnotes":""},"categories":[1588],"tags":[11,548,1777,674,21831,12,473,1853,1851,1850,1852],"class_list":{"0":"post-397424","1":"post","2":"type-post","3":"status-publish","4":"format-standard","5":"has-post-thumbnail","7":"category-royaume-uni","8":"tag-actualites","9":"tag-article-simple","10":"tag-eu","11":"tag-europe","12":"tag-melania-trump","13":"tag-news","14":"tag-royaume-uni","15":"tag-royaume-uni-de-grande-bretagne-et-dirlande-du-nord","16":"tag-uk","17":"tag-united-kingdom","18":"tag-united-kingdom-of-great-britain-and-northern-ireland"},"share_on_mastodon":{"url":"https:\/\/pubeurope.com\/@fr\/115219550885935845","error":""},"_links":{"self":[{"href":"https:\/\/www.europesays.com\/fr\/wp-json\/wp\/v2\/posts\/397424","targetHints":{"allow":["GET"]}}],"collection":[{"href":"https:\/\/www.europesays.com\/fr\/wp-json\/wp\/v2\/posts"}],"about":[{"href":"https:\/\/www.europesays.com\/fr\/wp-json\/wp\/v2\/types\/post"}],"author":[{"embeddable":true,"href":"https:\/\/www.europesays.com\/fr\/wp-json\/wp\/v2\/users\/2"}],"replies":[{"embeddable":true,"href":"https:\/\/www.europesays.com\/fr\/wp-json\/wp\/v2\/comments?post=397424"}],"version-history":[{"count":0,"href":"https:\/\/www.europesays.com\/fr\/wp-json\/wp\/v2\/posts\/397424\/revisions"}],"wp:featuredmedia":[{"embeddable":true,"href":"https:\/\/www.europesays.com\/fr\/wp-json\/wp\/v2\/media\/397425"}],"wp:attachment":[{"href":"https:\/\/www.europesays.com\/fr\/wp-json\/wp\/v2\/media?parent=397424"}],"wp:term":[{"taxonomy":"category","embeddable":true,"href":"https:\/\/www.europesays.com\/fr\/wp-json\/wp\/v2\/categories?post=397424"},{"taxonomy":"post_tag","embeddable":true,"href":"https:\/\/www.europesays.com\/fr\/wp-json\/wp\/v2\/tags?post=397424"}],"curies":[{"name":"wp","href":"https:\/\/api.w.org\/{rel}","templated":true}]}}