{"id":397426,"date":"2025-09-17T12:07:18","date_gmt":"2025-09-17T12:07:18","guid":{"rendered":"https:\/\/www.europesays.com\/fr\/397426\/"},"modified":"2025-09-17T12:07:18","modified_gmt":"2025-09-17T12:07:18","slug":"le-principal-suspect-a-ete-libere-de-prison-en-allemagne","status":"publish","type":"post","link":"https:\/\/www.europesays.com\/fr\/397426\/","title":{"rendered":"Le principal suspect a \u00e9t\u00e9 lib\u00e9r\u00e9 de prison en Allemagne"},"content":{"rendered":"<p>Faute de preuves suffisantes, le principal suspect dans la disparition de la fillette britannique <a href=\"https:\/\/www.20minutes.fr\/societe\/affaire-maddie\/\" class=\"c-link c-link--is-underlined\" target=\"_blank\" rel=\"noopener\">Madeleine McCann<\/a> en\u00a02007 au Portugal, <a href=\"https:\/\/www.20minutes.fr\/faits_divers\/4173179-20250915-affaire-maddie-liberation-suspect-1-enquete-plus-jamais-impasse\" class=\"c-link c-link--is-underlined\" target=\"_blank\" rel=\"noopener\">Christian Br\u00fcckner<\/a>, est sorti de prison en Allemagne ce mercredi, a constat\u00e9 un journaliste de l\u2019AFP. Il purgeait une peine pour <a href=\"https:\/\/www.20minutes.fr\/dossier\/viol\" class=\"c-link c-link--is-underlined\" target=\"_blank\" rel=\"noopener\">viol<\/a> dans une autre affaire.<\/p>\n<\/p>\n<p>Le procureur allemand Christian Wolters n\u2019a pu emp\u00eacher cette remise en libert\u00e9, faute de preuves suffisantes \u00e0 ce stade pour obtenir une mise en accusation. Dans un r\u00e9cent entretien \u00e0 l\u2019AFP, il s\u2019est inqui\u00e9t\u00e9, de la lib\u00e9ration d\u2019un individu \u00ab\u00a0fonci\u00e8rement dangereux\u00a0\u00bb.<\/p>\n<p>Depuis\u00a02020, Christian Br\u00fcckner est consid\u00e9r\u00e9 comme le principal suspect de l\u2019enl\u00e8vement de la petite Maddie. Cet Allemand de 48 ans, au lourd pass\u00e9 judiciaire, <a href=\"https:\/\/www.20minutes.fr\/faits_divers\/4160124-20250624-affaire-maddie-christian-bruckner-principal-suspect-pourrait-etre-libere-septembre\" class=\"c-link c-link--is-underlined\" target=\"_blank\" rel=\"noopener\">a fini de purger sa peine<\/a> pour le viol d\u2019une septuag\u00e9naire am\u00e9ricaine, en\u00a02005, \u00e0 Praia da Luz. Et rien ne permet, pour l\u2019heure, de formellement l\u2019inculper dans la disparition la fillette anglaise en mai\u00a02007. En vacances avec ses parents \u00e0 Praia da Luz, la petite Anglaise de 3 ans a \u00e9t\u00e9 enlev\u00e9e dans la chambre d\u2019h\u00f4tel qu\u2019elle partageait avec son fr\u00e8re et sa s\u0153ur.<\/p>\n<p>Pendant quinze ans, les pistes suivies n\u2019ont men\u00e9 qu\u2019\u00e0 des impasses. Les parents de la fillette ont, un temps, \u00e9t\u00e9 soup\u00e7onn\u00e9s avant d\u2019\u00eatre blanchis. Les enqu\u00eateurs ont ensuite travaill\u00e9 sur deux <a href=\"https:\/\/www.20minutes.fr\/dossier\/pedophilie\" class=\"c-link c-link--is-underlined\" target=\"_blank\" rel=\"noopener\">p\u00e9docriminels <\/a>\u00e9cossais, puis un premier Allemand. En vain.<\/p>\n<p><a href=\"https:\/\/www.20minutes.fr\/societe\/affaire-maddie\/\" class=\"c-link c-btn c-btn--primary\" target=\"_blank\" rel=\"noopener\">Notre dossier sur l&rsquo;affaire Maddie<\/a><\/p>\n<p>Mais en\u00a02020, coup de th\u00e9\u00e2tre\u00a0: apr\u00e8s des ann\u00e9es d\u2019errance, la police allemande d\u00e9signe Christian Br\u00fcckner comme suspect n\u00b0\u00a01. Outre-Rhin, le procureur se dit m\u00eame \u00ab\u00a0convaincu\u00a0\u00bb de sa culpabilit\u00e9. \u00ab\u00a0Ce sont des preuves ou des faits concrets dont nous disposons, et non de simples indications\u00a0\u00bb, avait alors d\u00e9clar\u00e9 le porte-parole du parquet, tout en reconnaissant ne pas avoir suffisamment d\u2019\u00e9l\u00e9ments pour l\u2019inculper.<\/p>\n<p>Si cette lib\u00e9ration ne signe pas la fin des investigations, elle illustre les difficult\u00e9s rencontr\u00e9es par les enqu\u00eateurs. A l\u2019\u00e9poque de la disparition de Maddie, Christian Br\u00fcckner &#8211; qui n\u2019a eu de cesse de nier toute implication &#8211; vivait \u00e0 sept kilom\u00e8tres du lieu o\u00f9 la famille s\u00e9journait. Son t\u00e9l\u00e9phone portable a born\u00e9 le soir du drame \u00e0 proximit\u00e9 de leur logement. Son <a href=\"https:\/\/www.20minutes.fr\/economie\/2521795-20190520-le-casier-judiciaire-se-dematerialise\" class=\"c-link c-link--is-underlined\" target=\"_blank\" rel=\"noopener\">casier judiciaire<\/a> est marqu\u00e9 par dix-sept condamnations. Et s\u2019il n\u2019a jamais \u00e9t\u00e9 condamn\u00e9 pour enl\u00e8vement ou meurtre, plusieurs affaires de violences sexuelles jalonnent son parcours criminel.<\/p>\n","protected":false},"excerpt":{"rendered":"Faute de preuves suffisantes, le principal suspect dans la disparition de la fillette britannique Madeleine McCann en\u00a02007 au&hellip;\n","protected":false},"author":2,"featured_media":397427,"comment_status":"","ping_status":"","sticky":false,"template":"","format":"standard","meta":{"footnotes":""},"categories":[1587],"tags":[47,11,52909,672,1804,1805,1803,847,2716,1777,674,118,1801,303,9985,74,12,6996,806,807,1802,16022,1265,809],"class_list":{"0":"post-397426","1":"post","2":"type-post","3":"status-publish","4":"format-standard","5":"has-post-thumbnail","7":"category-allemagne","8":"tag-actualite","9":"tag-actualites","10":"tag-affaire-maddie","11":"tag-allemagne","12":"tag-bundesrepublik-deutschland","13":"tag-de","14":"tag-deutschland","15":"tag-enfant","16":"tag-enlevement","17":"tag-eu","18":"tag-europe","19":"tag-faits-divers","20":"tag-germany","21":"tag-justice","22":"tag-liberation","23":"tag-monde","24":"tag-news","25":"tag-portugal","26":"tag-prison","27":"tag-prisonniers","28":"tag-republique-federale-dallemagne","29":"tag-suspect","30":"tag-viol","31":"tag-violence"},"share_on_mastodon":{"url":"https:\/\/pubeurope.com\/@fr\/115219559237225492","error":""},"_links":{"self":[{"href":"https:\/\/www.europesays.com\/fr\/wp-json\/wp\/v2\/posts\/397426","targetHints":{"allow":["GET"]}}],"collection":[{"href":"https:\/\/www.europesays.com\/fr\/wp-json\/wp\/v2\/posts"}],"about":[{"href":"https:\/\/www.europesays.com\/fr\/wp-json\/wp\/v2\/types\/post"}],"author":[{"embeddable":true,"href":"https:\/\/www.europesays.com\/fr\/wp-json\/wp\/v2\/users\/2"}],"replies":[{"embeddable":true,"href":"https:\/\/www.europesays.com\/fr\/wp-json\/wp\/v2\/comments?post=397426"}],"version-history":[{"count":0,"href":"https:\/\/www.europesays.com\/fr\/wp-json\/wp\/v2\/posts\/397426\/revisions"}],"wp:featuredmedia":[{"embeddable":true,"href":"https:\/\/www.europesays.com\/fr\/wp-json\/wp\/v2\/media\/397427"}],"wp:attachment":[{"href":"https:\/\/www.europesays.com\/fr\/wp-json\/wp\/v2\/media?parent=397426"}],"wp:term":[{"taxonomy":"category","embeddable":true,"href":"https:\/\/www.europesays.com\/fr\/wp-json\/wp\/v2\/categories?post=397426"},{"taxonomy":"post_tag","embeddable":true,"href":"https:\/\/www.europesays.com\/fr\/wp-json\/wp\/v2\/tags?post=397426"}],"curies":[{"name":"wp","href":"https:\/\/api.w.org\/{rel}","templated":true}]}}