{"id":397466,"date":"2025-09-17T12:32:15","date_gmt":"2025-09-17T12:32:15","guid":{"rendered":"https:\/\/www.europesays.com\/fr\/397466\/"},"modified":"2025-09-17T12:32:15","modified_gmt":"2025-09-17T12:32:15","slug":"le-prix-des-cotisations-dassurance-va-encore-augmenter-lan-prochain-previent-le-patron-de-la-maif","status":"publish","type":"post","link":"https:\/\/www.europesays.com\/fr\/397466\/","title":{"rendered":"Le prix des cotisations d\u2019assurance va encore augmenter l\u2019an prochain, pr\u00e9vient le patron de la Maif"},"content":{"rendered":"<p>Si les primes d\u2019assurances ont augment\u00e9 de 8% en 2025, pour l\u2019ann\u00e9e prochaine \u00abce sera inf\u00e9rieur \u00e0 ces 8%, mais il y aura encore des augmentations\u00bb, a d\u00e9clar\u00e9 Pascal Demurger, mettant cette hausse sur le compte de la hausse des sinistres climatiques et des \u00e9meutes.<\/p>\n<p class=\"fig-paragraph\">Mauvaise nouvelle pour le portefeuille des Fran\u00e7ais. Le co\u00fbt des cotisations d&rsquo;assurance va\u00a0<a href=\"http:\/\/www.lefigaro.fr\/assurance\/habitation-auto-sante-pourquoi-les-tarifs-des-assurances-vont-flamber-en-2025-20240923\" target=\"_blank\" data-fig-type=\"Article\" rel=\"noopener\" data-gtm-custom-categorie=\"navigation\" data-gtm-custom-action=\"crossclick\" data-gtm-custom-label=\"Contextuel\" data-gtm-event=\"customEventSPE\" data-fig-domain=\"LEFIGARO\">de nouveau augmenter<\/a>\u00a0l&rsquo;ann\u00e9e prochaine pour faire face \u00e0 la hausse des al\u00e9as climatiques et des \u00e9meutes, a estim\u00e9 ce mercredi le patron de la Maif Pascal Demurger, interrog\u00e9 sur RTL. Alors que les primes d&rsquo;assurances ont augment\u00e9 de 8% en 2025, pour l&rsquo;ann\u00e9e prochaine \u00abce sera inf\u00e9rieur \u00e0 ces 8%, mais il y aura encore des augmentations, parce que les co\u00fbts augmentent assez fortement\u00bb, a d\u00e9clar\u00e9 Pascal Demurger.<\/p>\n<p class=\"fig-paragraph\">Le patron de la Maif est conscient que quelques soci\u00e9taires, m\u00eame si cela reste \u00abassez marginal\u00bb, \u00absont contraints de regarder tout leur budget et \u00e9ventuellement descendent un peu en gamme en assurances\u00bb. Il estime que parler de Fran\u00e7ais qui renoncent carr\u00e9ment \u00e0 s&rsquo;assurer, ce n&rsquo;est \u00abpas un fantasme complet, mais alors \u00e7a, c&rsquo;est vraiment compl\u00e8tement \u00e0 la marge, heureusement\u00bb.<\/p>\n<p>                                    <a class=\"fig-a11y-skip a11y-hidden\" href=\"#fig-a11y-skip-main-inarticle\"><br \/>\n        Passer la publicit\u00e9<br \/>\n    <\/a><\/p>\n<p class=\"fig-paragraph\">\u00c0 la veille\u00a0<a href=\"http:\/\/www.lefigaro.fr\/actualite-france\/mobilisations-du-18-septembre-les-forces-de-l-ordre-redoutent-de-graves-bouffees-de-violences-20250917\" target=\"_blank\" data-fig-type=\"Article\" rel=\"noopener\" data-gtm-custom-categorie=\"navigation\" data-gtm-custom-action=\"crossclick\" data-gtm-custom-label=\"Contextuel\" data-gtm-event=\"customEventSPE\" data-fig-domain=\"LEFIGARO\">d&rsquo;une journ\u00e9e de mobilisation<\/a>, Pascal Demurger a \u00e9galement rappel\u00e9 le co\u00fbt croissant des \u00e9meutes urbaines pris en charge par les assureurs. \u00abOui, les \u00e9meutes co\u00fbtent cher. Et oui, \u00e0 la fin, ce sont les assureurs, et donc, fatalement, les assur\u00e9s, \u00e0 un moment donn\u00e9, qui doivent en payer le prix\u00bb, a-t-il assur\u00e9. Pascal Demurger a indiqu\u00e9 que les assureurs \u00abessaient d&rsquo;avoir des discussions avec les pouvoirs publics, pour que pr\u00e9cis\u00e9ment l&rsquo;\u00c9tat soit aussi concern\u00e9 par les d\u00e9gradations qui sont faites\u00bb. Le S\u00e9nat a relev\u00e9 en juin dans un rapport \u00abl&#8217;emballement\u00bb des charges d&rsquo;assurance des entreprises notamment en raison de la mont\u00e9e des \u00e9meutes urbaines, les risques cyber et le risque climatique.<\/p>\n","protected":false},"excerpt":{"rendered":"Si les primes d\u2019assurances ont augment\u00e9 de 8% en 2025, pour l\u2019ann\u00e9e prochaine \u00abce sera inf\u00e9rieur \u00e0 ces&hellip;\n","protected":false},"author":2,"featured_media":397467,"comment_status":"","ping_status":"","sticky":false,"template":"","format":"standard","meta":{"footnotes":""},"categories":[6],"tags":[1117,35,33,34,1011,27,47870],"class_list":{"0":"post-397466","1":"post","2":"type-post","3":"status-publish","4":"format-standard","5":"has-post-thumbnail","7":"category-economie","8":"tag-assurance","9":"tag-business","10":"tag-economie","11":"tag-economy","12":"tag-fr","13":"tag-france","14":"tag-maif"},"share_on_mastodon":{"url":"https:\/\/pubeurope.com\/@fr\/115219657320117363","error":""},"_links":{"self":[{"href":"https:\/\/www.europesays.com\/fr\/wp-json\/wp\/v2\/posts\/397466","targetHints":{"allow":["GET"]}}],"collection":[{"href":"https:\/\/www.europesays.com\/fr\/wp-json\/wp\/v2\/posts"}],"about":[{"href":"https:\/\/www.europesays.com\/fr\/wp-json\/wp\/v2\/types\/post"}],"author":[{"embeddable":true,"href":"https:\/\/www.europesays.com\/fr\/wp-json\/wp\/v2\/users\/2"}],"replies":[{"embeddable":true,"href":"https:\/\/www.europesays.com\/fr\/wp-json\/wp\/v2\/comments?post=397466"}],"version-history":[{"count":0,"href":"https:\/\/www.europesays.com\/fr\/wp-json\/wp\/v2\/posts\/397466\/revisions"}],"wp:featuredmedia":[{"embeddable":true,"href":"https:\/\/www.europesays.com\/fr\/wp-json\/wp\/v2\/media\/397467"}],"wp:attachment":[{"href":"https:\/\/www.europesays.com\/fr\/wp-json\/wp\/v2\/media?parent=397466"}],"wp:term":[{"taxonomy":"category","embeddable":true,"href":"https:\/\/www.europesays.com\/fr\/wp-json\/wp\/v2\/categories?post=397466"},{"taxonomy":"post_tag","embeddable":true,"href":"https:\/\/www.europesays.com\/fr\/wp-json\/wp\/v2\/tags?post=397466"}],"curies":[{"name":"wp","href":"https:\/\/api.w.org\/{rel}","templated":true}]}}