{"id":397468,"date":"2025-09-17T12:33:15","date_gmt":"2025-09-17T12:33:15","guid":{"rendered":"https:\/\/www.europesays.com\/fr\/397468\/"},"modified":"2025-09-17T12:33:15","modified_gmt":"2025-09-17T12:33:15","slug":"le-seul-survivant-du-crash-dair-india-nest-toujours-pas-rentre-chez-lui","status":"publish","type":"post","link":"https:\/\/www.europesays.com\/fr\/397468\/","title":{"rendered":"Le seul survivant du crash d\u2019Air India n\u2019est toujours pas rentr\u00e9 chez lui"},"content":{"rendered":"<p>Vishwash Kumar Ramesh, l\u2019unique survivant du <a href=\"https:\/\/www.20minutes.fr\/dossier\/crash\" class=\"c-link c-link--is-underlined\" rel=\"nofollow noopener\" target=\"_blank\">crash<\/a> du <a href=\"https:\/\/www.20minutes.fr\/monde\/4158137-20250612-inde-avion-air-india-devant-relier-londres-ecrase-plus-200-passagers-bord\" class=\"c-link c-link--is-underlined\" rel=\"nofollow noopener\" target=\"_blank\">vol Air India 171 du 12\u00a0juin dernier \u00e0 Ahmedabad<\/a> est toujours en <a href=\"https:\/\/www.20minutes.fr\/dossier\/inde\" class=\"c-link c-link--is-underlined\" rel=\"nofollow noopener\" target=\"_blank\">Inde<\/a> trois mois apr\u00e8s la catastrophe, r\u00e9v\u00e8le <a href=\"https:\/\/www.thetimes.com\/world\/asia\/article\/air-india-plane-crash-survivor-gct3pshdl\" target=\"_blank\" class=\"c-link c-link--is-underlined\" rel=\"nofollow noopener\">The Times<\/a>. Ce Britannique de 40 ans, qui a perdu son fr\u00e8re dans l\u2019accident, est profond\u00e9ment traumatis\u00e9.<\/p>\n<p>Un deuil difficile<\/p>\n<p>D\u2019apr\u00e8s son beau-fr\u00e8re interrog\u00e9 par le <a href=\"https:\/\/www.dailymail.co.uk\/news\/article-15095645\/British-Air-India-crash-survivor-never-return-UK-scared-fly.html\" target=\"_blank\" class=\"c-link c-link--is-underlined\" rel=\"nofollow noopener\">Daily Mail<\/a>, il est m\u00eame probable que l\u2019homme ne revienne jamais au <a href=\"https:\/\/www.20minutes.fr\/monde\/royaume-uni\/\" class=\"c-link c-link--is-underlined\" rel=\"nofollow noopener\" target=\"_blank\">Royaume-Uni<\/a>. \u00ab\u00a0Je pense qu\u2019il restera ici (en Inde), car il a trop peur de reprendre l\u2019avion\u00a0\u00bb, a-t-il estim\u00e9. Pour rappel, le quadrag\u00e9naire \u00e9tait en Inde avec son fr\u00e8re pour rendre visite \u00e0 de la famille du c\u00f4t\u00e9 de son village natal de Diu. Cet homme d\u2019affaires y a notamment h\u00e9rit\u00e9 de l\u2019entreprise de p\u00eache de son p\u00e8re.<\/p>\n<p>C\u2019est ici que le survivant a choisi de faire le deuil de son fr\u00e8re. Alors que lui occupait le si\u00e8ge 11A pr\u00e8s des sorties de secours, ce qui lui a permis de s\u2019\u00e9chapper, son fr\u00e8re \u00e9tait assis de l\u2019autre c\u00f4t\u00e9 de l\u2019all\u00e9e. Au lendemain de cet accident dont il est sorti presque indemne, l\u2019homme apparaissait d\u00e9j\u00e0 tr\u00e8s affect\u00e9. <a href=\"https:\/\/www.20minutes.fr\/monde\/4159332-20250619-crash-boeing-787-inde-unique-survivant-prend-parole-affirme-sentir-terriblement-mal\" class=\"c-link c-link--is-underlined\" rel=\"nofollow noopener\" target=\"_blank\">\u00ab\u00a0J\u2019aurais pr\u00e9f\u00e9r\u00e9 ne plus \u00eatre en vie\u00a0\u00bb, avait-il d\u00e9clar\u00e9<\/a>. Depuis, sa femme a indiqu\u00e9 qu\u2019il suit un traitement. \u00ab\u00a0Il a tout vu (du drame) et il a perdu son fr\u00e8re. Il ne parle plus dans les m\u00e9dias, m\u00eame en Inde\u00a0\u00bb, a-t-elle comment\u00e9.<\/p>\n<p>\u00ab\u00a0Son p\u00e8re lui manque\u00a0\u00bb<\/p>\n<p>Sa femme et son fils de 4 ans sont venus le rejoindre un temps en Inde pour le soutenir dans cette \u00e9preuve. Tous deux ont cependant d\u00fb repartir au Royaume-Uni pour la rentr\u00e9e scolaire, sans lui donc. \u00ab\u00a0Mon fils comprend, mais son p\u00e8re lui manque. Je ne sais pas quand il rentrera au Royaume-Uni\u00a0\u00bb, a-t-elle d\u00e9clar\u00e9.<\/p>\n<\/p>\n<p>En parall\u00e8le, une enqu\u00eate est toujours en cours sur le crash de ce Boeing 787 sur une r\u00e9sidence universitaire de m\u00e9decine survenu quelques secondes apr\u00e8s son d\u00e9collage. Le Wall Street Journal avait r\u00e9v\u00e9l\u00e9 en juillet que le pilote avait coup\u00e9 volontairement l\u2019alimentation en carburant des moteurs de l\u2019avion. Plusieurs des familles des 260 victimes envisagent une action en justice contre Air India et Boeing.<\/p>\n","protected":false},"excerpt":{"rendered":"Vishwash Kumar Ramesh, l\u2019unique survivant du crash du vol Air India 171 du 12\u00a0juin dernier \u00e0 Ahmedabad est&hellip;\n","protected":false},"author":2,"featured_media":397469,"comment_status":"","ping_status":"","sticky":false,"template":"","format":"standard","meta":{"footnotes":""},"categories":[5],"tags":[10996,47,11,4098,1011,27,5595,14,74,12,28],"class_list":{"0":"post-397468","1":"post","2":"type-post","3":"status-publish","4":"format-standard","5":"has-post-thumbnail","7":"category-international","8":"tag-accident-davion","9":"tag-actualite","10":"tag-actualites","11":"tag-crash","12":"tag-fr","13":"tag-france","14":"tag-inde","15":"tag-international","16":"tag-monde","17":"tag-news","18":"tag-world"},"share_on_mastodon":{"url":"https:\/\/pubeurope.com\/@fr\/115219661134982574","error":""},"_links":{"self":[{"href":"https:\/\/www.europesays.com\/fr\/wp-json\/wp\/v2\/posts\/397468","targetHints":{"allow":["GET"]}}],"collection":[{"href":"https:\/\/www.europesays.com\/fr\/wp-json\/wp\/v2\/posts"}],"about":[{"href":"https:\/\/www.europesays.com\/fr\/wp-json\/wp\/v2\/types\/post"}],"author":[{"embeddable":true,"href":"https:\/\/www.europesays.com\/fr\/wp-json\/wp\/v2\/users\/2"}],"replies":[{"embeddable":true,"href":"https:\/\/www.europesays.com\/fr\/wp-json\/wp\/v2\/comments?post=397468"}],"version-history":[{"count":0,"href":"https:\/\/www.europesays.com\/fr\/wp-json\/wp\/v2\/posts\/397468\/revisions"}],"wp:featuredmedia":[{"embeddable":true,"href":"https:\/\/www.europesays.com\/fr\/wp-json\/wp\/v2\/media\/397469"}],"wp:attachment":[{"href":"https:\/\/www.europesays.com\/fr\/wp-json\/wp\/v2\/media?parent=397468"}],"wp:term":[{"taxonomy":"category","embeddable":true,"href":"https:\/\/www.europesays.com\/fr\/wp-json\/wp\/v2\/categories?post=397468"},{"taxonomy":"post_tag","embeddable":true,"href":"https:\/\/www.europesays.com\/fr\/wp-json\/wp\/v2\/tags?post=397468"}],"curies":[{"name":"wp","href":"https:\/\/api.w.org\/{rel}","templated":true}]}}