{"id":397493,"date":"2025-09-17T12:48:14","date_gmt":"2025-09-17T12:48:14","guid":{"rendered":"https:\/\/www.europesays.com\/fr\/397493\/"},"modified":"2025-09-17T12:48:14","modified_gmt":"2025-09-17T12:48:14","slug":"les-10-infos-de-septembre","status":"publish","type":"post","link":"https:\/\/www.europesays.com\/fr\/397493\/","title":{"rendered":"Les 10 infos de septembre"},"content":{"rendered":"<p><strong>Vous ne lisez pas le Dauphin\u00e9 Lib\u00e9r\u00e9, mais les infos marquantes vous int\u00e9ressent ?<\/strong><\/p>\n<p><strong>Chaque mois, le m\u00e9dia ici Grenoble vous propose la \u00a0\u00bbGrevue de presse\u00a0\u00bb : une s\u00e9lection d&rsquo;infos courtes et percutantes glan\u00e9es dans la presse locale ou dans nos r\u00e9seaux.<\/strong><\/p>\n<p><strong>Au menu de septembre : les balles perdues du narcotrafic,\u00a0des ripoux \u00e0 l&rsquo;H\u00f4tel de police,\u00a0ST Micro et l&rsquo;arm\u00e9e isra\u00e9lienne, le prochain camp climat de Grenoble et plein d&rsquo;autres infos.<\/strong><\/p>\n<p><strong>Bonne lecture !<\/strong><\/p>\n<p>\u00a0<\/p>\n<p><strong>* * *<\/strong><\/p>\n<p><strong>TOUJOURS PLUS DE BALLES PERDUES<\/strong><\/p>\n<p>Fusillades, intimidations, assassinats en pleine rue : \u00e0 Grenoble, rares sont les mois sans une sc\u00e8ne tragique rappelant la s\u00e9rie <a href=\"https:\/\/fr.wikipedia.org\/wiki\/Gomorra_(s%C3%A9rie_t%C3%A9l%C3%A9vis%C3%A9e)\" rel=\"nofollow noopener\" target=\"_blank\">Gomorra<\/a>. Les enjeux de la guerre du deal sont \u00e9normes : fournir les 30 000 \u00e0 50 000 consommateurs de cannabis et les 15 000 \u00e0 20 000 coca\u00efnomans de l&rsquo;agglom\u00e9ration\u00a0rapporterait\u00a0<a href=\"https:\/\/www.ici-grenoble.org\/question-answer\/combien-rapporte-le-commerce-de-la-drogue-a-grenoble\" rel=\"nofollow noopener\" target=\"_blank\">25 \u00e0 35 millions d&rsquo;euros de cash<\/a> par an.<\/p>\n<p>Plus les fusillades s&rsquo;intensifient, plus le risque de toucher des riverain-e-s augmente. Dernier \u00e9pisode gla\u00e7ant : le 5 ao\u00fbt, une balle perdue traversait la fen\u00eatre d&rsquo;un appartement de la galerie de l&rsquo;Arlequin. Le\u00a06 ao\u00fbt, la fen\u00eatre d&rsquo;un appartement rue Jean Pr\u00e9vost \u00e0 Fontaine.<\/p>\n<p>Rappelons que le 27 mars \u00e0 Saint-Martin-d&rsquo;H\u00e8res, une balle traversait la vitre de la chambre d&rsquo;un b\u00e9b\u00e9, \u00e0 30 centim\u00e8tres du lit. Le\u00a015 novembre 2024 place Saint-Bruno, une balle se fichait dans le double vitrage d&rsquo;une cuisine, sur la trajectoire d&rsquo;un couple en train de d\u00eener.<\/p>\n<p>Comment sortir de cette spirale infernale ?\u00a0 Nous vous recommandons notre dossier : <a href=\"https:\/\/www.ici-grenoble.org\/article\/narcotrafic-a-grenoble-5-solutions-radicales\" rel=\"nofollow noopener\" target=\"_blank\">Narcotrafic \u00e0 Grenoble : 5 solutions radicales<\/a>.<\/p>\n<p>(Dauphin\u00e9 Lib\u00e9r\u00e9, 07\/08\/25)<\/p>\n<p>\u00a0<\/p>\n<p><img decoding=\"async\" alt=\"\" src=\"https:\/\/www.europesays.com\/fr\/wp-content\/uploads\/2025\/09\/droguetue.jpg\" style=\"height:217px; width:300px\"\/><\/p>\n<p>\u00a0<\/p>\n<p><strong>* * *<\/strong><\/p>\n<p><strong>DES RIPOUX \u00c0 GRENOBLE ?<\/strong><\/p>\n<p>Les narcotrafiquants ont-ils une ou plusieurs taupes au sein de l&rsquo;H\u00f4tel de police de Grenoble ?<\/p>\n<p>En octobre 2024, des responsables du point de deal de Saint-Bruno ont \u00e9t\u00e9 pr\u00e9venus \u00e0 l&rsquo;avance d&rsquo;une vaste op\u00e9ration de police pour d\u00e9manteler leur r\u00e9seau. Des mois d&rsquo;\u00e9coutes, de planques et d&rsquo;analyses de donn\u00e9es pour rien : les principaux suspects\u00a0ont r\u00e9ussi \u00e0 prendre la fuite et s\u00e9curiser leurs stocks. Une enqu\u00eate pr\u00e9liminaire est en cours pour identifier le ou les informateurs au sein de la police.<\/p>\n<p>Pour corrompre des policiers, l&rsquo;argent ne manque pas. Chaque jour, le point de deal de Saint-Bruno g\u00e9n\u00e9rerait 20 000 euros par le trafic de stup\u00e9fiants, 15 000 euros par la revente de cigarettes de contrebande.<\/p>\n<p>(Dauphin\u00e9 Lib\u00e9r\u00e9, 27\/06\/25)<\/p>\n<p>\u00a0<\/p>\n<p><img decoding=\"async\" alt=\"\" src=\"https:\/\/www.europesays.com\/fr\/wp-content\/uploads\/2025\/09\/ripoux.jpg\" style=\"height:270px; width:300px\"\/><\/p>\n<p><strong>* * *<\/strong><\/p>\n<p><strong>LA PRISON DE VARCES \u00c0 180%<\/strong><\/p>\n<p>415 d\u00e9tenus pour 232 places th\u00e9oriques. Moins de 3 m\u00e8tres carr\u00e9s par prisonnier dans la plupart des cellules. Des matelas au sol pour dormir.\u00a0En juin 2025, le\u00a0<a href=\"https:\/\/www.ici-grenoble.org\/structure\/le-centre-penitentiaire-de-grenoble-varces\" rel=\"nofollow noopener\" target=\"_blank\">Centre p\u00e9nitentiaire de Grenoble-Varces<\/a>\u00a0a battu un nouveau record de densit\u00e9.<\/p>\n<p>Deux ans apr\u00e8s la visite surprise des agents de la <a href=\"https:\/\/www.cglpl.fr\/2023\/recommandations-en-urgence-relatives-au-centre-penitentiaire-de-grenoble-varces-isere\/\" rel=\"nofollow noopener\" target=\"_blank\">Contr\u00f4leuse g\u00e9n\u00e9rale des lieux de privation de libert\u00e9 public<\/a>, la situation semble encore s&#8217;empirer. Le <a href=\"http:\/\/www.cglpl.fr\/2023\/recommandations-en-urgence-relatives-au-centre-penitentiaire-de-grenoble-varces-isere\/\" rel=\"nofollow noopener\" target=\"_blank\">rapport final<\/a> d\u00e9crivait pourtant des conditions d&rsquo;h\u00e9bergement \u00ab\u00a0abominables\u00a0\u00bb : des b\u00e2timents non isol\u00e9s et non ventil\u00e9s, des murs remplis de moisissures, des cellules aux fen\u00eatres qui ne ferment plus ou sans vitres, de nombreux fils \u00e9lectriques apparents et des prises descell\u00e9es, des \u00ab\u00a0monceaux de d\u00e9chets sur les toits-terrasses\u00a0\u00bb, un \u00ab\u00a0\u00e9tat d&rsquo;hygi\u00e8ne d\u00e9sastreux\u00a0\u00bb, une cuisine \u00ab\u00a0qui ne permet pas de garantir la s\u00e9curit\u00e9 sanitaire des aliments\u00a0\u00bb, des plats frais \u00ab\u00a0pr\u00e9par\u00e9s en dessous de murs souill\u00e9s de moisissures\u00a0\u00bb, etc.<\/p>\n<p>Ces observations recoupent les t\u00e9moignages de d\u00e9tenus sur le march\u00e9 noir, les rats, la crasse, des organisations parall\u00e8les dirig\u00e9es par les prisonniers \u00ab\u00a0les plus forts\u00a0\u00bb. Cette atmosph\u00e8re oppressante pourrait expliquer le fort taux de suicides dans la prison de Varces. Et le taux \u00e9lev\u00e9 de r\u00e9cidives ?<\/p>\n<p>(Dauphin\u00e9 Lib\u00e9r\u00e9, 28\/06\/25)<\/p>\n<p>\u00a0<\/p>\n<p><strong>* * *<\/strong><\/p>\n<p><strong>LA FIN DU JUMELAGE GRENOBLE-REHOVOT<\/strong><\/p>\n<p>Quelques jours apr\u00e8s les attentats du 7 octobre, Eric Piolle annon\u00e7ait la relance du jumelage entre Grenoble et la ville isra\u00e9lienne de Rehovot, \u00ab\u00a0au nom de la fraternit\u00e9 et de la paix\u00a0\u00bb. Pour \u00e9viter un lien institutionnel trop affirm\u00e9, il d\u00e9cidait de confier la responsabilit\u00e9 du jumelage \u00e0 un \u00ab\u00a0comit\u00e9 citoyen\u00a0\u00bb.<\/p>\n<p>Deux ans plus tard, \u00c9ric Piolle annonce la fin du jumelage, le comit\u00e9 citoyen refusant tout projet avec Rehovot tant que les massacres continuent \u00e0 Gaza.<\/p>\n<p>Dans un <a href=\"https:\/\/www.ici-grenoble.org\/uploads\/medias\/2025\/09\/0916\/com-presse-rehovot-68c91a42c4f24329701214.pdf\" rel=\"nofollow noopener\" target=\"_blank\">communiqu\u00e9 de presse cinglant<\/a>, plusieurs organisations dont\u00a0Urgence Palestine Grenoble se f\u00e9licitent de cette premi\u00e8re victoire, mais d\u00e9noncent le flou des d\u00e9cisions prises, l&rsquo;absence de vote du Conseil municipal, le manque d&rsquo;actes politiques forts de la mairie de Grenoble pour lutter contre le g\u00e9nocide en Palestine.<\/p>\n<p>(Dauphin\u00e9 Lib\u00e9r\u00e9, 24\/06\/25)<\/p>\n<p>\u00a0<\/p>\n<p><img decoding=\"async\" alt=\"\" src=\"https:\/\/www.europesays.com\/fr\/wp-content\/uploads\/2025\/09\/gaza_campus.jpg\" style=\"height:206px; width:300px\"\/><\/p>\n<p>\u00a0<\/p>\n<p><strong>* * *<\/strong><\/p>\n<p><strong>COMMENT ST MICRO SOUTIENT ISRA\u00cbL<\/strong><\/p>\n<p>Selon une <a href=\"https:\/\/www.obsarm.info\/IMG\/pdf\/cooperation_france_israel_web.pdf\" rel=\"nofollow noopener\" target=\"_blank\">nouvelle \u00e9tude de l\u2019Observatoire des Armements<\/a>, l&rsquo;entreprise\u00a0ST Microelectronics coop\u00e8re avec Isra\u00ebl pour concevoir des technologies militaires high tech, en particulier des capteurs de reconnaissance thermiques capables de localiser des cibles \u00e0 200 m\u00e8tres.<\/p>\n<p>Initialement destin\u00e9s \u00e0 l&rsquo;automobile, ces capteurs sont implant\u00e9s dans des missiles de l\u2019arm\u00e9e isra\u00e9lienne et auraient \u00e9t\u00e9 test\u00e9s \u00e0 Gaza. Pour\u00a0<a href=\"https:\/\/www.obsarm.info\/IMG\/pdf\/cooperation_france_israel_web.pdf\" rel=\"nofollow noopener\" target=\"_blank\">l\u2019Observatoire des Armements<\/a>, \u00ab\u00a0il est cruellement ironique de concevoir qu\u2019une technologie d\u00e9velopp\u00e9e aujourd\u2019hui pour \u00e9viter des pi\u00e9tons aurait \u00e9t\u00e9 perfectionn\u00e9e au fil des bombardements de la population palestinienne.\u00a0\u00bb<\/p>\n<p>ST Micro vendrait \u00e9galement des puces \u00e0 la soci\u00e9t\u00e9 isra\u00e9lienne Semi-Conductor Device, sp\u00e9cialis\u00e9e dans la production de drones militaires.<\/p>\n<p>(ADES, 12\/09\/25)<\/p>\n<p>\u00a0<\/p>\n<p><img decoding=\"async\" alt=\"\" src=\"https:\/\/www.europesays.com\/fr\/wp-content\/uploads\/2025\/09\/st_pollution.jpg\" style=\"height:203px; width:300px\"\/><\/p>\n<p>\u00a0<\/p>\n<p><strong>* * *<\/strong><\/p>\n<p><strong>LES STAGES D&rsquo;AUTOD\u00c9FENSE F\u00c9MINISTE<\/strong><\/p>\n<p>Dans une France qui compte d\u00e9sormais 10 \u00e0 12 millions d&rsquo;\u00e9lecteurs d&rsquo;extr\u00eame droite, 144 d\u00e9put\u00e9s et plus de 3 000 militants fachos organis\u00e9s, l&rsquo;autod\u00e9fense f\u00e9ministe est plus que recommand\u00e9e.<\/p>\n<p>De septembre \u00e0 d\u00e9cembre 2025, l&rsquo;association\u00a0<a href=\"http:\/\/ici-grenoble.org\/infospratiques\/fiche.php?id=492\" rel=\"nofollow noopener\" target=\"_blank\">Ancrage<\/a> propose des stages d&rsquo;autod\u00e9fense \u00e0 Grenoble, pour toutes les femmes cis, mais aussi les femmes trans, les personnes non-binaires et intersexes \u00e0 partir de 17 ans. Ces stages durent deux jours et sont \u00e0 prix libre.<\/p>\n<p>Pour plus d&rsquo;infos et s&rsquo;inscrire, <a href=\"https:\/\/ancrage-prevention.fr\/\" rel=\"nofollow noopener\" target=\"_blank\">c&rsquo;est ici<\/a>.<\/p>\n<p>\u00a0<\/p>\n<p><img decoding=\"async\" alt=\"\" src=\"https:\/\/www.europesays.com\/fr\/wp-content\/uploads\/2025\/09\/autodef_4.jpg\" style=\"height:200px; width:300px\"\/><\/p>\n<p>\u00a0<\/p>\n<p><strong>* * *<\/strong><\/p>\n<p><strong>QUI FABRIQUE DES CANCERS EN IS\u00c8RE ?<\/strong><\/p>\n<p>La <a href=\"https:\/\/www.auvergne-rhone-alpes.developpement-durable.gouv.fr\/la-surveillance-des-rejets-industriels-dans-l-eau-a23561.html\" rel=\"nofollow noopener\" target=\"_blank\">Direction r\u00e9gionale de l&rsquo;environnement<\/a> vient de mettre \u00e0 jour les r\u00e9sultats d&rsquo;analyse des <a href=\"https:\/\/www.auvergne-rhone-alpes.developpement-durable.gouv.fr\/la-surveillance-des-rejets-industriels-dans-l-eau-a23561.html\" rel=\"nofollow noopener\" target=\"_blank\">rejets industriels de PFAS en Is\u00e8re<\/a>. L&rsquo;usine\u00a0<a href=\"https:\/\/www.ici-grenoble.org\/article\/polemique-fallait-il-soutenir-les-vencorex\" rel=\"nofollow noopener\" target=\"_blank\">Vencorex<\/a>\u00a0de Pont-de-Claix b\u00e2t tous les records avec plus de 5 kilos de rejets par jour. L&rsquo;usine ST Micro de Crolles est <a href=\"https:\/\/stopmicro38.noblogs.org\/post\/2025\/08\/16\/st-nous-empoisonne-eternellement\/\" rel=\"nofollow noopener\" target=\"_blank\">\u00e9galement dans le collimateur<\/a>, comme de tr\u00e8s nombreux sites industriels du d\u00e9partement.<\/p>\n<p>Ces r\u00e9sultats confirment l&rsquo;<a href=\"https:\/\/www.lemonde.fr\/les-decodeurs\/article\/2023\/02\/23\/polluants-eternels-explorez-la-carte-d-europe-de-la-contamination-par-les-pfas_6162942_4355770.html\" rel=\"nofollow noopener\" target=\"_blank\">enqu\u00eate cartographique choc<\/a>\u00a0du journal Le Monde sur la contamination g\u00e9n\u00e9ralis\u00e9e du territoire et des corps humains par les substances per- et polyfluoroalkyl\u00e9es ultratoxiques employ\u00e9es pour fabriquer des plastiques, des peintures, des pesticides, des textiles imperm\u00e9ables ou des po\u00eales anti-adh\u00e9sives.<\/p>\n<p>Les zones les plus touch\u00e9es de l&rsquo;agglom\u00e9ration grenobloise sont consultables <a href=\"http:\/\/www.lemonde.fr\/les-decodeurs\/article\/2023\/02\/23\/polluants-eternels-explorez-la-carte-d-europe-de-la-contamination-par-les-pfas_6162942_4355770.html\" rel=\"nofollow noopener\" target=\"_blank\">sur une carte interactive<\/a>.<\/p>\n<p>(Dauphin\u00e9 Lib\u00e9r\u00e9, 17\/07\/25)<\/p>\n<p>\u00a0<\/p>\n<p><img decoding=\"async\" alt=\"\" src=\"https:\/\/www.europesays.com\/fr\/wp-content\/uploads\/2025\/09\/pfas_grenoble.png\" style=\"height:193px; width:300px\"\/><\/p>\n<p>\u00a0<\/p>\n<p><strong>* * *<\/strong><\/p>\n<p><strong>BAYER-MONSANTO, PAS VU PAS PRIS<\/strong><\/p>\n<p>Si les PFAS \u00e9taient roses fluo. Si le glyphosate \u00e9tait phosphorescent. Si les mol\u00e9cules industrielles toxiques \u00e9taient visibles et tra\u00e7ables. Si\u00a0le capitalisme industriel ne pouvait pas masquer ses d\u00e9sastres sanitaires par la dispersion et la dilution.<\/p>\n<p>Apr\u00e8s 7 ans de proc\u00e9dures, le tribunal judiciaire de Vienne ne reconna\u00eet pas la responsabilit\u00e9 de Bayer-Monsanto dans les graves malformations de Th\u00e9o Grataloup, n\u00e9 en 2007 avec une atr\u00e9sie de l&rsquo;oesophage.<\/p>\n<p>Sp\u00e9cialis\u00e9e dans les voyages \u00e9questres, Sabine Grataloup utilisait r\u00e9guli\u00e8rement du glyphosate pour d\u00e9sherber la carri\u00e8re de ses chevaux. Elle est convaincue que son fils a \u00e9t\u00e9 contamin\u00e9 un jour o\u00f9 elle effectuait un d\u00e9sherbage chimique, lorsqu&rsquo;elle \u00e9tait enceinte de 3 \u00e0 4 semaines, au moment o\u00f9 l&rsquo;oesophage et la trach\u00e9e du foetus se forment.<\/p>\n<p>Les avocats de la multinationale ont su exploiter les moindres failles du dossier, en particulier <a href=\"http:\/\/reporterre.net\/Glyphosate-la-famille-Grataloup-perd-au-tribunal-contre-Bayer-Monsanto\" rel=\"nofollow noopener\" target=\"_blank\">l&rsquo;impossibilit\u00e9 de prouver \u00e0 100%<\/a>\u00a0que le pesticide utilis\u00e9 par la famille Grataloup contenait du glyphosate produit par Monsanto.\u00a0Pas vu, pas pris.\u00a0<\/p>\n<p>Th\u00e9o a subi 54 op\u00e9rations chirurgicales depuis sa naissance. Il a adress\u00e9 un message poignant au pr\u00e9sident de la R\u00e9publique : <a href=\"https:\/\/www.vakita.fr\/fr\/glyphosate-theo-emmanuel-macron\" rel=\"nofollow noopener\" target=\"_blank\">Combien faudra-t-il de victimes encore pour que vous interdisiez cet herbicide ?<\/a><\/p>\n<p>Depuis que l\u2019industrie chimique existe, jamais un produit n\u2019a \u00e9t\u00e9 autant r\u00e9pandu dans l\u2019environnement, et donc dans nos corps. Le taux de contamination est tel que nos urines contiennent g\u00e9n\u00e9ralement <a href=\"https:\/\/reporterre.net\/Glyphosate-Tous-les-Francais-sont-contamines\" rel=\"nofollow noopener\" target=\"_blank\">plus d&rsquo;un nanogramme par millilitre<\/a>. Ce taux est g\u00e9n\u00e9ralement plus faible pour les personnes consommant des produits bio.<\/p>\n<p>Et alors ? Est-ce si grave ? Le glyphosate est-il r\u00e9ellement toxique, oui ou non ? Pour une r\u00e9ponse claire, nous vous recommandons une interview de St\u00e9phane Foucart : <a href=\"https:\/\/www.youtube.com\/watch?v=qEs0RA5suKU\" rel=\"nofollow noopener\" target=\"_blank\">Un scandale plan\u00e9taire digne d\u2019un thriller<\/a>.<\/p>\n<p>(Dauphin\u00e9 Lib\u00e9r\u00e9, 01\/08\/25)<\/p>\n<p>\u00a0<\/p>\n<p><strong>* * *<\/strong><\/p>\n<p><strong>NEYRPIC SUR LE TITANIC<\/strong><\/p>\n<p>D\u00e9j\u00e0 3,5 millions de client-e-s depuis janvier, probablement 5 millions d&rsquo;ici la fin de l&rsquo;ann\u00e9e. Moins d&rsquo;un an apr\u00e8s son <a href=\"https:\/\/www.youtube.com\/watch?v=pwJYhJr07YY\" rel=\"nofollow noopener\" target=\"_blank\">ouverture controvers\u00e9e<\/a>, le succ\u00e8s du centre commercial Neyrpic est redoutable. Une grande partie de la population raffole clairement du concept de Shopping Center \u00e0 l&rsquo;am\u00e9ricaine, un parc d&rsquo;attraction capitaliste avec plein d&rsquo;activit\u00e9s pour les enfants.<\/p>\n<p>En plein d\u00e9sastre climatique et social, le consum\u00e9risme poursuit sa course infernale. \u00c0 quel moment les boutiques du Titanic vont-elles commencer \u00e0 d\u00e9semplir ?<\/p>\n<p>(Dauphin\u00e9 Lib\u00e9r\u00e9, 11\/07\/25)<\/p>\n<p>\u00a0<\/p>\n<p><img decoding=\"async\" alt=\"\" src=\"https:\/\/www.europesays.com\/fr\/wp-content\/uploads\/2025\/09\/dino.jpg\" style=\"height:240px; width:300px\"\/><\/p>\n<p>\u00a0<\/p>\n<p><strong>* * *<\/strong><\/p>\n<p><strong>LE CAMP CLIMAT GRENOBLE<\/strong><\/p>\n<p>Le m\u00e9ga-feu dans l&rsquo;Aude vous a sid\u00e9r\u00e9 ? Le <a href=\"https:\/\/reporterre.net\/Les-scientifiques-du-GIEC-Le-changement-climatique-s-accelere-et-s-intensifie\" rel=\"nofollow noopener\" target=\"_blank\">dernier rapport du GIEC<\/a> et ses sc\u00e9narios <a href=\"https:\/\/reporterre.net\/Les-scientifiques-du-GIEC-Le-changement-climatique-s-accelere-et-s-intensifie\" rel=\"nofollow noopener\" target=\"_blank\">d&#8217;emballement climatique<\/a> vous donnent l&rsquo;impression de vivre un cauchemar au ralenti ?<\/p>\n<p>Pour s&rsquo;organiser face \u00e0 l&rsquo;inaction climatique, <a href=\"http:\/\/alternatiba.eu\/grenoble\" rel=\"nofollow noopener\" target=\"_blank\">Alternatiba et ANV-COP21 Grenoble<\/a> pr\u00e9parent un nouveau\u00a0<a href=\"https:\/\/alternatiba.eu\/grenoble\/wp-content\/uploads\/sites\/38\/2021\/08\/FAQ-CAMP-CLIMAT-GRENOBLE-2021.pdf\" rel=\"nofollow noopener\" target=\"_blank\">Camp Climat<\/a> du 26 au 28 septembre aux Jardins de Malissoles (Varces). Venez tisser des liens, \u00e9laborer des strat\u00e9gies et vous former entre personnes conscientes du d\u00e9sastre en cours.<\/p>\n<p>Pour plus d&rsquo;infos et s&rsquo;inscrire, <a href=\"https:\/\/grenoble.alternatiba.eu\/camp-climat-grenoble-2025\/\" rel=\"nofollow noopener\" target=\"_blank\">c&rsquo;est ici.<\/a><\/p>\n<p>\u00a0<\/p>\n<p><img decoding=\"async\" alt=\"\" src=\"https:\/\/www.europesays.com\/fr\/wp-content\/uploads\/2025\/09\/global-warming-60e66ad56855b605302809.jpg\" style=\"height:167px; width:300px\"\/><\/p>\n<p>\u00a0<\/p>\n<p><strong>* * *<\/strong><\/p>\n<p><strong>QUI RESPECTE L<\/strong><strong>&lsquo;ENCADREMENT DES LOYERS ?<\/strong><\/p>\n<p>Depuis le 20 janvier,\u00a0un syst\u00e8me d&rsquo;encadrement des loyers est exp\u00e9riment\u00e9 dans\u00a021 communes de l\u2019agglom\u00e9ration grenobloise : Le Fontanil-Cornillon, La Tronche, Meylan, Dom\u00e8ne, Murianette, Venon, Gi\u00e8res, Seyssins, Eybens, Poisat, Bresson, Claix, Varces-Alli\u00e8res-et-Riset, Saint-Egr\u00e8ve, Sassenage, Fontaine, Grenoble, Saint-Martin-d\u2019H\u00e8res, Seyssinet-Pariset, Le Pont-de-Claix et Echirolles.\u00a0Au total, plus de 65 000 locataires sont concern\u00e9-e-s.<\/p>\n<p>Dans ces communes, les loyers ne doivent pas exc\u00e9der 20% du loyer de r\u00e9f\u00e9rence fix\u00e9 par l&rsquo;<a href=\"https:\/\/www.observatoires-des-loyers.org\/64-56\/observatoires-des-loyers\/le-reseau-des-observatoires-locaux-des-loyers\/annuaireOLL\/observatoire-local-des-loyers-de-la-region-grenobloise.htm\" rel=\"nofollow noopener\" target=\"_blank\">Observatoire des loyers de la r\u00e9gion grenobloise<\/a>. Ce loyer avoisine actuellement les 11 euros par m\u00e8tre carr\u00e9.<\/p>\n<p>Cette loi est-elle respect\u00e9e ? Selon la <a href=\"http:\/\/https:\/\/www.fondationpourlelogement.fr\/encadrement-des-loyers-le-grand-ecart\/\" rel=\"nofollow\">Fondation pour le logement<\/a>, 45% des loyers du parc immobilier priv\u00e9 d\u00e9passent encore les prix \u00e9tablis par la pr\u00e9fecture. Si un propri\u00e9taire ne respecte pas l&rsquo;encadrement des loyers, il est cens\u00e9 payer une amende de 5 000 euros.<\/p>\n<p>Pour une critique constructive de l&rsquo;encadrement des loyers, nous vous recommandons l&rsquo;analyse du DAL Is\u00e8re : <a href=\"https:\/\/www.ici-grenoble.org\/uploads\/medias\/2023\/12\/1204\/dal-encadrement-loyers-656dad93ec694691054844.pdf\" rel=\"nofollow noopener\" target=\"_blank\">Encadrement des loyers, une avanc\u00e9e en trompe l&rsquo;oeil !<\/a><\/p>\n<p>(ADES, 12\/09\/25)<\/p>\n<p>\u00a0<\/p>\n<p><img decoding=\"async\" alt=\"\" src=\"https:\/\/www.europesays.com\/fr\/wp-content\/uploads\/2025\/09\/toit.jpeg\" style=\"height:221px; width:300px\"\/><\/p>\n<p>\u00a0<\/p>\n<p><strong>* * *<\/strong><\/p>\n<p><strong>LE NOMBRE ET LA RADICALIT\u00c9<\/strong><\/p>\n<p>Terminons par la belle surprise politique de la Rentr\u00e9e : le mouvement Bloquons tout.<\/p>\n<p>Le 10 septembre, le blocage du pays n&rsquo;a pas eu lieu, mais une mar\u00e9e humaine a envahi les rues de Grenoble. Quelle foule !\u00a011 000 manifestant-e-s selon la police, 30 000 selon certaines organisations. Le matin, les barrages filtrants ont r\u00e9uni plusieurs centaines de personnes, avec un <a href=\"https:\/\/www.ici-grenoble.org\/article\/alerte-la-repression-du-10-septembre-et-apres\" rel=\"nofollow noopener\" target=\"_blank\">niveau \u00e9lev\u00e9 de r\u00e9pression<\/a>.<\/p>\n<p>Est-ce le d\u00e9but d&rsquo;un puissant mouvement social ?\u00a0Face \u00e0 ce gouvernement de vieux riches et leur\u00a0d\u00e9ferlante de mesures in\u00e9galitaires, liberticides et climaticides, nous savons d\u00e9sormais que\u00a0le nombre ne suffit pas. Il nous faut aussi de la radicalit\u00e9. La force du mouvement Bloquons tout est de mettre en avant ce qui\u00a0terrorise clairement le\u00a0patronat : le blocage \u00e9conomique du pays. R\u00e9ussirons-nous \u00e0 construire ce rapport de forces ?<\/p>\n<p>Prochaine action : une grande manifestation interluttes et intersyndicale <a href=\"https:\/\/www.ici-grenoble.org\/evenement\/manifestation-interluttes-et-intersyndicale\" rel=\"nofollow noopener\" target=\"_blank\">jeudi 18 septembre \u00e0 10h<\/a> au d\u00e9part de la gare de Grenoble.<\/p>\n<p>\u00a0<\/p>\n<p><img decoding=\"async\" alt=\"\" src=\"https:\/\/www.europesays.com\/fr\/wp-content\/uploads\/2025\/09\/tulas.jpg\" style=\"height:203px; width:300px\"\/><\/p>\n<p>\u00a0<\/p>\n<p><strong>* * *<\/strong><\/p>\n<p><strong>Cette revue de presse vous a int\u00e9ress\u00e9 ? <\/strong><\/p>\n<p><strong>Nous vous recommandons la <a href=\"https:\/\/www.ici-grenoble.org\/article\/revue-de-presse-les-bonnes-nouvelles-davril\" rel=\"nofollow noopener\" target=\"_blank\">revue de presse de l&rsquo;\u00e9t\u00e9 2025<\/a> sur les futures r\u00e9quisitions \u00e0 Grenoble, une cartographie locale de l&rsquo;extr\u00eame droite<\/strong><strong>, les r\u00e9v\u00e9lations sur le cadmium\u00a0et plein d&rsquo;autres infos.<\/strong><\/p>\n<p><strong>N&rsquo;h\u00e9sitez pas \u00e0 consulter aussi\u00a0la <a href=\"https:\/\/www.ici-grenoble.org\/article\/revue-de-presse-les-bonnes-nouvelles-davril\" rel=\"nofollow noopener\" target=\"_blank\">revue de presse de mail 2025<\/a> sur une bombe chimique \u00e0 retardement \u00e0 Vencorex, un Grenoblois dans l&rsquo;Affaire du Si\u00e8cle, la fin du Th\u00e9 \u00e0 coudre, le sabotage d&rsquo;une station-service et plein d&rsquo;autres infos.<\/strong><\/p>\n<p><strong>Enfin, vous trouverez dans\u00a0la\u00a0<a href=\"https:\/\/www.ici-grenoble.org\/article\/revue-de-presse-les-bonnes-nouvelles-davril\" rel=\"nofollow noopener\" target=\"_blank\">revue de presse d&rsquo;avril 2025<\/a> des infos sur\u00a0une victoire du collectif \u00ab\u00a0Bouge ta Pref\u00a0\u00bb, l&rsquo;effet des biblioth\u00e8ques gratuites, le lancement de la S\u00e9curit\u00e9 sociale de l&rsquo;alimentation et plein d&rsquo;autres actualit\u00e9s.<\/strong><\/p>\n","protected":false},"excerpt":{"rendered":"Vous ne lisez pas le Dauphin\u00e9 Lib\u00e9r\u00e9, mais les infos marquantes vous int\u00e9ressent ? Chaque mois, le m\u00e9dia&hellip;\n","protected":false},"author":2,"featured_media":397494,"comment_status":"","ping_status":"","sticky":false,"template":"","format":"standard","meta":{"footnotes":""},"categories":[9566],"tags":[1111,11,2430,1777,674,1011,27,2731,12,25],"class_list":{"0":"post-397493","1":"post","2":"type-post","3":"status-publish","4":"format-standard","5":"has-post-thumbnail","7":"category-grenoble","8":"tag-actu","9":"tag-actualites","10":"tag-auvergne-rhone-alpes","11":"tag-eu","12":"tag-europe","13":"tag-fr","14":"tag-france","15":"tag-grenoble","16":"tag-news","17":"tag-republique-francaise"},"share_on_mastodon":{"url":"https:\/\/pubeurope.com\/@fr\/115219720960190435","error":""},"_links":{"self":[{"href":"https:\/\/www.europesays.com\/fr\/wp-json\/wp\/v2\/posts\/397493","targetHints":{"allow":["GET"]}}],"collection":[{"href":"https:\/\/www.europesays.com\/fr\/wp-json\/wp\/v2\/posts"}],"about":[{"href":"https:\/\/www.europesays.com\/fr\/wp-json\/wp\/v2\/types\/post"}],"author":[{"embeddable":true,"href":"https:\/\/www.europesays.com\/fr\/wp-json\/wp\/v2\/users\/2"}],"replies":[{"embeddable":true,"href":"https:\/\/www.europesays.com\/fr\/wp-json\/wp\/v2\/comments?post=397493"}],"version-history":[{"count":0,"href":"https:\/\/www.europesays.com\/fr\/wp-json\/wp\/v2\/posts\/397493\/revisions"}],"wp:featuredmedia":[{"embeddable":true,"href":"https:\/\/www.europesays.com\/fr\/wp-json\/wp\/v2\/media\/397494"}],"wp:attachment":[{"href":"https:\/\/www.europesays.com\/fr\/wp-json\/wp\/v2\/media?parent=397493"}],"wp:term":[{"taxonomy":"category","embeddable":true,"href":"https:\/\/www.europesays.com\/fr\/wp-json\/wp\/v2\/categories?post=397493"},{"taxonomy":"post_tag","embeddable":true,"href":"https:\/\/www.europesays.com\/fr\/wp-json\/wp\/v2\/tags?post=397493"}],"curies":[{"name":"wp","href":"https:\/\/api.w.org\/{rel}","templated":true}]}}