{"id":397496,"date":"2025-09-17T12:50:16","date_gmt":"2025-09-17T12:50:16","guid":{"rendered":"https:\/\/www.europesays.com\/fr\/397496\/"},"modified":"2025-09-17T12:50:16","modified_gmt":"2025-09-17T12:50:16","slug":"greve-et-manifestation-du-18-septembre-a-rennes-voici-ce-qui-est-prevu","status":"publish","type":"post","link":"https:\/\/www.europesays.com\/fr\/397496\/","title":{"rendered":"Gr\u00e8ve et manifestation du 18\u00a0septembre \u00e0 Rennes\u00a0: voici ce qui est pr\u00e9vu"},"content":{"rendered":"<p>C\u2019est un rendez-vous qu\u2019ils ont coch\u00e9 depuis longtemps. \u00c0 l\u2018appel de l\u2019Intersyndicale (CGT, CFDT, FO, CFTC, Unsa, CFE-CGC, FSU et Solidaires), une grande journ\u00e9e de mobilisation est pr\u00e9vue ce jeudi 18 septembre contre l\u2019aust\u00e9rit\u00e9. Plus de 250 cort\u00e8ges sont annonc\u00e9s un peu partout en France.<\/p>\n<p>Une semaine apr\u00e8s la mobilisation du mouvement Bloquons Tout qui avait r\u00e9uni plus de 200 000 personnes dans tout le pays, les autorit\u00e9s s\u2019attendent cette fois \u00e0 une mobilisation \u00ab beaucoup plus importante \u00bb.<\/p>\n<p>Quel est le parcours de la manifestation du 18 septembre \u00e0 Rennes ?<\/p>\n<p>\u00c0 Rennes, une grande manifestation est pr\u00e9vue au d\u00e9part de l\u2019esplanade Charles-de-Gaules \u00e0 partir de 13h. Le d\u00e9fil\u00e9 suivra un parcours classique avec un passage rue d\u2019Isly, boulevard de la Libert\u00e9, avant de rejoindre l\u2019avenue Jean-Janvier, le quai \u00c9mile-Zola, R\u00e9publique et, enfin, la place de Bretagne avant de revenir au point de d\u00e9part. Un cort\u00e8ge \u00ab Bloquons Tout 35 \u00bb a pr\u00e9vu de s\u2019installer en t\u00eate du d\u00e9fil\u00e9 devant les syndicats.<\/p>\n<p>\u00ab La mobilisation du 18 septembre se pr\u00e9pare activement \u00bb, indique Fabrice Lerestif, secr\u00e9taire d\u00e9partemental de Force Ouvri\u00e8re en Ille-et-Vilaine. \u00ab Le matin, parfois tr\u00e8s t\u00f4t des blocages \u00e9conomiques auront lieu avec des salari\u00e9s en gr\u00e8ve \u00bb. Des actions de blocage de la rocade pourraient \u00e9galement avoir lieu \u00e0 l\u2019aube \u00e0 l\u2019initiative des participants au mouvement \u00ab Bloquons Tout \u00bb. L\u2019AG Rennes Nord appelle notamment \u00e0 des rassemblements aux ronds points de ViaSilva et Joliot-Curie.<\/p>\n<p>En dehors de Rennes, d\u2019autres manifestations sont aussi pr\u00e9vues \u00e0 Saint-Malo, Redon, Vitr\u00e9, Foug\u00e8res et Guichen. Une grande op\u00e9ration escargot est \u00e9galement pr\u00e9vue en fin de matin\u00e9e au d\u00e9part du village des indign\u00e9s de Ch\u00e2teaugiron.<\/p>\n<p>Des perturbations dans les transports<\/p>\n<p>Cette journ\u00e9e de gr\u00e8ve aura des r\u00e9percussions sur la circulation des bus. Les lignes traversant le centre-ville seront d\u00e9vi\u00e9es entre 10 h et 17 h. Le Star a publi\u00e9 un tableau r\u00e9capitulatif <a href=\"https:\/\/www.star.fr\/manifestation\" target=\"_blank\" rel=\"nofollow noopener\">sur son site<\/a>.<\/p>\n<p>Le trafic ferroviaire sera \u00e9galement impact\u00e9 : si le service TGV ne devrait subir que de l\u00e9g\u00e8res perturbations, seuls trois trains sur cinq circuleront sur le r\u00e9seau TER BreizhGo.<\/p>\n<p>Quelles \u00e9coles seront ferm\u00e9es \u00e0 Rennes ?<\/p>\n<p>D\u2019apr\u00e8s la FSU-Snuipp, premier syndicat du primaire, pr\u00e8s d\u2019un tiers des enseignants du premier degr\u00e9 pourraient se d\u00e9clarer gr\u00e9vistes au niveau national. \u00c0 Rennes, une dizaine d\u2019\u00e9coles seront ferm\u00e9es parmi lesquelles Andr\u00e9 Chedid, Carle Bahon, Colombier, Marcel Pagnol ou encore Toni Morrison.<\/p>\n<p>Par ailleurs, l\u2018accueil p\u00e9riscolaire du matin est annul\u00e9 dans 57 \u00e9coles, et celui du soir dans 22 \u00e9coles. La cantine sera ferm\u00e9e dans la moiti\u00e9 des \u00e9tablissements.<\/p>\n","protected":false},"excerpt":{"rendered":"C\u2019est un rendez-vous qu\u2019ils ont coch\u00e9 depuis longtemps. \u00c0 l\u2018appel de l\u2019Intersyndicale (CGT, CFDT, FO, CFTC, Unsa, CFE-CGC,&hellip;\n","protected":false},"author":2,"featured_media":397497,"comment_status":"","ping_status":"","sticky":false,"template":"","format":"standard","meta":{"footnotes":""},"categories":[2821],"tags":[1111,11,829,765,1777,674,1011,27,848,11639,12,584,25],"class_list":{"0":"post-397496","1":"post","2":"type-post","3":"status-publish","4":"format-standard","5":"has-post-thumbnail","7":"category-rennes","8":"tag-actu","9":"tag-actualites","10":"tag-bretagne","11":"tag-en-continu","12":"tag-eu","13":"tag-europe","14":"tag-fr","15":"tag-france","16":"tag-ille-et-vilaine","17":"tag-mouvement-social","18":"tag-news","19":"tag-rennes","20":"tag-republique-francaise"},"share_on_mastodon":{"url":"https:\/\/pubeurope.com\/@fr\/115219727942138918","error":""},"_links":{"self":[{"href":"https:\/\/www.europesays.com\/fr\/wp-json\/wp\/v2\/posts\/397496","targetHints":{"allow":["GET"]}}],"collection":[{"href":"https:\/\/www.europesays.com\/fr\/wp-json\/wp\/v2\/posts"}],"about":[{"href":"https:\/\/www.europesays.com\/fr\/wp-json\/wp\/v2\/types\/post"}],"author":[{"embeddable":true,"href":"https:\/\/www.europesays.com\/fr\/wp-json\/wp\/v2\/users\/2"}],"replies":[{"embeddable":true,"href":"https:\/\/www.europesays.com\/fr\/wp-json\/wp\/v2\/comments?post=397496"}],"version-history":[{"count":0,"href":"https:\/\/www.europesays.com\/fr\/wp-json\/wp\/v2\/posts\/397496\/revisions"}],"wp:featuredmedia":[{"embeddable":true,"href":"https:\/\/www.europesays.com\/fr\/wp-json\/wp\/v2\/media\/397497"}],"wp:attachment":[{"href":"https:\/\/www.europesays.com\/fr\/wp-json\/wp\/v2\/media?parent=397496"}],"wp:term":[{"taxonomy":"category","embeddable":true,"href":"https:\/\/www.europesays.com\/fr\/wp-json\/wp\/v2\/categories?post=397496"},{"taxonomy":"post_tag","embeddable":true,"href":"https:\/\/www.europesays.com\/fr\/wp-json\/wp\/v2\/tags?post=397496"}],"curies":[{"name":"wp","href":"https:\/\/api.w.org\/{rel}","templated":true}]}}