{"id":397498,"date":"2025-09-17T12:51:12","date_gmt":"2025-09-17T12:51:12","guid":{"rendered":"https:\/\/www.europesays.com\/fr\/397498\/"},"modified":"2025-09-17T12:51:12","modified_gmt":"2025-09-17T12:51:12","slug":"a-bubry-un-homme-transporte-en-helicoptere-a-rennes-apres-avoir-attente-a-ses-jours","status":"publish","type":"post","link":"https:\/\/www.europesays.com\/fr\/397498\/","title":{"rendered":"\u00c0 Bubry, un homme transport\u00e9 en h\u00e9licopt\u00e8re \u00e0 Rennes, apr\u00e8s avoir attent\u00e9 \u00e0 ses jours"},"content":{"rendered":"<p>Il \u00e9tait environ minuit ce mercredi 17 septembre 2025 quand les secours ont \u00e9t\u00e9 alert\u00e9s. \u00c0 Bubry, \ufeffun homme venait de tenter de mettre fin \u00e0 ses jours \u00e0 l\u2019aide d\u2019une arme \u00e0 feu. Il se trouvait dans sa voiture, sur la voie publique. Les secours sont intervenus sur place. L\u2019h\u00e9licopt\u00e8re Dragon 56 de la S\u00e9curit\u00e9 civile s\u2019est pos\u00e9 \u00e0 Gu\u00e9men\u00e9-sur-Scorff afin de prendre en charge la victime. Celle-ci a ensuite \u00e9t\u00e9 h\u00e9liport\u00e9e jusqu\u2019au centre hospitalier de Pontchaillou, \u00e0 Rennes. L\u2019homme est toujours en soin aujourd\u2019hui.<\/p>\n","protected":false},"excerpt":{"rendered":"Il \u00e9tait environ minuit ce mercredi 17 septembre 2025 quand les secours ont \u00e9t\u00e9 alert\u00e9s. \u00c0 Bubry, \ufeffun&hellip;\n","protected":false},"author":2,"featured_media":397499,"comment_status":"","ping_status":"","sticky":false,"template":"","format":"standard","meta":{"footnotes":""},"categories":[2821],"tags":[1111,11,829,52915,765,1777,674,1011,27,1781,3729,12,584,25],"class_list":{"0":"post-397498","1":"post","2":"type-post","3":"status-publish","4":"format-standard","5":"has-post-thumbnail","7":"category-rennes","8":"tag-actu","9":"tag-actualites","10":"tag-bretagne","11":"tag-bubry","12":"tag-en-continu","13":"tag-eu","14":"tag-europe","15":"tag-fr","16":"tag-france","17":"tag-lorient","18":"tag-morbihan","19":"tag-news","20":"tag-rennes","21":"tag-republique-francaise"},"share_on_mastodon":{"url":"https:\/\/pubeurope.com\/@fr\/115219731838064589","error":""},"_links":{"self":[{"href":"https:\/\/www.europesays.com\/fr\/wp-json\/wp\/v2\/posts\/397498","targetHints":{"allow":["GET"]}}],"collection":[{"href":"https:\/\/www.europesays.com\/fr\/wp-json\/wp\/v2\/posts"}],"about":[{"href":"https:\/\/www.europesays.com\/fr\/wp-json\/wp\/v2\/types\/post"}],"author":[{"embeddable":true,"href":"https:\/\/www.europesays.com\/fr\/wp-json\/wp\/v2\/users\/2"}],"replies":[{"embeddable":true,"href":"https:\/\/www.europesays.com\/fr\/wp-json\/wp\/v2\/comments?post=397498"}],"version-history":[{"count":0,"href":"https:\/\/www.europesays.com\/fr\/wp-json\/wp\/v2\/posts\/397498\/revisions"}],"wp:featuredmedia":[{"embeddable":true,"href":"https:\/\/www.europesays.com\/fr\/wp-json\/wp\/v2\/media\/397499"}],"wp:attachment":[{"href":"https:\/\/www.europesays.com\/fr\/wp-json\/wp\/v2\/media?parent=397498"}],"wp:term":[{"taxonomy":"category","embeddable":true,"href":"https:\/\/www.europesays.com\/fr\/wp-json\/wp\/v2\/categories?post=397498"},{"taxonomy":"post_tag","embeddable":true,"href":"https:\/\/www.europesays.com\/fr\/wp-json\/wp\/v2\/tags?post=397498"}],"curies":[{"name":"wp","href":"https:\/\/api.w.org\/{rel}","templated":true}]}}