{"id":397508,"date":"2025-09-17T12:56:09","date_gmt":"2025-09-17T12:56:09","guid":{"rendered":"https:\/\/www.europesays.com\/fr\/397508\/"},"modified":"2025-09-17T12:56:09","modified_gmt":"2025-09-17T12:56:09","slug":"dix-personnes-confinees-apres-une-fuite-de-gaz-dans-une-commune-au-sud-de-nantes","status":"publish","type":"post","link":"https:\/\/www.europesays.com\/fr\/397508\/","title":{"rendered":"Dix personnes confin\u00e9es apr\u00e8s une fuite de gaz dans une commune au sud de Nantes"},"content":{"rendered":"<p>            Par<br \/>\n        <strong><br \/>\n            <a href=\"https:\/\/actu.fr\/auteur\/redaction-nantes\" title=\"Consulter tous les articles de R\u00e9daction Nantes\" rel=\"nofollow noopener\" target=\"_blank\">R\u00e9daction Nantes<\/a><br \/>\n        <\/strong><\/p>\n<p>        Publi\u00e9 le<\/p>\n<p>            17 sept. 2025 \u00e0 13h48        <\/p>\n<p>Ce mercredi 17\u00a0septembre 2025, peu apr\u00e8s 9\u2009h\u200930, les pompiers sont intervenus au 9 avenue Armand Duez, \u00e0 <a href=\"https:\/\/actu.fr\/pays-de-la-loire\/saint-sebastien-sur-loire_44190\" rel=\"nofollow noopener\" target=\"_blank\">Saint-S\u00e9bastien-sur-Loire<\/a>, pr\u00e8s de Nantes. <strong>Une fuite de gaz a \u00e9t\u00e9 provoqu\u00e9e par l\u2019arrachement d\u2019une canalisation sur la voie publique<\/strong>.<\/p>\n<p>Un foyer priv\u00e9 de gaz<\/p>\n<p class=\" wall-content\">Selon le bulletin du centre op\u00e9rationnel d\u00e9partemental d\u2019incendie et de secours (Codis), <strong>dix personnes ont \u00e9t\u00e9 confin\u00e9es au niveau de huit maisons<\/strong>. Les mesures effectu\u00e9es \u00e9taient <strong>\u00ab\u2009non significatives\u2009\u00bb<\/strong> apr\u00e8s l\u2019intervention de GRDF.<\/p>\n<p class=\" wall-content\">Un foyer est priv\u00e9 de gaz suite \u00e0 l\u2019op\u00e9ration. Cette derni\u00e8re a mobilis\u00e9 la pr\u00e9sence de treize pompiers.<\/p>\n<p class=\" wall-content\">Personnalisez votre actualit\u00e9 en ajoutant vos villes et m\u00e9dias en favori avec <a href=\"https:\/\/moncompte.actu.fr\" title=\"D\u00e9couvez Mon Actu\" rel=\"nofollow noopener\" data-trk=\"{&quot;cta&quot;:{&quot;action&quot;:&quot;https:\\\/\\\/moncompte.actu.fr&quot;,&quot;category&quot;:&quot;mon compte&quot;,&quot;from&quot;:&quot;article footer&quot;,&quot;name&quot;:&quot;Mon actu&quot;,&quot;type&quot;:&quot;cta&quot;}}\" target=\"_blank\">Mon Actu<\/a>.<\/p>\n","protected":false},"excerpt":{"rendered":"Par R\u00e9daction Nantes Publi\u00e9 le 17 sept. 2025 \u00e0 13h48 Ce mercredi 17\u00a0septembre 2025, peu apr\u00e8s 9\u2009h\u200930, les&hellip;\n","protected":false},"author":2,"featured_media":281650,"comment_status":"","ping_status":"","sticky":false,"template":"","format":"standard","meta":{"footnotes":""},"categories":[2818],"tags":[1111,11,1777,674,118,1011,27,843,766,12,2636,1311,25],"class_list":{"0":"post-397508","1":"post","2":"type-post","3":"status-publish","4":"format-standard","5":"has-post-thumbnail","7":"category-nantes","8":"tag-actu","9":"tag-actualites","10":"tag-eu","11":"tag-europe","12":"tag-faits-divers","13":"tag-fr","14":"tag-france","15":"tag-gaz","16":"tag-nantes","17":"tag-news","18":"tag-pays-de-la-loire","19":"tag-pompiers","20":"tag-republique-francaise"},"share_on_mastodon":{"url":"https:\/\/pubeurope.com\/@fr\/115219751583017373","error":""},"_links":{"self":[{"href":"https:\/\/www.europesays.com\/fr\/wp-json\/wp\/v2\/posts\/397508","targetHints":{"allow":["GET"]}}],"collection":[{"href":"https:\/\/www.europesays.com\/fr\/wp-json\/wp\/v2\/posts"}],"about":[{"href":"https:\/\/www.europesays.com\/fr\/wp-json\/wp\/v2\/types\/post"}],"author":[{"embeddable":true,"href":"https:\/\/www.europesays.com\/fr\/wp-json\/wp\/v2\/users\/2"}],"replies":[{"embeddable":true,"href":"https:\/\/www.europesays.com\/fr\/wp-json\/wp\/v2\/comments?post=397508"}],"version-history":[{"count":0,"href":"https:\/\/www.europesays.com\/fr\/wp-json\/wp\/v2\/posts\/397508\/revisions"}],"wp:featuredmedia":[{"embeddable":true,"href":"https:\/\/www.europesays.com\/fr\/wp-json\/wp\/v2\/media\/281650"}],"wp:attachment":[{"href":"https:\/\/www.europesays.com\/fr\/wp-json\/wp\/v2\/media?parent=397508"}],"wp:term":[{"taxonomy":"category","embeddable":true,"href":"https:\/\/www.europesays.com\/fr\/wp-json\/wp\/v2\/categories?post=397508"},{"taxonomy":"post_tag","embeddable":true,"href":"https:\/\/www.europesays.com\/fr\/wp-json\/wp\/v2\/tags?post=397508"}],"curies":[{"name":"wp","href":"https:\/\/api.w.org\/{rel}","templated":true}]}}