{"id":397523,"date":"2025-09-17T13:05:12","date_gmt":"2025-09-17T13:05:12","guid":{"rendered":"https:\/\/www.europesays.com\/fr\/397523\/"},"modified":"2025-09-17T13:05:12","modified_gmt":"2025-09-17T13:05:12","slug":"rtm-a-marseille-ces-stations-de-tramway-fermees-plusieurs-heures-voici-pourquoi","status":"publish","type":"post","link":"https:\/\/www.europesays.com\/fr\/397523\/","title":{"rendered":"RTM \u00e0 Marseille. Ces stations de tramway ferm\u00e9es plusieurs heures : voici pourquoi"},"content":{"rendered":"<p>            Par<br \/>\n        <strong><br \/>\n            <a href=\"https:\/\/actu.fr\/auteur\/fabien-binacchi\" title=\"Consulter tous les articles de Fabien Binacchi\" rel=\"nofollow noopener\" target=\"_blank\">Fabien Binacchi<\/a><br \/>\n        <\/strong><\/p>\n<p>        Publi\u00e9 le<\/p>\n<p>            17 sept. 2025 \u00e0 14h16        <\/p>\n<p>C\u2019est une perturbation totalement ind\u00e9pendante de celles li\u00e9es <a href=\"https:\/\/actu.fr\/provence-alpes-cote-d-azur\/marseille_13055\/greve-du-18-septembre-a-marseille-metro-tram-bus-quel-impact-sur-les-lignes-de-la-rtm_63171499.html\" rel=\"nofollow noopener\" target=\"_blank\">au mouvement social<\/a> pr\u00e9vu ce jeudi 18\u00a0septembre. Dans la soir\u00e9e, ce mercredi\u00a017, <strong>la ligne de tramway T1 de <a href=\"https:\/\/actu.fr\/marseille\/\" rel=\"nofollow noopener\" target=\"_blank\">Marseille<\/a> ne fonctionnera qu\u2019en partie.<\/strong> Voil\u00e0 tous les d\u00e9tails.<\/p>\n<p>Six stations non desservies<\/p>\n<p class=\" wall-content\">Attention, si vous aviez pr\u00e9vu d\u2019emprunter le T1 <strong>apr\u00e8s 21h,<\/strong> ce mercredi, il ne circulera qu\u2019entre Noailles et Saint-Pierre jusqu\u2019\u00e0 la fin du service.<\/p>\n<p class=\" wall-content\"><strong>Six stations ne sont pas desservies\u2009:<\/strong> il s\u2019agit de La Parette, La Boiseraie, Air Bel, La Grognarde, William Booth et Les Caillols, le terminus habituel.<\/p>\n<p class=\" wall-content\">Le dernier d\u00e9part de Noailles pour Les Caillols est pr\u00e9vu \u00e0 21h15, dans l\u2019autre sens, depuis Les Caillols et en direction de Noailles, il est pr\u00e9vu \u00e0 21h47.<\/p>\n<p>Li\u00e9 \u00e0 la mise en service du nouveau tramway<\/p>\n<p class=\" wall-content\">La RTM indique sur son site Internet que cette perturbation s\u2019inscrit \u00ab\u2009dans le cadre de la mise en service du nouveau tramway\u2009\u00bb, sans davantage de pr\u00e9cision.<\/p>\n<p class=\" wall-content\">Elle a en tout cas pr\u00e9vu <strong>un plan B\u2009:<\/strong><\/p>\n<blockquote class=\"ac-article-quote wall-content\">\n<p>\u00ab\u00a0Un\u00a0service de bus de substitution\u00a0assure la desserte entre les stations Saint-Pierre et Les Caillols d\u00e8s 22h00 avec une fr\u00e9quence de 15 minutes.\u00a0\u00bb<\/p>\n<p>    <strong>La RTM<\/strong>\n            <\/p><\/blockquote>\n<p>Votre r\u00e9gion, votre actu !<\/p>\n<p>Recevez chaque jour les infos qui comptent pour vous.<\/p>\n<p>\t<a href=\"https:\/\/actu.fr\/newsletter\" class=\"ac-btn ac-btn--corner ac-btn--medium ac-btn--blue800\" rel=\"nofollow noopener\" target=\"_blank\">S&rsquo;incrire<\/a><\/p>\n<p class=\" wall-content\">Ces navettes circuleront pendant plus de deux heures. Les derniers d\u00e9parts sont programm\u00e9s \u00e0 <strong>0h15 depuis les Caillols<\/strong> et \u00e0 <strong>0h33 au d\u00e9part de Saint-Pierre.<\/strong><\/p>\n<p class=\" wall-content\">D\u00e8s la reprise du service, vers 5h ce jeudi 18\u00a0septembre, le trafic restera perturb\u00e9 sur la L1, mais \u00e0 cause de la gr\u00e8ve cette fois-ci. Au mieux, la RTM ne pr\u00e9voit qu\u2019<strong>un passage toutes les 9\u00a0minutes.<\/strong> La r\u00e9gie \u00ab\u2009invite les voyageurs \u00e0 anticiper leurs d\u00e9placements\u2009\u00bb.<\/p>\n<p class=\" wall-content\">Personnalisez votre actualit\u00e9 en ajoutant vos villes et m\u00e9dias en favori avec <a href=\"https:\/\/moncompte.actu.fr\" title=\"D\u00e9couvez Mon Actu\" rel=\"nofollow noopener\" data-trk=\"{&quot;cta&quot;:{&quot;action&quot;:&quot;https:\\\/\\\/moncompte.actu.fr&quot;,&quot;category&quot;:&quot;mon compte&quot;,&quot;from&quot;:&quot;article footer&quot;,&quot;name&quot;:&quot;Mon actu&quot;,&quot;type&quot;:&quot;cta&quot;}}\" target=\"_blank\">Mon Actu<\/a>.<\/p>\n","protected":false},"excerpt":{"rendered":"Par Fabien Binacchi Publi\u00e9 le 17 sept. 2025 \u00e0 14h16 C\u2019est une perturbation totalement ind\u00e9pendante de celles li\u00e9es&hellip;\n","protected":false},"author":2,"featured_media":397524,"comment_status":"","ping_status":"","sticky":false,"template":"","format":"standard","meta":{"footnotes":""},"categories":[2814],"tags":[1111,11,1777,674,1011,27,884,12,882,25,10783,104,2803],"class_list":{"0":"post-397523","1":"post","2":"type-post","3":"status-publish","4":"format-standard","5":"has-post-thumbnail","7":"category-marseille","8":"tag-actu","9":"tag-actualites","10":"tag-eu","11":"tag-europe","12":"tag-fr","13":"tag-france","14":"tag-marseille","15":"tag-news","16":"tag-provence-alpes-cote-dazur","17":"tag-republique-francaise","18":"tag-rtm","19":"tag-societe","20":"tag-transport"},"share_on_mastodon":{"url":"https:\/\/pubeurope.com\/@fr\/115219787104329445","error":""},"_links":{"self":[{"href":"https:\/\/www.europesays.com\/fr\/wp-json\/wp\/v2\/posts\/397523","targetHints":{"allow":["GET"]}}],"collection":[{"href":"https:\/\/www.europesays.com\/fr\/wp-json\/wp\/v2\/posts"}],"about":[{"href":"https:\/\/www.europesays.com\/fr\/wp-json\/wp\/v2\/types\/post"}],"author":[{"embeddable":true,"href":"https:\/\/www.europesays.com\/fr\/wp-json\/wp\/v2\/users\/2"}],"replies":[{"embeddable":true,"href":"https:\/\/www.europesays.com\/fr\/wp-json\/wp\/v2\/comments?post=397523"}],"version-history":[{"count":0,"href":"https:\/\/www.europesays.com\/fr\/wp-json\/wp\/v2\/posts\/397523\/revisions"}],"wp:featuredmedia":[{"embeddable":true,"href":"https:\/\/www.europesays.com\/fr\/wp-json\/wp\/v2\/media\/397524"}],"wp:attachment":[{"href":"https:\/\/www.europesays.com\/fr\/wp-json\/wp\/v2\/media?parent=397523"}],"wp:term":[{"taxonomy":"category","embeddable":true,"href":"https:\/\/www.europesays.com\/fr\/wp-json\/wp\/v2\/categories?post=397523"},{"taxonomy":"post_tag","embeddable":true,"href":"https:\/\/www.europesays.com\/fr\/wp-json\/wp\/v2\/tags?post=397523"}],"curies":[{"name":"wp","href":"https:\/\/api.w.org\/{rel}","templated":true}]}}