{"id":397551,"date":"2025-09-17T13:22:13","date_gmt":"2025-09-17T13:22:13","guid":{"rendered":"https:\/\/www.europesays.com\/fr\/397551\/"},"modified":"2025-09-17T13:22:13","modified_gmt":"2025-09-17T13:22:13","slug":"la-commission-europeenne-propose-des-sanctions-contre-israel","status":"publish","type":"post","link":"https:\/\/www.europesays.com\/fr\/397551\/","title":{"rendered":"la Commission europ\u00e9enne propose des sanctions contre Isra\u00ebl"},"content":{"rendered":"<p>En r\u00e9ponse \u00e0 sa campagne militaire dans la bande de Gaza, la Commission europ\u00e9enne a d\u00e9voil\u00e9 une s\u00e9rie de mesures ciblant Isra\u00ebl.\u00a0Je veux \u00eatre tr\u00e8s claire, le but n&rsquo;est pas de punir Isra\u00ebl. Le but est d&rsquo;am\u00e9liorer la situation humanitaire \u00e0 Gaza \u00bb, a n\u00e9anmoins justifi\u00e9\u00a0sa vice-pr\u00e9sidente, Kaja Kallas, devant la presse.<\/p>\n<p>La Commission\u00a0propose notamment de taxer davantage les produits isra\u00e9liens import\u00e9s dans l&rsquo;UE. Les mesures commerciales devraient, si elles \u00e9taient adopt\u00e9es par les pays de l&rsquo;UE, rench\u00e9rir de quelque 227 millions d&rsquo;euros le co\u00fbt de certaines importations isra\u00e9liennes, principalement d&rsquo;origine agricole. Seuls 37 % des 15,9 milliards d&rsquo;euros d&rsquo;exportations isra\u00e9liennes vers l&rsquo;UE, son premier partenaire commercial, seraient concern\u00e9s par ces sanctions, essentiellement dans le secteur agroalimentaire.<\/p>\n<p>La Commission europ\u00e9enne a \u00e9galement propos\u00e9 de sanctionner deux ministres isra\u00e9liens d&rsquo;extr\u00eame droite, Itamar Ben-Gvir, charg\u00e9 de la S\u00e9curit\u00e9 nationale, et Bezalel Smotrich charg\u00e9 des Finances, selon un responsable de l&rsquo;UE.\u00a0L&rsquo;ex\u00e9cutif europ\u00e9en avait d\u00e9j\u00e0 propos\u00e9 en ao\u00fbt 2024 de sanctionner ces deux ministres. Mais cette tentative s&rsquo;\u00e9tait r\u00e9v\u00e9l\u00e9e vaine, faute d&rsquo;accord au sein des 27 \u00c9tats membres.<\/p>\n<p>Suspension\u00a0du soutien bilat\u00e9ral \u00e0 Isra\u00ebl<\/p>\n<p>En outre, mercredi dernier, la pr\u00e9sidente de la Commission avait\u00a0hauss\u00e9 le ton contre le gouvernement isra\u00e9lien en proposant des sanctions contre les\u00a0\u00ab ministres extr\u00e9mistes \u00bb.\u00a0Elle avait \u00e9galement plaid\u00e9 pour\u00a0\u00ab une suspension partielle de l&rsquo;accord d&rsquo;association (UE-Isra\u00ebl) sur les questions li\u00e9es au commerce \u00bb.<\/p>\n<p>Dans un discours sur l&rsquo;\u00e9tat de l&rsquo;Union prononc\u00e9 devant le Parlement europ\u00e9en \u00e0 Strasbourg,\u00a0elle avait \u00e9galement d\u00e9clar\u00e9 que la Commission suspendrait son soutien bilat\u00e9ral \u00e0 Isra\u00ebl, sans affecter toutefois la collaboration avec la soci\u00e9t\u00e9 civile isra\u00e9lienne et Yad Vashem, le principal m\u00e9morial isra\u00e9lien de l&rsquo;Holocauste. Isra\u00ebl lui avait aussit\u00f4t reproch\u00e9 d&rsquo;envoyer \u00ab un mauvais message, qui renforce le Hamas \u00bb.<\/p>\n<p>Des mesures difficiles \u00e0 faire adopter<\/p>\n<p>Les mesures propos\u00e9es mercredi seront toutefois tr\u00e8s difficiles \u00e0 faire adopter par des \u00c9tats membres, profond\u00e9ment divis\u00e9s sur le sujet. Les sanctions contre les ministres\u00a0requi\u00e8rent l&rsquo;unanimit\u00e9 des pays de l&rsquo;UE pour \u00eatre adopt\u00e9es. Celles\u00a0dans le domaine commercial ne n\u00e9cessitent que la majorit\u00e9 qualifi\u00e9e des \u00c9tats membres. Mais l\u00e0 encore, un accord sera difficile \u00e0 obtenir, jugent des diplomates \u00e0 Bruxelles.<\/p>\n<p>Pr\u00e9c\u00e9demment, la Commission avait propos\u00e9 de restreindre l&rsquo;acc\u00e8s d&rsquo;Isra\u00ebl \u00e0 son programme phare de financement de la recherche. Mais elle n&rsquo;avait pas r\u00e9ussi \u00e0 obtenir un soutien suffisant des pays membres de l&rsquo;UE pour cette initiative. Au sein de l&rsquo;UE, \u00ab nous ne pouvons pas nous permettre d&rsquo;\u00eatre paralys\u00e9s \u00bb, a tent\u00e9 de conjurer la pr\u00e9sidente de la Commission mercredi dernier.<\/p>\n<p>Face \u00e0 cette paralysie de l&rsquo;Union europ\u00e9enne, plusieurs pays ont d\u00e9cid\u00e9 d&rsquo;agir de leur c\u00f4t\u00e9. D\u00e9but septembre, la Belgique a ainsi d\u00e9cid\u00e9 de prendre unilat\u00e9ralement une s\u00e9rie de sanctions contre Isra\u00ebl ou certains ministres du gouvernement de Benyamin Netanyahou, et s&rsquo;est engag\u00e9e \u00e0 se joindre aux pays &#8211; dont la France &#8211; qui reconna\u00eetront l&rsquo;\u00c9tat de Palestine\u00a0lors de la prochaine assembl\u00e9e g\u00e9n\u00e9rale de l&rsquo;ONU.<\/p>\n","protected":false},"excerpt":{"rendered":"En r\u00e9ponse \u00e0 sa campagne militaire dans la bande de Gaza, la Commission europ\u00e9enne a d\u00e9voil\u00e9 une s\u00e9rie&hellip;\n","protected":false},"author":2,"featured_media":397552,"comment_status":"","ping_status":"","sticky":false,"template":"","format":"standard","meta":{"footnotes":""},"categories":[1586],"tags":[17,11,10349,154,33,1777,674,1779,4538,40614,1011,27,8407,40397,12,6088,25,1778,364],"class_list":{"0":"post-397551","1":"post","2":"type-post","3":"status-publish","4":"format-standard","5":"has-post-thumbnail","7":"category-europe","8":"tag-17","9":"tag-actualites","10":"tag-commission","11":"tag-des","12":"tag-economie","13":"tag-eu","14":"tag-europe","15":"tag-european-union","16":"tag-europeenne","17":"tag-extremistes","18":"tag-fr","19":"tag-france","20":"tag-importations","21":"tag-ministres","22":"tag-news","23":"tag-propose","24":"tag-republique-francaise","25":"tag-ue","26":"tag-union-europeenne"},"share_on_mastodon":{"url":"https:\/\/pubeurope.com\/@fr\/115219853749603888","error":""},"_links":{"self":[{"href":"https:\/\/www.europesays.com\/fr\/wp-json\/wp\/v2\/posts\/397551","targetHints":{"allow":["GET"]}}],"collection":[{"href":"https:\/\/www.europesays.com\/fr\/wp-json\/wp\/v2\/posts"}],"about":[{"href":"https:\/\/www.europesays.com\/fr\/wp-json\/wp\/v2\/types\/post"}],"author":[{"embeddable":true,"href":"https:\/\/www.europesays.com\/fr\/wp-json\/wp\/v2\/users\/2"}],"replies":[{"embeddable":true,"href":"https:\/\/www.europesays.com\/fr\/wp-json\/wp\/v2\/comments?post=397551"}],"version-history":[{"count":0,"href":"https:\/\/www.europesays.com\/fr\/wp-json\/wp\/v2\/posts\/397551\/revisions"}],"wp:featuredmedia":[{"embeddable":true,"href":"https:\/\/www.europesays.com\/fr\/wp-json\/wp\/v2\/media\/397552"}],"wp:attachment":[{"href":"https:\/\/www.europesays.com\/fr\/wp-json\/wp\/v2\/media?parent=397551"}],"wp:term":[{"taxonomy":"category","embeddable":true,"href":"https:\/\/www.europesays.com\/fr\/wp-json\/wp\/v2\/categories?post=397551"},{"taxonomy":"post_tag","embeddable":true,"href":"https:\/\/www.europesays.com\/fr\/wp-json\/wp\/v2\/tags?post=397551"}],"curies":[{"name":"wp","href":"https:\/\/api.w.org\/{rel}","templated":true}]}}