{"id":397611,"date":"2025-09-17T13:59:09","date_gmt":"2025-09-17T13:59:09","guid":{"rendered":"https:\/\/www.europesays.com\/fr\/397611\/"},"modified":"2025-09-17T13:59:09","modified_gmt":"2025-09-17T13:59:09","slug":"des-teor-et-des-tramways-plus-frequents-des-janvier-2026-a-rouen-transdev-presente-ses-ambitions","status":"publish","type":"post","link":"https:\/\/www.europesays.com\/fr\/397611\/","title":{"rendered":"Des TEOR et des tramways plus fr\u00e9quents d\u00e8s janvier 2026 \u00e0 Rouen : Transdev pr\u00e9sente ses ambitions"},"content":{"rendered":"<p>            Par<br \/>\n        <strong><br \/>\n            <a href=\"https:\/\/actu.fr\/auteur\/thomas-rideau\" title=\"Consulter tous les articles de Thomas Rideau\" target=\"_blank\" rel=\"noopener\">Thomas Rideau<\/a><br \/>\n        <\/strong><\/p>\n<p>        Publi\u00e9 le<\/p>\n<p>            17 sept. 2025 \u00e0 15h39        <\/p>\n<p>\u00ab\u2009Rouen, c\u2019est une vitrine pour nous.\u2009\u00bb Ce mercredi 17\u00a0septembre 2025, le PDG de Transdev, <strong>Thierry Mallet<\/strong>, \u00e9tait \u00e0 <a href=\"https:\/\/actu.fr\/normandie\/rouen_76540\" target=\"_blank\" rel=\"noopener\">Rouen<\/a> pour se f\u00e9liciter du nouveau march\u00e9 obtenu par son entreprise. Transdev a en effet remport\u00e9 la gestion des transports en commun dans la <a href=\"https:\/\/actu.fr\/tag\/metropole-rouen\" target=\"_blank\" rel=\"noopener\">M\u00e9tropole Rouennaise<\/a> jusqu\u2019en 2034. <strong>Un gigantesque march\u00e9<\/strong> qui s\u2019\u00e9l\u00e8ve \u00e0 1,2\u00a0milliard d\u2019euros sur neuf ans. Avec ce renouvellement, certaines nouveaut\u00e9s vont venir enrichir le r\u00e9seau rouennais tr\u00e8s vite.<\/p>\n<p>Plus de bus et de tramways<\/p>\n<p class=\" wall-content\">Les transports en commun sont-ils en train d\u2019entrer dans les habitudes des Rouennais\u2009? C\u2019est Cyrille Moreau, le vice-pr\u00e9sident aux mobilit\u00e9s qui le glissent\u2009: en France, l\u2019utilisation des bus a baiss\u00e9 de 10\u2009%, \u00e0 Rouen, c\u2019est l\u2019inverse, <strong>leur fr\u00e9quentation a augment\u00e9 de 10\u2009%<\/strong> depuis 2019. <a href=\"https:\/\/actu.fr\/normandie\/rouen_76540\/gratuite-des-bus-pour-les-moins-de-18-ans-a-rouen-aucune-taxe-ne-sera-creee_62790634.html\" target=\"_blank\" rel=\"noopener\">Gratuit\u00e9 partielle<\/a>, renforcement de l\u2019offre\u2026 Et ce renouvellement de d\u00e9l\u00e9gation pour Transdev doit permettre de renforcer cette tendance avec un objectif\u2009: passer de 13\u2009% des trajets effectu\u00e9s dans la M\u00e9tropole en transports en commun \u00e0 16\u2009% en 2034.<\/p>\n<p class=\" wall-content\">D\u00e8s le mois de janvier\u00a02026, date officielle du d\u00e9but de cette nouvelle d\u00e9l\u00e9gation, certaines nouveaut\u00e9s vont venir<strong> renforcer le r\u00e9seau Astuce<\/strong>.<\/p>\n<p class=\" wall-content\">Le T4 va voir son parcours \u00eatre rallong\u00e9 et son terminus chang\u00e9. Le circuit sera prolong\u00e9 sur la zone du Madrillet. \u00ab\u2009Ce qui \u00e9tait <strong>une attente depuis longtemps<\/strong>\u2009!\u2009\u00bb, rappelle le pr\u00e9sident de la M\u00e9tropole, Nicolas Mayer-Rossignol. De plus, sa fr\u00e9quence doit passer \u00e0 un TEOR toutes les cinq minutes.<\/p>\n<p class=\" wall-content\">Le T2 va voir <strong>sa fr\u00e9quence \u00eatre augment\u00e9e<\/strong> lors des moments \u00ab\u2009d\u2019hyper pointe\u2009\u00bb avec un bus toutes les quatre minutes. Sa fr\u00e9quence va \u00e9galement \u00eatre am\u00e9lior\u00e9e lors des vacances scolaires.<\/p>\n<p>Votre r\u00e9gion, votre actu !<\/p>\n<p>Recevez chaque jour les infos qui comptent pour vous.<\/p>\n<p>\t<a href=\"https:\/\/actu.fr\/newsletter\" class=\"ac-btn ac-btn--corner ac-btn--medium ac-btn--blue800\" target=\"_blank\" rel=\"noopener\">S&rsquo;incrire<\/a><\/p>\n<p class=\" wall-content\">Le c\u00e9l\u00e8bre m\u00e9tro qui est<strong> un tramway<\/strong> va \u00eatre am\u00e9lior\u00e9. Deux nouvelles rames vont \u00eatre mises en place lors des heures creuses et une vingt-troisi\u00e8me rame doit aussi rejoindre le r\u00e9seau.<\/p>\n<p>Pour les employ\u00e9s et les cyclistes<\/p>\n<p class=\" wall-content\">Le nouveau d\u00e9l\u00e9gataire va exp\u00e9rimenter<strong> \u00ab\u2009Astuce Pro\u2009\u00bb<\/strong>. Un service de transport \u00e0 la demande pour les employ\u00e9s des entreprises de la zone industrielle sud-est. C\u2019est-\u00e0-dire celle coinc\u00e9e <strong>entre le boulevard industriel et la Seine<\/strong>. Un nouveau syst\u00e8me qui doit permettre de \u00ab\u2009desservir finement 6300 emplois de 6h30 \u00e0 20h\u2009\u00bb. Les bus desserviront les entreprises directement \u00e0 leur adresse.<\/p>\n<p class=\" wall-content\">Enfin, notons que si vous avez remarqu\u00e9 l\u2019\u00e9closion <strong>des v\u00e9los rouges<\/strong> Lov\u00e9lo dans la ville, cela risque d\u2019\u00eatre encore plus flagrant dans les ann\u00e9es \u00e0 venir. 2000 v\u00e9los en location longue dur\u00e9e sont d\u00e9j\u00e0 en place, Transdev vise les <strong>5000 v\u00e9los<\/strong> en circulation pour 2034.<\/p>\n<p class=\" wall-content\">Enfin, que dire du projet de <a href=\"https:\/\/actu.fr\/normandie\/rouen_76540\/a-rouen-une-ligne-de-teor-bientot-transformee-en-tramway-les-precisions-et-le-calendrier_62846346.html\" target=\"_blank\" rel=\"noopener\">nouvelle ligne de tramway<\/a> qui doit traverser l\u2019agglom\u00e9ration d\u2019est en ouest sur la rive droite\u2009? \u00ab\u2009On en parlera <strong>apr\u00e8s les \u00e9lections<\/strong>. [\u2026] C\u2019est un investissement lourd qui interviendra apr\u00e8s 2034\u2009\u00bb, assure Nicolas Mayer-Rossignol qui pr\u00e9cise que si la m\u00eame \u00e9quipe est r\u00e9\u00e9lue, le projet ne sera \u00e9videmment pas abandonn\u00e9.<\/p>\n<p>Suivez l\u2019actualit\u00e9 de Rouen <a href=\"https:\/\/www.whatsapp.com\/channel\/0029VaKfnf99hXF2ddApFB1D\" target=\"_blank\" rel=\"noopener\">sur notre cha\u00eene WhatsApp<\/a> et <a href=\"https:\/\/www.tiktok.com\/@76actu.fr?lang=fr\" target=\"_blank\" rel=\"noopener\">sur notre compte TikTok<\/a><\/p>\n<p class=\" wall-content\">Personnalisez votre actualit\u00e9 en ajoutant vos villes et m\u00e9dias en favori avec <a href=\"https:\/\/moncompte.actu.fr\" title=\"D\u00e9couvez Mon Actu\" rel=\"nofollow noopener\" data-trk=\"{&quot;cta&quot;:{&quot;action&quot;:&quot;https:\\\/\\\/moncompte.actu.fr&quot;,&quot;category&quot;:&quot;mon compte&quot;,&quot;from&quot;:&quot;article footer&quot;,&quot;name&quot;:&quot;Mon actu&quot;,&quot;type&quot;:&quot;cta&quot;}}\" target=\"_blank\">Mon Actu<\/a>.<\/p>\n<p>                    <script async src=\"\/\/www.tiktok.com\/embed.js\"><\/script><\/p>\n","protected":false},"excerpt":{"rendered":"Par Thomas Rideau Publi\u00e9 le 17 sept. 2025 \u00e0 15h39 \u00ab\u2009Rouen, c\u2019est une vitrine pour nous.\u2009\u00bb Ce mercredi&hellip;\n","protected":false},"author":2,"featured_media":397612,"comment_status":"","ping_status":"","sticky":false,"template":"","format":"standard","meta":{"footnotes":""},"categories":[9587],"tags":[1111,11,1777,674,1011,27,9725,12,5161,25,9726,9590,104],"class_list":{"0":"post-397611","1":"post","2":"type-post","3":"status-publish","4":"format-standard","5":"has-post-thumbnail","7":"category-rouen","8":"tag-actu","9":"tag-actualites","10":"tag-eu","11":"tag-europe","12":"tag-fr","13":"tag-france","14":"tag-metropole-rouen","15":"tag-news","16":"tag-normandie","17":"tag-republique-francaise","18":"tag-reseau-astuce-tcar","19":"tag-rouen","20":"tag-societe"},"share_on_mastodon":{"url":"https:\/\/pubeurope.com\/@fr\/115219999253297517","error":""},"_links":{"self":[{"href":"https:\/\/www.europesays.com\/fr\/wp-json\/wp\/v2\/posts\/397611","targetHints":{"allow":["GET"]}}],"collection":[{"href":"https:\/\/www.europesays.com\/fr\/wp-json\/wp\/v2\/posts"}],"about":[{"href":"https:\/\/www.europesays.com\/fr\/wp-json\/wp\/v2\/types\/post"}],"author":[{"embeddable":true,"href":"https:\/\/www.europesays.com\/fr\/wp-json\/wp\/v2\/users\/2"}],"replies":[{"embeddable":true,"href":"https:\/\/www.europesays.com\/fr\/wp-json\/wp\/v2\/comments?post=397611"}],"version-history":[{"count":0,"href":"https:\/\/www.europesays.com\/fr\/wp-json\/wp\/v2\/posts\/397611\/revisions"}],"wp:featuredmedia":[{"embeddable":true,"href":"https:\/\/www.europesays.com\/fr\/wp-json\/wp\/v2\/media\/397612"}],"wp:attachment":[{"href":"https:\/\/www.europesays.com\/fr\/wp-json\/wp\/v2\/media?parent=397611"}],"wp:term":[{"taxonomy":"category","embeddable":true,"href":"https:\/\/www.europesays.com\/fr\/wp-json\/wp\/v2\/categories?post=397611"},{"taxonomy":"post_tag","embeddable":true,"href":"https:\/\/www.europesays.com\/fr\/wp-json\/wp\/v2\/tags?post=397611"}],"curies":[{"name":"wp","href":"https:\/\/api.w.org\/{rel}","templated":true}]}}