{"id":397621,"date":"2025-09-17T14:04:18","date_gmt":"2025-09-17T14:04:18","guid":{"rendered":"https:\/\/www.europesays.com\/fr\/397621\/"},"modified":"2025-09-17T14:04:18","modified_gmt":"2025-09-17T14:04:18","slug":"garderie-cantine-la-liste-des-ecoles-impactees","status":"publish","type":"post","link":"https:\/\/www.europesays.com\/fr\/397621\/","title":{"rendered":"garderie, cantine\u2026 La liste des \u00e9coles impact\u00e9es"},"content":{"rendered":"<p>            Par<br \/>\n        <strong><br \/>\n            <a href=\"https:\/\/actu.fr\/auteur\/laurene-fertin\" title=\"Consulter tous les articles de Laur\u00e8ne Fertin\" target=\"_blank\" rel=\"noopener\">Laur\u00e8ne Fertin<\/a><br \/>\n        <\/strong><\/p>\n<p>        Publi\u00e9 le<\/p>\n<p>            17 sept. 2025 \u00e0 14h52        <\/p>\n<p><strong>La gr\u00e8ve du jeudi 18 septembre 2025<\/strong> sera manifestement suivie \u00e0 Rennes. Dans les \u00e9coles, l\u2019accueil p\u00e9riscolaire du matin et du soir, ainsi que la cantine seront perturb\u00e9s, annonce la M\u00e9tropole de Rennes, au vu de la mobilisation de ses agents\u2026 Et dans les chiffres, <strong>le mouvement dans les \u00e9coles sera plus cons\u00e9quent<\/strong> que la semaine pr\u00e9c\u00e9dente, mercredi 10 septembre 2025.<\/p>\n<p>45 restaurations ferm\u00e9es le midi<\/p>\n<p class=\" wall-content\">Selon Rennes M\u00e9tropole, <strong>16 \u00e9coles<\/strong> pourront assurer un <strong>repas normal.<\/strong> A contrario, <strong>45 restaurations<\/strong> seront ferm\u00e9es le midi. Par ailleurs, \u00ab\u2009les parents devront fournir un pique-nique\u2009\u00bb dans 28 \u00e9coles.<\/p>\n<p class=\" wall-content\"><strong>\u00ab\u2009L\u2019accueil p\u00e9riscolaire du matin<\/strong> sera ferm\u00e9 dans<strong> 57 \u00e9coles<\/strong>, et celui du soir dans 22 \u00e9coles\u2009\u00bb, poursuit Rennes M\u00e9tropole.<\/p>\n<p class=\" wall-content\">Voici <strong>la liste des \u00e9tablissements scolaires<\/strong> concern\u00e9s\u2009:<\/p>\n<p><a href=\"https:\/\/static.actu.fr\/uploads\/2025\/09\/greve-18-septembre-2025-1.pdf\" target=\"_blank\" rel=\"noopener\">Afficher ou t\u00e9l\u00e9charger le fichier.<\/a><\/p>\n<p class=\" wall-content\"><strong>Lors de la pr\u00e9c\u00e9dente manifestation<\/strong>, mercredi 10\u00a0septembre 2025, 8 \u00e9coles assuraient un service de repas normal, 34 restaurations \u00e9taient ferm\u00e9es le midi. L\u2019accueil p\u00e9riscolaire du matin \u00e9tait perturb\u00e9 dans 17 \u00e9coles. 34 centres de loisirs \u00e9taient ferm\u00e9s.<\/p>\n<p>Quid des professeurs ?<\/p>\n<p class=\" wall-content\">C\u00f4t\u00e9 professeurs, contact\u00e9e, <strong>l\u2019Acad\u00e9mie de Rennes explique ne pas communiquer de pr\u00e9visions en amont<\/strong> sur le nombre de professeurs se d\u00e9clarant gr\u00e9vistes. Toujours selon l\u2019acad\u00e9mie, les professeurs et les \u00e9tablissements scolaires communiquent aupr\u00e8s des familles sur les perturbations attendues pour les \u00e9l\u00e8ves.<\/p>\n<p>Votre r\u00e9gion, votre actu !<\/p>\n<p>Recevez chaque jour les infos qui comptent pour vous.<\/p>\n<p>\t<a href=\"https:\/\/actu.fr\/newsletter\" class=\"ac-btn ac-btn--corner ac-btn--medium ac-btn--blue800\" target=\"_blank\" rel=\"noopener\">S&rsquo;incrire<\/a><\/p>\n<p class=\" wall-content\">Au niveau national, <a href=\"https:\/\/actu.fr\/societe\/greve-du-18-septembre-a-l-ecole-un-tiers-des-profs-seront-grevistes-les-previsions-dans-le-premier-degre_63169330.html\" target=\"_blank\" rel=\"noopener\">un tiers des profs seront gr\u00e9vistes<\/a>, selon le premier syndicat du primaire, la FSU-Snuipp.\u00a0<\/p>\n<p class=\" wall-content\">Personnalisez votre actualit\u00e9 en ajoutant vos villes et m\u00e9dias en favori avec <a href=\"https:\/\/moncompte.actu.fr\" title=\"D\u00e9couvez Mon Actu\" rel=\"nofollow noopener\" data-trk=\"{&quot;cta&quot;:{&quot;action&quot;:&quot;https:\\\/\\\/moncompte.actu.fr&quot;,&quot;category&quot;:&quot;mon compte&quot;,&quot;from&quot;:&quot;article footer&quot;,&quot;name&quot;:&quot;Mon actu&quot;,&quot;type&quot;:&quot;cta&quot;}}\" target=\"_blank\">Mon Actu<\/a>.<\/p>\n","protected":false},"excerpt":{"rendered":"Par Laur\u00e8ne Fertin Publi\u00e9 le 17 sept. 2025 \u00e0 14h52 La gr\u00e8ve du jeudi 18 septembre 2025 sera&hellip;\n","protected":false},"author":2,"featured_media":397622,"comment_status":"","ping_status":"","sticky":false,"template":"","format":"standard","meta":{"footnotes":""},"categories":[2821],"tags":[1111,11,829,1057,1777,674,1011,27,6151,52713,12,584,25,104],"class_list":{"0":"post-397621","1":"post","2":"type-post","3":"status-publish","4":"format-standard","5":"has-post-thumbnail","7":"category-rennes","8":"tag-actu","9":"tag-actualites","10":"tag-bretagne","11":"tag-education","12":"tag-eu","13":"tag-europe","14":"tag-fr","15":"tag-france","16":"tag-greve","17":"tag-greve-du-18-septembre","18":"tag-news","19":"tag-rennes","20":"tag-republique-francaise","21":"tag-societe"},"share_on_mastodon":{"url":"https:\/\/pubeurope.com\/@fr\/115220018904347207","error":""},"_links":{"self":[{"href":"https:\/\/www.europesays.com\/fr\/wp-json\/wp\/v2\/posts\/397621","targetHints":{"allow":["GET"]}}],"collection":[{"href":"https:\/\/www.europesays.com\/fr\/wp-json\/wp\/v2\/posts"}],"about":[{"href":"https:\/\/www.europesays.com\/fr\/wp-json\/wp\/v2\/types\/post"}],"author":[{"embeddable":true,"href":"https:\/\/www.europesays.com\/fr\/wp-json\/wp\/v2\/users\/2"}],"replies":[{"embeddable":true,"href":"https:\/\/www.europesays.com\/fr\/wp-json\/wp\/v2\/comments?post=397621"}],"version-history":[{"count":0,"href":"https:\/\/www.europesays.com\/fr\/wp-json\/wp\/v2\/posts\/397621\/revisions"}],"wp:featuredmedia":[{"embeddable":true,"href":"https:\/\/www.europesays.com\/fr\/wp-json\/wp\/v2\/media\/397622"}],"wp:attachment":[{"href":"https:\/\/www.europesays.com\/fr\/wp-json\/wp\/v2\/media?parent=397621"}],"wp:term":[{"taxonomy":"category","embeddable":true,"href":"https:\/\/www.europesays.com\/fr\/wp-json\/wp\/v2\/categories?post=397621"},{"taxonomy":"post_tag","embeddable":true,"href":"https:\/\/www.europesays.com\/fr\/wp-json\/wp\/v2\/tags?post=397621"}],"curies":[{"name":"wp","href":"https:\/\/api.w.org\/{rel}","templated":true}]}}