{"id":397651,"date":"2025-09-17T14:20:10","date_gmt":"2025-09-17T14:20:10","guid":{"rendered":"https:\/\/www.europesays.com\/fr\/397651\/"},"modified":"2025-09-17T14:20:10","modified_gmt":"2025-09-17T14:20:10","slug":"une-plongee-dans-le-lyon-du-19%e1%b5%89-siecle-avec-la-romanciere-coline-gatel","status":"publish","type":"post","link":"https:\/\/www.europesays.com\/fr\/397651\/","title":{"rendered":"Une plong\u00e9e dans le Lyon du 19\u1d49 si\u00e8cle avec la romanci\u00e8re Coline Gatel"},"content":{"rendered":"<p style=\"text-align: justify;\">Apr\u00e8s avoir publi\u00e9 ses deux premiers polars en Livre de Poche et les avoir pr\u00e9sent\u00e9s au festival Quais du Polars (Les Supplici\u00e9es du Rh\u00f4ne et Le Labyrinthe des Femmes), Coline Gatel se lance un d\u00e9fi de taille\u00a0: sortir son dernier opus, Le Sang des G\u00e9nies, en auto\u00e9dition.<\/p>\n<p style=\"text-align: justify;\"><strong>Pourquoi avoir choisi Lyon\u00a0? <\/strong><\/p>\n<p style=\"text-align: justify;\">Je suis les d\u00e9buts de la criminologie.\u00a0La police scientifique me fascine, m\u00eame si je n\u2019ai aucune attache avec le domaine m\u00e9dicale. Je suis plut\u00f4t litt\u00e9raire\u00a0! (Rires). J\u2019ai trouv\u00e9 que ce sujet \u00e9tait fascinant. La s\u00e9rie les Experts passait \u00e0 ce moment-l\u00e0, et j\u2019ai trouv\u00e9 int\u00e9ressant de faire le parall\u00e8le avec ce qu\u2019avait \u00e9t\u00e9 le d\u00e9but de la police scientifique \u00e0 la fin du 19\u00e8me et le d\u00e9but 20\u00e8me avec les balbutiements qu\u2019il y a pu avoir, et le fait que pendant tr\u00e8s longtemps, la police scientifique n\u2019a pas vraiment \u00e9t\u00e9 impliqu\u00e9e dans les enqu\u00eates. Quand on regarde les vieux Maigret, ils ne prennent m\u00eame pas d\u2019empreintes digitales. Jusque dans les ann\u00e9es 50, la police scientifique n\u2019avait pas vraiment un r\u00f4le alors qu\u2019elle existait. Elle a pris son envol avec Edmond Locard (professeur de m\u00e9decine l\u00e9gale). Avec Alexandre Lacassagne, c\u2019est le premier qui a mont\u00e9 un groupe de police scientifique \u00e0 Lyon, install\u00e9 dans le grenier du Palais de Justice.<\/p>\n<p style=\"text-align: justify;\"><strong>Vos romans sont tr\u00e8s noirs, on y suit les personnages au fil de leurs enqu\u00eates\u2026<\/strong><\/p>\n<p style=\"text-align: justify;\">On est sur du roman historique. J\u2019essaie de coller le plus possible \u00e0 la v\u00e9rit\u00e9, donc j\u2019ai fait une tr\u00e8s grosse recherche sur les rues de Lyon, qui ne s\u2019appelaient pas de la m\u00eame fa\u00e7on. Pour les personnages, j\u2019ai fait des gens un peu caboss\u00e9s, parce que j\u2019aime \u00e7a. J\u2019ai cr\u00e9\u00e9 une \u00e9quipe avec des \u00e9tudiants d\u2019Alexandre Lacassagne, et une journaliste \u00e0 l\u2019\u00e9poque o\u00f9 les femmes n\u2019avaient pas du tout le droit de l\u2019\u00eatre. Tous les trois partent en enqu\u00eate, ils ont tous un v\u00e9cu.<\/p>\n<p style=\"text-align: justify;\"><strong>Une histoire que l\u2019on suit au fil des livres\u00a0?<\/strong><\/p>\n<p style=\"text-align: justify;\">Ces trois romans peuvent se lire ind\u00e9pendamment, m\u00eame s\u2019il est toujours bien de suivre l\u2019ordre. On y voit l\u2019\u00e9volution des personnages. Apr\u00e8s avoir abord\u00e9 le sujet de l\u2019avortement dans le premier livre, je parle des fameuses ar\u00eates de poisson (souterrains embl\u00e9matiques des pentes de la Croix-Rousse) dont on parlait peu d\u2019ailleurs quand j\u2019ai commenc\u00e9 \u00e0 \u00e9crire le livre. J\u2019ai \u00e9crit avec tous les documents que je pouvais. J\u2019adore faire des recherches historiques, surtout sur les petits d\u00e9tails, la vie des gens.<\/p>\n<p style=\"text-align: justify;\"><strong>Le Sang des G\u00e9nies vient de para\u00eetre cet \u00e9t\u00e9. Une sortie qui n\u2019a pas \u00e9t\u00e9 simple\u00a0?<\/strong><\/p>\n<p style=\"text-align: justify;\">Le label Pr\u00e9ludes (chez Livre de Poche) a ferm\u00e9 au moment o\u00f9 j\u2019\u00e9tais sous contrat, mon livre devait sortir un mois apr\u00e8s\u2026 Je me suis retrouv\u00e9e un peu le bec dans l\u2019eau.\u00a0Et quand une s\u00e9rie est d\u00e9j\u00e0 en poche, ce n\u2019est pas simple de trouver un autre \u00e9diteur. Deux ans apr\u00e8s, j\u2019ai pu reprendre mes droits et je l\u2019ai sorti en auto\u00e9dition. C\u2019est vrai que l\u2019auto\u00e9dition est encore terriblement mal vue par les libraires. Et je les comprends, ce n\u2019est pas simple.\u00a0J\u2019en ai lu\u2026 Il y a du tr\u00e8s bon, comme du tr\u00e8s mauvais. Je con\u00e7ois que ce n\u2019est pas simple de faire une s\u00e9lection.<\/p>\n<p style=\"text-align: justify;\"><strong>Cette troisi\u00e8me histoire nous fait voyager de Lyon jusqu\u2019en Bavi\u00e8re\u2026<\/strong><\/p>\n<p style=\"text-align: justify;\">Le h\u00e9ros principal a une vie tr\u00e8s d\u00e9cousue, c\u2019est vraiment un caboss\u00e9. Il va \u00eatre atteint de la tuberculose. Alexandre Lacassagne les d\u00e9couvre, lui et la journaliste dans un \u00e9tat pas possible, et d\u00e9cide de l\u2019envoyer dans un sanatorium pour riches, en Bavi\u00e8re. \u00c7a a \u00e9t\u00e9 la possibilit\u00e9 pour moi de parler du d\u00e9but du nazisme dans les fermes. Cette s\u00e9rie de romans historiques est tr\u00e8s tr\u00e8s (tr\u00e8s) sombre. Certains ont du mal \u00e0 la lire.\u00a0<\/p>\n<p style=\"text-align: justify;\"><strong>Vous vous \u00eates lanc\u00e9e dans l\u2019\u00e9criture d&rsquo;une s\u00e9rie plus l\u00e9g\u00e8re,\u00a0Cosy Crime. Pourquoi un changement si radical\u00a0?<\/strong><\/p>\n<p style=\"text-align: justify;\">Pendant le Covid je me suis dit mais o\u00f9 va-t-on\u00a0? Arr\u00eatons d\u2019\u00e9crire du noir. J\u2019ai plus de soixante ans, alors on va parler de cette femme-l\u00e0 et de sa place dans la soci\u00e9t\u00e9 actuelle. Nous ne sommes plus les m\u00eames femmes que nos m\u00e8res et encore moins que nos grands-m\u00e8res. Je parle d\u2019une femme que je connais, je me suis servie de mes exp\u00e9riences pour cette s\u00e9rie. Par contre les histoires sont compl\u00e8tement romanc\u00e9es, c\u2019est l\u00e9ger. Beaucoup de femmes m\u2019ont remerci\u00e9 de parler de la m\u00e9nopause. C\u2019est un sujet assez tabou, alors que maintenant nous les femmes on se retrouve \u00e0 passer plus de temps m\u00e9nopaus\u00e9es que actives. Aujourd\u2019hui les femmes n\u2019ont plus envie d\u2019\u00eatre mises au placard. Elles ne veulent pas \u00eatre catalogu\u00e9es dans le rayon des vieilles\u00a0! (rires).<\/p>\n<p style=\"text-align: justify;\"><strong>Comment envisagez-vous la suite\u00a0?<\/strong><\/p>\n<p style=\"text-align: justify;\">Pour l\u2019instant il y a trois livres sur la s\u00e9rie Cosy Crime. Il y en aura peut-\u00eatre un quatri\u00e8me, mais en m\u00eame temps je r\u00e9fl\u00e9chis \u00e0 d\u2019autres s\u00e9ries. J\u2019aime bien aussi ne pas m\u2019enfermer trop longtemps dans une s\u00e9rie car apr\u00e8s, \u00e7a devient presque une obligation de la finir.<\/p>\n<p style=\"text-align: center;\"><img loading=\"lazy\" decoding=\"async\" src=\"https:\/\/www.europesays.com\/fr\/wp-content\/uploads\/2025\/09\/le-sang-des-genies-coline-gatel-85269.jpg\" alt=\"\" width=\"500\" height=\"796\"\/><\/p>\n<p style=\"text-align: center;\">Le Sang des G\u00e9nies &#8211; Coline Gatel<\/p>\n<p>Mon Lyon<\/p>\n<p style=\"text-align: justify;\"><strong>Quartier\u00a0f\u00e9tiche :<\/strong> \u00c7a reste la Croix-Rousse. Je r\u00eave de d\u00e9couvrir les souterrains&#8230;\u00a0<\/p>\n<p style=\"text-align: justify;\"><strong>Se balader<\/strong>\u00a0: Vers les quais. J&rsquo;adore l&rsquo;eau et les bateaux. J&rsquo;en ai un moi-m\u00eame\u00a0! Je n&rsquo;abandonne pas l&rsquo;id\u00e9e de peut-\u00eatre un jour vivre, \u00e0 l&rsquo;ann\u00e9e, dans une p\u00e9niche.<\/p>\n<p style=\"text-align: justify;\"><strong>Manger au restaurant<\/strong>\u00a0: Lors du dernier \u00ab\u00a0Quais du Polar\u00a0\u00bb, je m&rsquo;\u00e9tais trouv\u00e9 une \u00ab\u00a0chouette cantine\u00a0\u00bb \u00e0 la brasserie l&rsquo;Entrec\u00f4te\u00a0!\u00a0 J&rsquo;aime la bonne viande. Les frites sont \u00e0 \u00ab\u00a0tomber\u00a0\u00bb. Pas tr\u00e8s di\u00e9t\u00e9tique, mais simple et rapide.\u00a0<\/p>\n<p style=\"text-align: justify;\"><strong>Faire du Shopping<\/strong>\u00a0: J&rsquo;ai un faible pour la librairie des Canuts, \u00e0 Croix-Rousse.<\/p>\n","protected":false},"excerpt":{"rendered":"Apr\u00e8s avoir publi\u00e9 ses deux premiers polars en Livre de Poche et les avoir pr\u00e9sent\u00e9s au festival Quais&hellip;\n","protected":false},"author":2,"featured_media":397652,"comment_status":"","ping_status":"","sticky":false,"template":"","format":"standard","meta":{"footnotes":""},"categories":[1889],"tags":[1111,11,2813,2190,2430,1109,251,1112,2811,1777,674,118,1294,4651,1011,27,1922,1110,1114,2428,4903,4902,12,241,316,25,2812,517,800],"class_list":{"0":"post-397651","1":"post","2":"type-post","3":"status-publish","4":"format-standard","5":"has-post-thumbnail","7":"category-lyon","8":"tag-actu","9":"tag-actualites","10":"tag-article","11":"tag-asvel","12":"tag-auvergne-rhone-alpes","13":"tag-breves","14":"tag-culture","15":"tag-depeches","16":"tag-economique","17":"tag-eu","18":"tag-europe","19":"tag-faits-divers","20":"tag-femme","21":"tag-femmes","22":"tag-fr","23":"tag-france","24":"tag-info","25":"tag-informations","26":"tag-infos","27":"tag-lyon","28":"tag-lyonfemme","29":"tag-lyonfemmes","30":"tag-news","31":"tag-ol","32":"tag-politique","33":"tag-republique-francaise","34":"tag-sociale","35":"tag-sport","36":"tag-transports"},"share_on_mastodon":{"url":"https:\/\/pubeurope.com\/@fr\/115220081903959267","error":""},"_links":{"self":[{"href":"https:\/\/www.europesays.com\/fr\/wp-json\/wp\/v2\/posts\/397651","targetHints":{"allow":["GET"]}}],"collection":[{"href":"https:\/\/www.europesays.com\/fr\/wp-json\/wp\/v2\/posts"}],"about":[{"href":"https:\/\/www.europesays.com\/fr\/wp-json\/wp\/v2\/types\/post"}],"author":[{"embeddable":true,"href":"https:\/\/www.europesays.com\/fr\/wp-json\/wp\/v2\/users\/2"}],"replies":[{"embeddable":true,"href":"https:\/\/www.europesays.com\/fr\/wp-json\/wp\/v2\/comments?post=397651"}],"version-history":[{"count":0,"href":"https:\/\/www.europesays.com\/fr\/wp-json\/wp\/v2\/posts\/397651\/revisions"}],"wp:featuredmedia":[{"embeddable":true,"href":"https:\/\/www.europesays.com\/fr\/wp-json\/wp\/v2\/media\/397652"}],"wp:attachment":[{"href":"https:\/\/www.europesays.com\/fr\/wp-json\/wp\/v2\/media?parent=397651"}],"wp:term":[{"taxonomy":"category","embeddable":true,"href":"https:\/\/www.europesays.com\/fr\/wp-json\/wp\/v2\/categories?post=397651"},{"taxonomy":"post_tag","embeddable":true,"href":"https:\/\/www.europesays.com\/fr\/wp-json\/wp\/v2\/tags?post=397651"}],"curies":[{"name":"wp","href":"https:\/\/api.w.org\/{rel}","templated":true}]}}