{"id":397695,"date":"2025-09-17T14:48:13","date_gmt":"2025-09-17T14:48:13","guid":{"rendered":"https:\/\/www.europesays.com\/fr\/397695\/"},"modified":"2025-09-17T14:48:13","modified_gmt":"2025-09-17T14:48:13","slug":"il-faut-laisser-les-riches-tranquilles","status":"publish","type":"post","link":"https:\/\/www.europesays.com\/fr\/397695\/","title":{"rendered":"Il faut laisser les riches tranquilles\u00a0!"},"content":{"rendered":"<p><strong>Sa libert\u00e9 de penser<\/strong>.\u00a0Florent Pagny, qui r\u00e9side entre la Bourgogne et la Patagonie, a fustig\u00e9 la taxation suppl\u00e9mentaire sur les plus riches, dans un entretien au <a href=\"https:\/\/www.lepoint.fr\/people\/la-chasse-aux-riches-c-est-des-conneries-le-coup-de-gueule-de-florent-pagny-contre-les-impots-15-09-2025-2598612_2116.php\" target=\"_blank\" rel=\"noopener\">Point <\/a>: \u00ab\u00a0La chasse aux riches, c&rsquo;est des conneries\u00a0! Il faut les laisser tranquilles.\u00a0Je pense qu&rsquo;il y a de l&rsquo;incompr\u00e9hension\u2026 Le riche, quand on vient le taxer, il s&rsquo;en va. Le truc du riche, c&rsquo;est qu&rsquo;il consomme et qu&rsquo;il d\u00e9pense, il entretient beaucoup de gens et fait vivre beaucoup de monde. Donc taxer les riches, c&rsquo;est une mauvaise direction\u00a0\u00bb, a d\u00e9plor\u00e9 le chanteur.<\/p>\n","protected":false},"excerpt":{"rendered":"Sa libert\u00e9 de penser.\u00a0Florent Pagny, qui r\u00e9side entre la Bourgogne et la Patagonie, a fustig\u00e9 la taxation suppl\u00e9mentaire&hellip;\n","protected":false},"author":2,"featured_media":397696,"comment_status":"","ping_status":"","sticky":false,"template":"","format":"standard","meta":{"footnotes":""},"categories":[1359],"tags":[52956,51761,58,59,3109,52292,1011,27,51766,1031,973],"class_list":{"0":"post-397695","1":"post","2":"type-post","3":"status-publish","4":"format-standard","5":"has-post-thumbnail","7":"category-people","8":"tag-cms-journaldesfemmes-3241440","9":"tag-controller-content","10":"tag-divertissement","11":"tag-entertainment","12":"tag-florent-pagny","13":"tag-format-reportage","14":"tag-fr","15":"tag-france","16":"tag-les-histoires-du-jdf","17":"tag-magazine","18":"tag-people"},"share_on_mastodon":{"url":"https:\/\/pubeurope.com\/@fr\/115220192016416358","error":""},"_links":{"self":[{"href":"https:\/\/www.europesays.com\/fr\/wp-json\/wp\/v2\/posts\/397695","targetHints":{"allow":["GET"]}}],"collection":[{"href":"https:\/\/www.europesays.com\/fr\/wp-json\/wp\/v2\/posts"}],"about":[{"href":"https:\/\/www.europesays.com\/fr\/wp-json\/wp\/v2\/types\/post"}],"author":[{"embeddable":true,"href":"https:\/\/www.europesays.com\/fr\/wp-json\/wp\/v2\/users\/2"}],"replies":[{"embeddable":true,"href":"https:\/\/www.europesays.com\/fr\/wp-json\/wp\/v2\/comments?post=397695"}],"version-history":[{"count":0,"href":"https:\/\/www.europesays.com\/fr\/wp-json\/wp\/v2\/posts\/397695\/revisions"}],"wp:featuredmedia":[{"embeddable":true,"href":"https:\/\/www.europesays.com\/fr\/wp-json\/wp\/v2\/media\/397696"}],"wp:attachment":[{"href":"https:\/\/www.europesays.com\/fr\/wp-json\/wp\/v2\/media?parent=397695"}],"wp:term":[{"taxonomy":"category","embeddable":true,"href":"https:\/\/www.europesays.com\/fr\/wp-json\/wp\/v2\/categories?post=397695"},{"taxonomy":"post_tag","embeddable":true,"href":"https:\/\/www.europesays.com\/fr\/wp-json\/wp\/v2\/tags?post=397695"}],"curies":[{"name":"wp","href":"https:\/\/api.w.org\/{rel}","templated":true}]}}