{"id":397726,"date":"2025-09-17T15:04:15","date_gmt":"2025-09-17T15:04:15","guid":{"rendered":"https:\/\/www.europesays.com\/fr\/397726\/"},"modified":"2025-09-17T15:04:15","modified_gmt":"2025-09-17T15:04:15","slug":"rachetee-cette-eglise-est-devenue-une-salle-de-vente-aux-encheres","status":"publish","type":"post","link":"https:\/\/www.europesays.com\/fr\/397726\/","title":{"rendered":"rachet\u00e9e, cette \u00e9glise est devenue&#8230; une salle de vente\u00a0aux\u00a0ench\u00e8res"},"content":{"rendered":"<p>            Par<br \/>\n        <strong><br \/>\n            <a href=\"https:\/\/actu.fr\/auteur\/amandine-mehl\" title=\"Consulter tous les articles de Amandine Mehl\" rel=\"nofollow noopener\" target=\"_blank\">Amandine Mehl<\/a><br \/>\n        <\/strong><\/p>\n<p>        Publi\u00e9 le<\/p>\n<p>            17 sept. 2025 \u00e0 16h53        <\/p>\n<p>Les <strong>derni\u00e8res c\u00e9l\u00e9brations religieuses<\/strong> qui s\u2019y sont d\u00e9roul\u00e9es remontent \u00e0 <strong>2020<\/strong>. \u00c0 Vand\u0153uvre-l\u00e8s-Nancy, l<strong>\u2019ancienne \u00e9glise Saint-Fran\u00e7ois d\u2019Assise<\/strong>, d\u00e9sacralis\u00e9e en 2023, conna\u00eet d\u00e9sormais une <strong>seconde vie<\/strong>.<\/p>\n<p class=\" wall-content\">Le <strong>dioc\u00e8se de Nancy et Toul<\/strong> a en effet sign\u00e9, en avril\u00a02025, un <strong>compromis de vente<\/strong> avec la soci\u00e9t\u00e9 <strong>Acacia Ench\u00e8res<\/strong> qui a d\u2019ores et d\u00e9j\u00e0 pris possession des lieux et d\u00e9marr\u00e9 ses activit\u00e9s de <strong>vente aux ench\u00e8res publiques<\/strong> et d\u2019expertises d\u2019objets d\u2019art, de mobilier et d\u2019antiquit\u00e9s.<\/p>\n<p>\u00ab\u2009Vendre une \u00e9glise est toujours un choix tr\u00e8s douloureux\u2009\u00bb<\/p>\n<p class=\" wall-content\">Via un communiqu\u00e9 de presse, le dioc\u00e8se assure que \u00ab<strong>\u2009vendre une \u00e9glise est toujours un choix tr\u00e8s douloureux<\/strong>\u2009\u00bb. Toutefois, ce choix s\u2019est impos\u00e9 en raison \u00ab\u2009des <strong>travaux d\u2019entretien<\/strong> qui doivent y \u00eatre r\u00e9alis\u00e9s et qui auraient <strong>pes\u00e9 lourdement sur les finances<\/strong> de la paroisse et du dioc\u00e8se\u2009\u00bb.<\/p>\n<p class=\" wall-content\">Etienne Martin, expert en antiquit\u00e9s, \u00e0 l\u2019origine de la cr\u00e9ation d\u2019Acacia Ench\u00e8res avec B\u00e9n\u00e9dicte Bemer, commissaire-priseur, se dit ravi. \u00ab\u2009Par rapport \u00e0 nos crit\u00e8res, <strong>l\u2019\u00e9glise cochait plus que toutes nos cases\u2009!<\/strong> Quand on rentre dans la nef, il y a un <strong>effet \u00e9patant<\/strong>\u2009\u00bb, confie-t-il.<\/p>\n<p>\u00ab\u00a0Garder cette \u00e9glise comme un patrimoine accessible pour tout le monde\u00a0\u00bb<\/p>\n<p class=\" wall-content\">En attendant que les <strong>travaux<\/strong> soient men\u00e9s dans l\u2019\u00e9difice, la soci\u00e9t\u00e9 a temporairement investi les <strong>anciennes salles paroissiales<\/strong>. \u00ab\u2009On esp\u00e8re pouvoir s\u2019y installer au <strong>tournant de l\u2019ann\u00e9e 2026-2027<\/strong>\u2009\u00bb, souffle M. Martin.<\/p>\n<p class=\" wall-content\">La soci\u00e9t\u00e9 s\u2019est \u00e9galement engag\u00e9e \u00e0 <strong>respecter les lieux, l\u2019architecture et l\u2019histoire de l\u2019ancienne \u00e9glise<\/strong> Saint-Fran\u00e7ois d\u2019Assise. En ce sens, elle devrait ouvrir ses portes au public \u00e0 l\u2019occasion des journ\u00e9es europ\u00e9ennes du patrimoine 2026. \u00ab\u2009Le <strong>but n\u2019est pas de se renfermer, <\/strong>mais de garder cette \u00e9glise comme un patrimoine accessible pour tout le monde.\u00bb<\/p>\n<p class=\" wall-content\">Personnalisez votre actualit\u00e9 en ajoutant vos villes et m\u00e9dias en favori avec <a href=\"https:\/\/moncompte.actu.fr\" title=\"D\u00e9couvez Mon Actu\" rel=\"nofollow noopener\" data-trk=\"{&quot;cta&quot;:{&quot;action&quot;:&quot;https:\\\/\\\/moncompte.actu.fr&quot;,&quot;category&quot;:&quot;mon compte&quot;,&quot;from&quot;:&quot;article footer&quot;,&quot;name&quot;:&quot;Mon actu&quot;,&quot;type&quot;:&quot;cta&quot;}}\" target=\"_blank\">Mon Actu<\/a>.<\/p>\n","protected":false},"excerpt":{"rendered":"Par Amandine Mehl Publi\u00e9 le 17 sept. 2025 \u00e0 16h53 Les derni\u00e8res c\u00e9l\u00e9brations religieuses qui s\u2019y sont d\u00e9roul\u00e9es&hellip;\n","protected":false},"author":2,"featured_media":397727,"comment_status":"","ping_status":"","sticky":false,"template":"","format":"standard","meta":{"footnotes":""},"categories":[9635],"tags":[1111,11,1777,674,1011,27,775,1702,12,2551,25,104],"class_list":{"0":"post-397726","1":"post","2":"type-post","3":"status-publish","4":"format-standard","5":"has-post-thumbnail","7":"category-nancy","8":"tag-actu","9":"tag-actualites","10":"tag-eu","11":"tag-europe","12":"tag-fr","13":"tag-france","14":"tag-grand-est","15":"tag-nancy","16":"tag-news","17":"tag-patrimoine","18":"tag-republique-francaise","19":"tag-societe"},"share_on_mastodon":{"url":"https:\/\/pubeurope.com\/@fr\/115220255101911151","error":""},"_links":{"self":[{"href":"https:\/\/www.europesays.com\/fr\/wp-json\/wp\/v2\/posts\/397726","targetHints":{"allow":["GET"]}}],"collection":[{"href":"https:\/\/www.europesays.com\/fr\/wp-json\/wp\/v2\/posts"}],"about":[{"href":"https:\/\/www.europesays.com\/fr\/wp-json\/wp\/v2\/types\/post"}],"author":[{"embeddable":true,"href":"https:\/\/www.europesays.com\/fr\/wp-json\/wp\/v2\/users\/2"}],"replies":[{"embeddable":true,"href":"https:\/\/www.europesays.com\/fr\/wp-json\/wp\/v2\/comments?post=397726"}],"version-history":[{"count":0,"href":"https:\/\/www.europesays.com\/fr\/wp-json\/wp\/v2\/posts\/397726\/revisions"}],"wp:featuredmedia":[{"embeddable":true,"href":"https:\/\/www.europesays.com\/fr\/wp-json\/wp\/v2\/media\/397727"}],"wp:attachment":[{"href":"https:\/\/www.europesays.com\/fr\/wp-json\/wp\/v2\/media?parent=397726"}],"wp:term":[{"taxonomy":"category","embeddable":true,"href":"https:\/\/www.europesays.com\/fr\/wp-json\/wp\/v2\/categories?post=397726"},{"taxonomy":"post_tag","embeddable":true,"href":"https:\/\/www.europesays.com\/fr\/wp-json\/wp\/v2\/tags?post=397726"}],"curies":[{"name":"wp","href":"https:\/\/api.w.org\/{rel}","templated":true}]}}