{"id":397766,"date":"2025-09-17T15:24:12","date_gmt":"2025-09-17T15:24:12","guid":{"rendered":"https:\/\/www.europesays.com\/fr\/397766\/"},"modified":"2025-09-17T15:24:12","modified_gmt":"2025-09-17T15:24:12","slug":"toulouse-lagence-de-location-keytoko-au-service-des-publics-fragiles","status":"publish","type":"post","link":"https:\/\/www.europesays.com\/fr\/397766\/","title":{"rendered":"Toulouse l\u2019agence de location Keytoko au service des publics fragiles"},"content":{"rendered":"<p>\u00c0 contre-courant des agences immobili\u00e8res traditionnelles. Voil\u00e0 le cr\u00e9do de Keytoko, fond\u00e9e en 2022 par Jordan Boissi\u00e8res, ancien travailleur social, et Nicolas Andr\u00e9, responsable qualit\u00e9 dans l\u2019industrie, qui se consacraient au d\u00e9part \u00e0 la conciergerie et aux locations de courtes dur\u00e9es. Mais un constat a pouss\u00e9 les deux fondateurs \u00e0 r\u00e9orienter leur projet. \u00ab\u00a0Nous avons enregistr\u00e9 une recrudescence de demandes de locations de moyennes dur\u00e9es \u00e9manant de personnes en situation de fragilit\u00e9. Notamment des m\u00e8res isol\u00e9es, des personnes en soins de longue dur\u00e9e, \u00e0 la recherche de pied-\u00e0-terre \u00e0 Toulouse, des \u00e9tudiants ultramarins et de jeunes actifs, peu accompagn\u00e9s par leurs familles\u2026\u00a0\u00bb, d\u00e9crit Jordan Boissi\u00e8res. \u00ab\u00a0A priori donc, tout l\u2019inverse des profils que les agences immobili\u00e8res traditionnelles accompagnent volontiers.\u00a0\u00bb<\/p>\n<p>Un bail sur mesure<\/p>\n<p>Si, au d\u00e9part, ces demandes se comptaient sur les doigts de la main, Keytoko, qui administre une centaine de logements \u00e0 la location \u00e0 Toulouse, a accompagn\u00e9 soixante-cinq locataires fragiles sur les douze derniers mois. \u00ab\u00a0Nous avons travaill\u00e9 avec une avocate \u00e0 la mise au point d\u2019un bail sur mesure qui s\u2019apparente \u00e0 un bail de r\u00e9sidence secondaire, car ces publics ne sont pas \u00e9ligibles aux baux de mobilit\u00e9s classiques. Puis, nous avons aussi trouv\u00e9 des solutions aupr\u00e8s des bailleurs pour adapter les modalit\u00e9s de paiements et d\u00e9p\u00f4ts de garantie.\u00a0\u00bb La demande phare concerne des petites surfaces, pour des dur\u00e9es moyennes de quatre \u00e0 cinq mois. \u00ab\u00a0Dans tous les cas, nous ne pratiquons \u00e9videmment pas des loyers plus \u00e9lev\u00e9s, car il n\u2019est pas question de r\u00e9mun\u00e9rer le risque que prennent les bailleurs.\u00a0\u00bb<\/p>\n<p>La solidarit\u00e9 sur le principe des caf\u00e9s suspendus<\/p>\n<p>En r\u00e9alit\u00e9, Keytoko, qui continue par ailleurs son activit\u00e9 de conciergerie, fl\u00e8che une partie des recettes g\u00e9n\u00e9r\u00e9es par ses services additionnels vers la location aux publics fragiles et collecte des dons\u00a0: 1500 euros en quelques mois. \u00ab\u00a0Cela fonctionne un peu sur le mod\u00e8le des caf\u00e9s suspendus et nous permet de baisser nos honoraires de location, ou de financer des d\u00e9p\u00f4ts de garantie\u00a0; mais sans jamais remettre en question la rentabilit\u00e9 locative pour les bailleurs qui nous confient leurs biens en location.\u00a0\u00bb Keytoko, qui dispose uniquement d\u2019une plateforme digitale, affiche un chiffre d\u2019affaires de 360.000 euros et appelle maintenant des collectivit\u00e9s, des partenaires, des associations et des propri\u00e9taires \u00e0 rejoindre le \u00ab\u00a0mouvement Keytoko\u00a0\u00bb. <br class=\"autobr\"\/><br \/>\nB\u00e9atrice Girard<\/p>\n<p>Sur la photo\u00a0: Jordan Boissi\u00e8res et Nicolas Andr\u00e9, les cofondateurs de Keytoko, une agence de location immobili\u00e8re solidaire. Cr\u00e9dit\u00a0: DR.<\/p>\n","protected":false},"excerpt":{"rendered":"\u00c0 contre-courant des agences immobili\u00e8res traditionnelles. Voil\u00e0 le cr\u00e9do de Keytoko, fond\u00e9e en 2022 par Jordan Boissi\u00e8res, ancien&hellip;\n","protected":false},"author":2,"featured_media":397767,"comment_status":"","ping_status":"","sticky":false,"template":"","format":"standard","meta":{"footnotes":""},"categories":[2816],"tags":[1111,11,1777,674,1011,27,1116,52965,1908,16354,12,2680,25,2312],"class_list":{"0":"post-397766","1":"post","2":"type-post","3":"status-publish","4":"format-standard","5":"has-post-thumbnail","7":"category-toulouse","8":"tag-actu","9":"tag-actualites","10":"tag-eu","11":"tag-europe","12":"tag-fr","13":"tag-france","14":"tag-immobilier","15":"tag-keytoko","16":"tag-logement","17":"tag-logement-social","18":"tag-news","19":"tag-occitanie","20":"tag-republique-francaise","21":"tag-toulouse"},"share_on_mastodon":{"url":"https:\/\/pubeurope.com\/@fr\/115220333531696998","error":""},"_links":{"self":[{"href":"https:\/\/www.europesays.com\/fr\/wp-json\/wp\/v2\/posts\/397766","targetHints":{"allow":["GET"]}}],"collection":[{"href":"https:\/\/www.europesays.com\/fr\/wp-json\/wp\/v2\/posts"}],"about":[{"href":"https:\/\/www.europesays.com\/fr\/wp-json\/wp\/v2\/types\/post"}],"author":[{"embeddable":true,"href":"https:\/\/www.europesays.com\/fr\/wp-json\/wp\/v2\/users\/2"}],"replies":[{"embeddable":true,"href":"https:\/\/www.europesays.com\/fr\/wp-json\/wp\/v2\/comments?post=397766"}],"version-history":[{"count":0,"href":"https:\/\/www.europesays.com\/fr\/wp-json\/wp\/v2\/posts\/397766\/revisions"}],"wp:featuredmedia":[{"embeddable":true,"href":"https:\/\/www.europesays.com\/fr\/wp-json\/wp\/v2\/media\/397767"}],"wp:attachment":[{"href":"https:\/\/www.europesays.com\/fr\/wp-json\/wp\/v2\/media?parent=397766"}],"wp:term":[{"taxonomy":"category","embeddable":true,"href":"https:\/\/www.europesays.com\/fr\/wp-json\/wp\/v2\/categories?post=397766"},{"taxonomy":"post_tag","embeddable":true,"href":"https:\/\/www.europesays.com\/fr\/wp-json\/wp\/v2\/tags?post=397766"}],"curies":[{"name":"wp","href":"https:\/\/api.w.org\/{rel}","templated":true}]}}