{"id":397820,"date":"2025-09-17T15:54:16","date_gmt":"2025-09-17T15:54:16","guid":{"rendered":"https:\/\/www.europesays.com\/fr\/397820\/"},"modified":"2025-09-17T15:54:16","modified_gmt":"2025-09-17T15:54:16","slug":"geeknplay-f1-25-saison-3","status":"publish","type":"post","link":"https:\/\/www.europesays.com\/fr\/397820\/","title":{"rendered":"GEEKNPLAY &#8211; F1 25 Saison 3"},"content":{"rendered":"<p>                            <img width=\"1120\" height=\"630\" src=\"https:\/\/www.europesays.com\/fr\/wp-content\/uploads\/2025\/09\/F1-25-saison-3.jpg\" class=\"attachment-post-thumbnail size-post-thumbnail wp-post-image\" alt=\"F1 25 saison 3\" decoding=\"async\" fetchpriority=\"high\"  \/>                            <\/p>\n<p><strong>La saison 3 d\u00e9barque au sein de F1 25 ! Cette <a href=\"https:\/\/www.geeknplay.fr\/f1-25-une-nouvelle-saison-voit-le-jour-avec-des-contenus-inedits\/\" target=\"_blank\" rel=\"noopener\">nouvelle saison<\/a> se terminera le 11 novembre 2025. Celle-ci sera l\u2019occasion de profiter d\u2019\u00e9v\u00e9nements sp\u00e9ciaux pour les 10 ans de l\u2019\u00e9curie Haas, ainsi que l\u2019ajout du championnat F2 2025 !<\/strong><\/p>\n<p>Une nouvelle saison d\u00e9barque pour les joueurs de\u00a0<strong>F1 25<\/strong>. Avec cette troisi\u00e8me saison, les joueurs vont pouvoir profiter d\u2019\u00e9v\u00e9nements et d\u00e9fis sp\u00e9ciaux en lien avec l\u2019\u00e9curie Haas, qui c\u00e9l\u00e8bre ses 10 ans ! Durant la saison, les joueurs et joueuses, vont pouvoir revivre certains moments embl\u00e9matiques de l\u2019\u00e9curie de la premi\u00e8re d\u00e9cennie de Haas. Les premiers points de l\u2019\u00e9curie en 2016 en Australie ainsi que le double podium lors du Grand Prix d\u2019Autriche en 2018. Des livr\u00e9es et des casques sp\u00e9ciaux aux couleurs de Haas seront disponibles en r\u00e9alisant les diff\u00e9rents d\u00e9fis propos\u00e9s.<\/p>\n<p><img loading=\"lazy\" decoding=\"async\" class=\"aligncenter size-large wp-image-2605580\" src=\"https:\/\/www.europesays.com\/fr\/wp-content\/uploads\/2025\/09\/F1-25-saison-31-640x325.jpg\" alt=\"F1 25 saison 3\" width=\"640\" height=\"325\"  \/><\/p>\n<p>Les propos de Lee Mather, Senior Creative Director chez <a href=\"https:\/\/www.ea.com\/ea-studios\/codemasters\" target=\"_blank\" rel=\"noopener\">Codemasters<\/a><\/p>\n<blockquote>\n<p style=\"text-align: center;\">F\u00eater ses dix ans sur la grille de d\u00e9part est une grande r\u00e9ussite pour Haas. C\u2019est une \u00e9curie qui s\u2019est taill\u00e9 une place en Formule 1 gr\u00e2ce \u00e0 sa d\u00e9termination et sa r\u00e9silience. Nous sommes fiers d\u2019honorer ce parcours dans la saison 3 et restons d\u00e9termin\u00e9s \u00e0 offrir aux joueurs l\u2019exp\u00e9rience de course la plus authentique possible, en combinant les sensations les plus r\u00e9alistes sur la piste avec les moments forts et les \u00e9motions qui rendent la Formule 1 si passionnante.<\/p>\n<\/blockquote>\n<p>Continuons avec les bonnes nouvelles, puisqu\u2019un week-end de jeu gratuit aura lieu du 16 au 20 octobre ! Celui-ci se tiendra durant la course \u00e0 domicile de Haas sur le Circuit des Am\u00e9riques. Un bonus de double XP sera \u00e9galement de la partie durant ce week-end. La seconde grosse annonce, concerne l\u2019arriv\u00e9e de la saison 2025 de F2. Les plus grands fans, vont pouvoir profiter des 11 \u00e9curies, des 22 pilotes et du calendrier complet des 14 courses. Le classement des pilotes a \u00e9galement \u00e9t\u00e9 mis \u00e0 jour ! Ce nouveau classement, tient compte des performances r\u00e9centes depuis la Belgique jusqu\u2019\u00e0 Monza.<\/p>\n<\/p>\n<p>                                    <a href=\"https:\/\/www.geeknplay.fr\/f1-25-saison-3-haas-fete-ses-10-ans-arrivee-du-championnat-f2-2025\/\" target=\"_blank\" rel=\"noopener\"><a href=\"https:\/\/www.geeknplay.fr\/tag\/codemasters\/\" rel=\"tag noopener\" target=\"_blank\">Codemasters<\/a>, <a href=\"https:\/\/www.geeknplay.fr\/tag\/f1-25\/\" rel=\"tag noopener\" target=\"_blank\">F1 25<\/a>, <a href=\"https:\/\/www.geeknplay.fr\/tag\/f1-25-saison-3\/\" rel=\"tag noopener\" target=\"_blank\">F1 25 saison 3<\/a>, <a href=\"https:\/\/www.geeknplay.fr\/tag\/f1-25-saison-3-haas\/\" rel=\"tag noopener\" target=\"_blank\">F1 25 saison 3 haas<\/a>, <a href=\"https:\/\/www.geeknplay.fr\/tag\/f1-25-saison-3-nouveaute\/\" rel=\"tag noopener\" target=\"_blank\">F1 25 saison 3 nouveaut\u00e9<\/a><\/p>\n<p>\t\tNavigation de l\u2019article<\/p>\n","protected":false},"excerpt":{"rendered":"La saison 3 d\u00e9barque au sein de F1 25 ! Cette nouvelle saison se terminera le 11 novembre&hellip;\n","protected":false},"author":2,"featured_media":397821,"comment_status":"","ping_status":"","sticky":false,"template":"","format":"standard","meta":{"footnotes":""},"categories":[1412],"tags":[21988,1451,21983,52968,52969,52970,1452,1453,1454,1455,1011,27,60],"class_list":{"0":"post-397820","1":"post","2":"type-post","3":"status-publish","4":"format-standard","5":"has-post-thumbnail","7":"category-f1","8":"tag-codemasters","9":"tag-f1","10":"tag-f1-25","11":"tag-f1-25-saison-3","12":"tag-f1-25-saison-3-haas","13":"tag-f1-25-saison-3-nouveaute","14":"tag-formula-1","15":"tag-formula1","16":"tag-formule-1","17":"tag-formule1","18":"tag-fr","19":"tag-france","20":"tag-sports"},"share_on_mastodon":{"url":"https:\/\/pubeurope.com\/@fr\/115220451462675905","error":""},"_links":{"self":[{"href":"https:\/\/www.europesays.com\/fr\/wp-json\/wp\/v2\/posts\/397820","targetHints":{"allow":["GET"]}}],"collection":[{"href":"https:\/\/www.europesays.com\/fr\/wp-json\/wp\/v2\/posts"}],"about":[{"href":"https:\/\/www.europesays.com\/fr\/wp-json\/wp\/v2\/types\/post"}],"author":[{"embeddable":true,"href":"https:\/\/www.europesays.com\/fr\/wp-json\/wp\/v2\/users\/2"}],"replies":[{"embeddable":true,"href":"https:\/\/www.europesays.com\/fr\/wp-json\/wp\/v2\/comments?post=397820"}],"version-history":[{"count":0,"href":"https:\/\/www.europesays.com\/fr\/wp-json\/wp\/v2\/posts\/397820\/revisions"}],"wp:featuredmedia":[{"embeddable":true,"href":"https:\/\/www.europesays.com\/fr\/wp-json\/wp\/v2\/media\/397821"}],"wp:attachment":[{"href":"https:\/\/www.europesays.com\/fr\/wp-json\/wp\/v2\/media?parent=397820"}],"wp:term":[{"taxonomy":"category","embeddable":true,"href":"https:\/\/www.europesays.com\/fr\/wp-json\/wp\/v2\/categories?post=397820"},{"taxonomy":"post_tag","embeddable":true,"href":"https:\/\/www.europesays.com\/fr\/wp-json\/wp\/v2\/tags?post=397820"}],"curies":[{"name":"wp","href":"https:\/\/api.w.org\/{rel}","templated":true}]}}