{"id":397834,"date":"2025-09-17T16:01:10","date_gmt":"2025-09-17T16:01:10","guid":{"rendered":"https:\/\/www.europesays.com\/fr\/397834\/"},"modified":"2025-09-17T16:01:10","modified_gmt":"2025-09-17T16:01:10","slug":"natasha-st-pier-tacle-de-nouveau-ines-reg-rebelotte","status":"publish","type":"post","link":"https:\/\/www.europesays.com\/fr\/397834\/","title":{"rendered":"Natasha St-Pier tacle de nouveau In\u00e8s Reg : rebelotte !"},"content":{"rendered":"<p>Alors que personne n\u2019en parlait depuis plusieurs mois, <a href=\"https:\/\/www.public.fr\/tag\/natasha-st-pier\" target=\"_blank\" rel=\"noopener\">Natasha St-Pier<\/a> vient-elle de relancer son clash avec <a href=\"https:\/\/www.public.fr\/tag\/ines-reg\" target=\"_blank\" rel=\"noopener\">In\u00e8s Reg<\/a> ? Relance le clash est peut-\u00eatre exag\u00e9r\u00e9. N\u00e9anmoins, la chanteuse a bel et bien \u00e9voqu\u00e9 sa \u00ab\u00a0rivale\u00a0\u00bb de Danse avec les stars lors de sa venue chez Bruce Toussaint.<\/p>\n<p>L\u2019interpr\u00e8te de <strong>Tu trouveras<\/strong> \u00e9tait en effet invit\u00e9e dans la matinale Bonjour! Ce mardi 16 septembre 2025, afin d&rsquo;\u00e9voquer la sortie de son nouvel ouvrage :\u00a0<strong>Mes tr\u00e8s ch\u00e8res saintes, Dix femmes inspirantes<\/strong>. Un livre qui para\u00eet ce mercredi aux \u00e9ditions du Rocher.<\/p>\n<p>In\u00e8s Reg, pas \u00e9voqu\u00e9e dans le nouveau livre de Natasha St-Pier ?<\/p>\n<p>\u00ab\u00a0Il y a quelques ann\u00e9es, je remarquai, grav\u00e9s sur l&rsquo;autel d&rsquo;une \u00e9glise, une dizaine de noms de saintes. (&#8230;) Pourquoi ces figures sont-elles une source intarissable d&rsquo;inspiration ? En y r\u00e9fl\u00e9chissant, j&rsquo;ai r\u00e9alis\u00e9 qu&rsquo;elles se trouvaient dot\u00e9es de qualit\u00e9s que je n&rsquo;avais pas et qu&rsquo;elles me poussaient \u00e0 devenir une meilleure version de moi-m\u00eame\u00a0\u00bb, pouvons-nous apprendre dans le r\u00e9sum\u00e9.\u00a0<\/p>\n<p>Dans ce livre, Natasha St-Pier met en avant des figures f\u00e9minines qui l\u2019ont aid\u00e9e dans son parcours. Elle y c\u00e9l\u00e8bre notamment Th\u00e9r\u00e8se de Lisieux, ou encore Jeanne d\u2019Arc. N\u00e9anmoins, pas d\u2019<a href=\"https:\/\/vsd.fr\/tag\/ines-reg\/\" target=\"_blank\" rel=\"noopener\">In\u00e8s Reg<\/a> \u00e9voqu\u00e9e dans son projet. Une absence qui n\u2019a pas manqu\u00e9 de faire r\u00e9agir un chroniqueur de Bruce Toussaint.<\/p>\n<p>\u00ab\u00a0<strong>In\u00e8s Reg n\u2019est pas dans le livre ?\u00a0\u00bb<\/strong>, lui a-t-il demand\u00e9 avec humour. \u00c0 quoi la principale int\u00e9ress\u00e9e a r\u00e9pondu : <strong>\u00ab\u00a0Non, l\u2019\u00c9glise ne l\u2019a pas encore reconnue\u00a0\u00bb<\/strong>. L\u2019occasion pour Natasha St-Pier de revenir sur cet \u00e9pisode qui lui aurait \u00e9t\u00e9, finalement, b\u00e9n\u00e9fique.<\/p>\n<p><strong>\u00ab\u00a0<\/strong>Je me suis aper\u00e7ue pendant cette pol\u00e9mique que tout ce que j&rsquo;avais appris avec ces femmes-l\u00e0 m\u2019aidait\u00a0\u00bb a notamment expliqu\u00e9 la gagnante de l\u2019\u00e9dition 2024 de <strong>Danse avec les stars<\/strong>. Avant de poursuivre : \u00ab\u00a0Au d\u00e9but quand on essaie de m\u00e9diter, au bout de 30 secondes on pense plus \u00e0 notre respiration\u2026 et au fur et \u00e0 mesure, on peut faire une minute, trois minutes ou m\u00eame plus\u00a0\u00bb.<\/p>\n<p>Leur clash dans \u00ab\u00a0Danse avec les stars\u00a0\u00bb<\/p>\n<p>Pour rappel, <a href=\"https:\/\/www.public.fr\/ce-nest-pas-vrai-ines-reg-fait-de-nouvelles-revelations-sur-son-clash-avec-natasha-st-pier-dans-quotidien\" target=\"_blank\" rel=\"noopener\">un violent clash a \u00e9clat\u00e9<\/a> entre In\u00e8s Reg et Natasha St-Pier au cours de leur saison de <strong>Danse avec les stars<\/strong>. <strong>Le ton serait mont\u00e9 au moment des entra\u00eenements <\/strong>avant un prime entre les deux candidates, mais aussi leurs partenaires respectifs, Christophe Licata et Anthony Colette.<\/p>\n<p>L\u2019histoire serait partie si loin que la chanteuse aurait m\u00eame <strong>d\u00e9pos\u00e9 une main courante<\/strong> <a href=\"https:\/\/www.public.fr\/ines-reg-six-mois-apres-son-altercation-avec-natasha-st-pier-elle-reprend-le-tube-de-sa-rivale-et-le-transforme\" target=\"_blank\" rel=\"noopener\">contre l\u2019humoriste<\/a> apr\u00e8s avoir fait l\u2019objet de pr\u00e9sum\u00e9es menaces de mort. <\/p>\n<p>Depuis, les deux auraient enterr\u00e9 la hache de guerre. C\u2019est en tout cas ce que les principales int\u00e9ress\u00e9es ont affirm\u00e9 par m\u00e9dias interpos\u00e9s en pr\u00e9cisant qu\u2019elles ne seraient toutefois pas les meilleures amies du monde.\u00a0<\/p>\n<p>      Mentionn\u00e9s dans cet article<\/p>\n<p>      Sur le m\u00eame sujet<\/p>\n","protected":false},"excerpt":{"rendered":"Alors que personne n\u2019en parlait depuis plusieurs mois, Natasha St-Pier vient-elle de relancer son clash avec In\u00e8s Reg&hellip;\n","protected":false},"author":2,"featured_media":397835,"comment_status":"","ping_status":"","sticky":false,"template":"","format":"standard","meta":{"footnotes":""},"categories":[1355],"tags":[6778,6779,194,58,59,1011,27,13782,1361,873,13783],"class_list":{"0":"post-397834","1":"post","2":"type-post","3":"status-publish","4":"format-standard","5":"has-post-thumbnail","7":"category-musique","8":"tag-bonjour-la-matinale-tf1","9":"tag-bruce-toussaint","10":"tag-danse-avec-les-stars","11":"tag-divertissement","12":"tag-entertainment","13":"tag-fr","14":"tag-france","15":"tag-ines-reg","16":"tag-music","17":"tag-musique","18":"tag-natasha-st-pier"},"share_on_mastodon":{"url":"https:\/\/pubeurope.com\/@fr\/115220479065277380","error":""},"_links":{"self":[{"href":"https:\/\/www.europesays.com\/fr\/wp-json\/wp\/v2\/posts\/397834","targetHints":{"allow":["GET"]}}],"collection":[{"href":"https:\/\/www.europesays.com\/fr\/wp-json\/wp\/v2\/posts"}],"about":[{"href":"https:\/\/www.europesays.com\/fr\/wp-json\/wp\/v2\/types\/post"}],"author":[{"embeddable":true,"href":"https:\/\/www.europesays.com\/fr\/wp-json\/wp\/v2\/users\/2"}],"replies":[{"embeddable":true,"href":"https:\/\/www.europesays.com\/fr\/wp-json\/wp\/v2\/comments?post=397834"}],"version-history":[{"count":0,"href":"https:\/\/www.europesays.com\/fr\/wp-json\/wp\/v2\/posts\/397834\/revisions"}],"wp:featuredmedia":[{"embeddable":true,"href":"https:\/\/www.europesays.com\/fr\/wp-json\/wp\/v2\/media\/397835"}],"wp:attachment":[{"href":"https:\/\/www.europesays.com\/fr\/wp-json\/wp\/v2\/media?parent=397834"}],"wp:term":[{"taxonomy":"category","embeddable":true,"href":"https:\/\/www.europesays.com\/fr\/wp-json\/wp\/v2\/categories?post=397834"},{"taxonomy":"post_tag","embeddable":true,"href":"https:\/\/www.europesays.com\/fr\/wp-json\/wp\/v2\/tags?post=397834"}],"curies":[{"name":"wp","href":"https:\/\/api.w.org\/{rel}","templated":true}]}}