{"id":397911,"date":"2025-09-17T16:43:10","date_gmt":"2025-09-17T16:43:10","guid":{"rendered":"https:\/\/www.europesays.com\/fr\/397911\/"},"modified":"2025-09-17T16:43:10","modified_gmt":"2025-09-17T16:43:10","slug":"sncf-ratp-aerien-retrouvez-les-dernieres-previsions-de-trafic-dans-les-transports","status":"publish","type":"post","link":"https:\/\/www.europesays.com\/fr\/397911\/","title":{"rendered":"SNCF, RATP, a\u00e9rien\u2026 Retrouvez les derni\u00e8res pr\u00e9visions de trafic dans les transports"},"content":{"rendered":"<p>Une semaine apr\u00e8s le mouvement \u00abBloquons tout\u00bb du 10 septembre, la mobilisation intersyndicale de ce jeudi s\u2019annonce tr\u00e8s suivie dans les transports. Le Figaro fait le point sur les perturbations.<\/p>\n<p class=\"fig-paragraph\">Vers une \u00abjourn\u00e9e noire\u00bb dans les transports jeudi. Apr\u00e8s le mouvement citoyen \u00abBloquons tout\u00bb du 10 septembre dernier, les syndicats appellent \u00e0 faire gr\u00e8ve et \u00e0 manifester\u00a0<a href=\"http:\/\/www.lefigaro.fr\/social\/greve-du-18-septembre-sncf-pharmacies-aerien-a-quelles-perturbations-faut-il-s-attendre-20250910\" target=\"_blank\" data-fig-type=\"NewsFlash\" rel=\"noopener\" data-gtm-custom-categorie=\"navigation\" data-gtm-custom-action=\"crossclick\" data-gtm-custom-label=\"Contextuel\" data-gtm-event=\"customEventSPE\" data-fig-domain=\"LEFIGARO\">ce jeudi 18 septembre<\/a>\u00a0pour contester les mesures budg\u00e9taires \u00abbrutales\u00bb annonc\u00e9es cet \u00e9t\u00e9. CFDT, CGT, FO, CFE-CGC, CFTC, Unsa, FSU et Solidaires seront unis jeudi dans la rue, une premi\u00e8re depuis le 6 juin 2023, date de la derni\u00e8re mobilisation contre la r\u00e9forme des retraites.<\/p>\n<p class=\"fig-paragraph\">Dans un communiqu\u00e9 commun diffus\u00e9 fin ao\u00fbt, les principales organisations syndicales qualifiaient les mesures avanc\u00e9es cet \u00e9t\u00e9 de \u00abbrutalit\u00e9 sans pr\u00e9c\u00e9dent\u00bb, regrettant que l\u2019ancien gouvernement Bayrou choisisse \u00abencore une fois de faire payer les travailleuses et les travailleurs, les pr\u00e9caires, les retrait\u00e9s, les malades\u00bb. Le mouvement s\u2019annonce particuli\u00e8rement suivi dans les transports. Le Figaro fait le point.<\/p>\n<p>                                    <a class=\"fig-a11y-skip a11y-hidden\" href=\"#fig-a11y-skip-main-inarticle\"><br \/>\n        Passer la publicit\u00e9<br \/>\n    <\/a><\/p>\n<p>Un TGV sur dix annul\u00e9, <strong>1 train Intercit\u00e9s sur 2<\/strong> en circulation<\/p>\n<p class=\"fig-paragraph\">Ce jeudi, 90% des <strong>TGV <\/strong>Inoui, Lyria et Ouigo circuleront, avec tout de m\u00eame \u00abquelques perturbations \u00e0 pr\u00e9voir\u00bb, a pr\u00e9venu le ministre d\u00e9missionnaire des Transports Philippe Tabarot lors d\u2019un point presse organis\u00e9 mardi. Celui-ci a assur\u00e9 que l\u2019ensemble des clients pourront r\u00e9aliser leur voyage, y compris ceux dont les TGV seront annul\u00e9s, qui seront report\u00e9s vers ceux qui circulent.<\/p>\n<p class=\"fig-paragraph\">Les perturbations seront en revanche un peu plus importantes sur les lignes <strong>Intercit\u00e9s<\/strong>, avec seulement \u00ab1 train Intercit\u00e9s sur 2 en circulation\u00bb, pr\u00e9vient le ministre. La situation sera \u00abdisparate\u00bb sur les trains r\u00e9gionaux. \u00abIl y aura globalement 3 <strong>TER <\/strong>sur 5 en circulation, mais avec une forte disparit\u00e9 entre les diff\u00e9rentes r\u00e9gions\u00bb, a indiqu\u00e9 Philippe Tabarot.<\/p>\n<p>\u00c0 Paris, un trafic particuli\u00e8rement perturb\u00e9 sur le m\u00e9tro<\/p>\n<p class=\"fig-paragraph\">En \u00cele-de-France, plusieurs syndicats de la RATP annoncent \u00abentre 80 et 90%\u00bb d\u2019agents mobilis\u00e9s du c\u00f4t\u00e9 du personnel roulant. Les pr\u00e9visions de trafic communiqu\u00e9es par la r\u00e9gie des transports parisiens sont en effet particuli\u00e8rement difficiles.<\/p>\n<p class=\"fig-paragraph\">Concr\u00e8tement, seules les trois lignes de <strong>m\u00e9tro <\/strong>automatiques &#8211; les lignes 1, 4 et 14 &#8211; fonctionneront normalement. Le trafic sera \u00abtr\u00e8s perturb\u00e9\u00bb et \u00abassur\u00e9 uniquement aux heures de pointe (6h30 \u2013 9h30 et 16h30 \u2013 19h30)\u00bb sur les lignes 7, 9, 10 et 13. Il sera \u00abtr\u00e8s perturb\u00e9\u00bb et encore plus partiel sur les lignes 2, 3, 3bis, 5, 6, 7bis, 8, 11 et 12.<\/p>\n<tr>\n<td>Ligne 1<\/td>\n<td>Trafic normal<\/td>\n<\/tr>\n<tr>\n<td>Ligne 2<\/td>\n<td>1 train sur 3 entre Nation et La Chapelle entre 6h30 et 10h puis entre 16h30 et 19h30<\/td>\n<\/tr>\n<tr>\n<td>Ligne 3<\/td>\n<td>1 train sur 5 entre Pont de Levallois et Havre Caumartin entre 6h30 et 9h30 puis 16h et 19h30<\/td>\n<\/tr>\n<tr>\n<td>Ligne 3 bis<\/td>\n<td>1 train sur 2 de 14h \u00e0 19h30 sur ligne enti\u00e8re<\/td>\n<\/tr>\n<tr>\n<td>Ligne 4<\/td>\n<td>Trafic normal<\/td>\n<\/tr>\n<tr>\n<td>Ligne 5<\/td>\n<td>1 train sur 5 entre Gare du Nord et Bobigny de 6h30 \u00e0 9h30 puis 16h30 \u00e0 19h30<\/td>\n<\/tr>\n<tr>\n<td>Ligne 6<\/td>\n<td>2 trains sur 5 entre Nation et Place d\u2019Italie (6h30 \u2013 10h30) et Nation &#8211; Bercy (15h30 \u2013 19h30)<\/td>\n<\/tr>\n<tr>\n<td>Ligne 7<\/td>\n<td>1 train sur 3 uniquement aux heures de pointe (6h30 \u2013 9h30 et 16h30 \u2013 19h30)<\/td>\n<\/tr>\n<tr>\n<td>Ligne 7 bis<\/td>\n<td>1 train sur 2 uniquement de 6h30 \u00e0 9h30, sur ligne enti\u00e8re<\/td>\n<\/tr>\n<tr>\n<td>Ligne 8<\/td>\n<td>1 train sur 3 entre Cr\u00e9teil Pointe du Lac et Reuilly Diderot (7h30 \u2013 9h30) et 1 train sur 5 le soir de 16h30 \u00e0 19h30<\/td>\n<\/tr>\n<tr>\n<td>ligne 9<\/td>\n<td>1 train sur 3 uniquement aux heures de pointe (6h30 \u2013 9h30 et 16h30 \u2013 19h30)<\/td>\n<\/tr>\n<tr>\n<td>Ligne 10<\/td>\n<td>1 train sur 4 uniquement aux heures de pointe (6h30 \u2013 9h30 et 16h30 \u2013 19h30)<\/td>\n<\/tr>\n<tr>\n<td>Ligne 11<\/td>\n<td>1 train sur 4 sur ligne enti\u00e8re (6h30 \u2013 9h30) puis entre Rosny et Porte des Lilas de 16h30 \u00e0 19h30<\/td>\n<\/tr>\n<tr>\n<td>Ligne 12<\/td>\n<td>1 train sur 2 entre Mairie d\u2019Aubervilliers et Jules Joffrin (6h30 \u2013 9h30 puis 16h30 \u2013 19h30)<\/td>\n<\/tr>\n<tr>\n<td>Ligne 13<\/td>\n<td>1 train sur 4 uniquement aux heures de pointe (6h30 \u2013 9h30 et 16h30 \u2013 19h30)<\/td>\n<\/tr>\n<tr>\n<td>Ligne 14<\/td>\n<td>Trafic normal<\/td>\n<\/tr>\n<p class=\"fig-paragraph\">Plusieurs stations seront par ailleurs ferm\u00e9es toute la journ\u00e9e\u00a0: Bastille, Concorde, Arts et M\u00e9tiers, Villiers, Op\u00e9ra, R\u00e9publique, Trocad\u00e9ro, S\u00e8vres-Babylone, Invalides, Place de Clichy.<\/p>\n<p>                                    <a class=\"fig-a11y-skip a11y-hidden\" href=\"#fig-a11y-skip-main-inarticle_mtf\"><br \/>\n        Passer la publicit\u00e9<br \/>\n    <\/a><\/p>\n<p class=\"fig-paragraph\">Par ailleurs, \u00e0 la demande de la Pr\u00e9fecture de police de Paris, d\u2019autres stations seront ferm\u00e9es \u00e0 partir de 12h pour des raisons de s\u00e9curit\u00e9\u00a0: Chemin Vert, Saint-S\u00e9bastien Froissart, Filles du Calvaire, Oberkampf, Saint-Ambroise, Voltaire, Charonne, Rue des Boulets, R\u00e9publique.<\/p>\n<p class=\"fig-body-link\">\n            \u00c0 lire aussi<br \/>\n        <a class=\"fig-body-link__link\" href=\"http:\/\/www.lefigaro.fr\/social\/greve-du-18-septembre-dans-les-transports-decouvrez-les-previsions-de-trafic-a-la-ratp-20250916\" data-fig-type=\"NewsFlash\" data-gtm-custom-categorie=\"navigation\" data-gtm-custom-action=\"crossclick\" data-gtm-custom-label=\"Contextuel\" data-gtm-event=\"customEventSPE\" data-fig-domain=\"LEFIGARO\" target=\"_blank\" rel=\"noopener\">Gr\u00e8ve du 18 septembre\u00a0: SNCF, RATP, a\u00e9rien\u2026 Retrouvez les derni\u00e8res pr\u00e9visions de trafic dans les transports<br \/>\n    <\/a>\n<\/p>\n<p>Un trafic \u00e9galement perturb\u00e9 sur le RER en \u00cele-de-France<\/p>\n<p class=\"fig-paragraph\">C\u00f4t\u00e9 <strong>RER<\/strong>, le trafic sera \u00abperturb\u00e9\u00bb sur les lignes A et C. Il sera \u00abtr\u00e8s perturb\u00e9\u00bb sur le RER B, D et E.<\/p>\n<tr>\n<td>RER A <\/td>\n<td>3 trains sur 4 entre Nanterre Pr\u00e9fecture et Cergy-le-Haut et entre Nanterre Pr\u00e9fecture et Poissy. Sur le reste de la ligne, pr\u00e9voir 3 trains sur 4 aux heures de pointe et 2 trains sur 3 aux heures creuses.<\/td>\n<\/tr>\n<tr>\n<td>RER B<\/td>\n<td>1 train sur 2 sur toute la ligne et pas de changement de train n\u00e9cessaire en gare de Paris Nord<\/td>\n<\/tr>\n<tr>\n<td>RER C<\/td>\n<td>2 trains sur 3<\/td>\n<\/tr>\n<tr>\n<td>RER D<\/td>\n<td>1 train sur 2 entre Corbeil-Essonnes et Creil et entre Melun et Goussainville. 1 train sur 5 uniquement aux heures de pointe entre Corbeil-Essonnes et Malesherbes. Aucune circulation entre Juvisy et Corbeil-Essonnes via Ris Orangis et entre Corbeil-Essonnes et Melun.<\/td>\n<\/tr>\n<tr>\n<td>RER E<\/td>\n<td>1 train sur 2<\/td>\n<\/tr>\n<p class=\"fig-paragraph\">Sur le <strong>Transilien<\/strong>, le trafic sera \u00abtr\u00e8s disparate\u00bb en fonction des lignes. Le trafic sera \u00abnormal\u00bb sur la ligne J, \u00abperturb\u00e9\u00bb sur les lignes K, L, P et V et \u00abtr\u00e8s perturb\u00e9\u00bb sur les lignes H, N, R et U.<\/p>\n<tr>\n<td>Ligne J <\/td>\n<td>Pr\u00e9voir un trafic normal<\/td>\n<\/tr>\n<tr>\n<td>Ligne P<\/td>\n<td>Pr\u00e9voir un trafic normal entre Paris Est et Coulommiers et entre Paris Est et Ch\u00e2teau Thierry ; Pr\u00e9voir 3 trains sur 4 entre Paris Est et Meaux et entre Paris Est et Provins ; Pr\u00e9voir 2 trains sur 3 entre Meaux et la Fert\u00e9 Milon<\/td>\n<\/tr>\n<tr>\n<td>Ligne K<\/td>\n<td>Pr\u00e9voir 2 trains sur 3<\/td>\n<\/tr>\n<tr>\n<td>Ligne L<\/td>\n<td>Pr\u00e9voir 2 trains sur 3<\/td>\n<\/tr>\n<tr>\n<td>Ligne V<\/td>\n<td>Pr\u00e9voir 2 trains sur 3<\/td>\n<\/tr>\n<tr>\n<td>Ligne H<\/td>\n<td>Pr\u00e9voir 1 train sur 2<\/td>\n<\/tr>\n<tr>\n<td>Ligne N<\/td>\n<td>Pr\u00e9voir 1 train sur 2<\/td>\n<\/tr>\n<tr>\n<td>Ligne U<\/td>\n<td>Pr\u00e9voir 1 train sur 2<\/td>\n<\/tr>\n<tr>\n<td>Ligne R<\/td>\n<td>Pr\u00e9voir 1 train sur 2 en moyenne uniquement aux heures de pointe<\/td>\n<\/tr>\n<p class=\"fig-paragraph\">Le trafic sera \u00e9galement \u00abperturb\u00e9\u00bb sur le r\u00e9seau de <strong>bus <\/strong>: 70% des lignes circuleront normalement ou quasi normalement. Dans le d\u00e9tail, <strong>2 bus sur 3 circuleront \u00e0 Paris <\/strong>except\u00e9 sur les 10 lignes interrompues (28, 47, 56, 61, 66, 73, 74, 75, 85 et 93), et <strong>3 bus sur 5 en petite couronne<\/strong> avec 65 lignes interrompues (104, 106, 107, 109, 112, 138, 140, 146, 157, 158, 160, 163, 166, 167, 168, 174, 175, 176, 181, 182, 184, 186, 187,193, 215, 216, 239, 244, 247, 250, 251, 253, 256, 260, 261, 263, 270, 274, 275, 276, 285, 286, 291, 292, 317, 319, 337, 340, 346, 350, 351, 353, 355, 360, 363, 366, 367, 368, 370, 372, 380, 382, 385, 395 et 396). Quatre lignes de Noctilien seront \u00e9galement ferm\u00e9es\u00a0: N22, N52, N132 et N137.<\/p>\n<p class=\"fig-paragraph\">C\u00f4t\u00e9 <strong>tramway <\/strong>enfin, le trafic sera \u00abnormal\u00bb sur les lignes T1, T2, T3a, T3b, T6, T9, T11, T12, T13 et T14, et \u00abperturb\u00e9\u00bb sur les lignes T4, T5, T7, T8 et T10.<\/p>\n<tr>\n<td>Tram T1<\/td>\n<td>Trafic normal ou quasi normal<\/td>\n<\/tr>\n<tr>\n<td>Tram T2<\/td>\n<td>Trafic normal ou quasi normal<\/td>\n<\/tr>\n<tr>\n<td>Tram T3a<\/td>\n<td>Trafic normal ou quasi normal<\/td>\n<\/tr>\n<tr>\n<td>Tram T3b<\/td>\n<td>Trafic normal ou quasi normal<\/td>\n<\/tr>\n<tr>\n<td>Tram T5<\/td>\n<td>3 tramways sur 4<\/td>\n<\/tr>\n<tr>\n<td>Tram T6<\/td>\n<td>Trafic normal ou quasi normal<\/td>\n<\/tr>\n<tr>\n<td>Tram T7<\/td>\n<td>1 tramway sur 2<\/td>\n<\/tr>\n<tr>\n<td>Tram T8<\/td>\n<td>Trafic normal ou quasi normal<\/td>\n<\/tr>\n<tr>\n<td>Tram T12<\/td>\n<td>Trafic normal<\/td>\n<\/tr>\n<tr>\n<td>Tram T13<\/td>\n<td>Trafic normal<\/td>\n<\/tr>\n<p>                                    <a class=\"fig-a11y-skip a11y-hidden\" href=\"#fig-a11y-skip-main-inarticle_btf\"><br \/>\n        Passer la publicit\u00e9<br \/>\n    <\/a><\/p>\n<p>Quid du secteur a\u00e9rien\u00a0?<\/p>\n<p class=\"fig-paragraph\">Dans l\u2019a\u00e9rien, le syndicat majoritaire des contr\u00f4leurs a\u00e9riens, le SNCTA, \u00ab<a href=\"http:\/\/www.lefigaro.fr\/social\/les-controleurs-aeriens-reportent-leur-greve-prevue-le-18-septembre-faute-d-interlocuteur-au-gouvernement-20250912\" data-fig-type=\"NewsFlash\" data-gtm-custom-categorie=\"navigation\" data-gtm-custom-action=\"crossclick\" data-gtm-custom-label=\"Contextuel\" data-gtm-event=\"customEventSPE\" data-fig-domain=\"LEFIGARO\" target=\"_blank\" rel=\"noopener\">a d\u00e9cid\u00e9 de retirer son pr\u00e9avis<\/a> \u00a0pour cette journ\u00e9e, et de le reporter au mois d\u2019octobre\u00bb, a rappel\u00e9 Philippe Tabarot mardi. \u00abLa date du 18 septembre n\u2019est plus compatible avec la possibilit\u00e9 de faire aboutir les revendications faute d\u2019interlocuteurs et de temps n\u00e9cessaire qui leur serait consacr\u00e9\u00bb, avait en effet indiqu\u00e9 le SNCTA dans un communiqu\u00e9.<\/p>\n<p class=\"fig-paragraph\">Seule \u00abune centaine de contr\u00f4leurs a\u00e9riens\u00bb seront mobilis\u00e9s pour cette journ\u00e9e sachant qu\u2019ils ont \u00abencore quelques heures pour se d\u00e9clarer\u00bb, a pr\u00e9cis\u00e9 Philippe Tabarot. Il pourrait n\u00e9anmoins y avoir quelques difficult\u00e9s dans les a\u00e9roports du sud de la France, ainsi qu\u2019\u00e0 l\u2019a\u00e9roport de B\u00e2le-Mulhouse.\u00a0La Direction g\u00e9n\u00e9rale de l\u2019aviation civile (DGAC) dit pr\u00e9voir des \u00abretards\u00bb sur \u00abl\u2019ensemble du territoire national\u00bb.<\/p>\n","protected":false},"excerpt":{"rendered":"Une semaine apr\u00e8s le mouvement \u00abBloquons tout\u00bb du 10 septembre, la mobilisation intersyndicale de ce jeudi s\u2019annonce tr\u00e8s&hellip;\n","protected":false},"author":2,"featured_media":397912,"comment_status":"","ping_status":"","sticky":false,"template":"","format":"standard","meta":{"footnotes":""},"categories":[1592],"tags":[1111,11,1777,674,1011,27,662,12,626,625,25,2215,2216],"class_list":{"0":"post-397911","1":"post","2":"type-post","3":"status-publish","4":"format-standard","5":"has-post-thumbnail","7":"category-ile-de-france","8":"tag-actu","9":"tag-actualites","10":"tag-eu","11":"tag-europe","12":"tag-fr","13":"tag-france","14":"tag-ile-de-france","15":"tag-news","16":"tag-paris","17":"tag-ratp","18":"tag-republique-francaise","19":"tag-sncf","20":"tag-transports-en-commun"},"share_on_mastodon":{"url":"https:\/\/pubeurope.com\/@fr\/115220644191362845","error":""},"_links":{"self":[{"href":"https:\/\/www.europesays.com\/fr\/wp-json\/wp\/v2\/posts\/397911","targetHints":{"allow":["GET"]}}],"collection":[{"href":"https:\/\/www.europesays.com\/fr\/wp-json\/wp\/v2\/posts"}],"about":[{"href":"https:\/\/www.europesays.com\/fr\/wp-json\/wp\/v2\/types\/post"}],"author":[{"embeddable":true,"href":"https:\/\/www.europesays.com\/fr\/wp-json\/wp\/v2\/users\/2"}],"replies":[{"embeddable":true,"href":"https:\/\/www.europesays.com\/fr\/wp-json\/wp\/v2\/comments?post=397911"}],"version-history":[{"count":0,"href":"https:\/\/www.europesays.com\/fr\/wp-json\/wp\/v2\/posts\/397911\/revisions"}],"wp:featuredmedia":[{"embeddable":true,"href":"https:\/\/www.europesays.com\/fr\/wp-json\/wp\/v2\/media\/397912"}],"wp:attachment":[{"href":"https:\/\/www.europesays.com\/fr\/wp-json\/wp\/v2\/media?parent=397911"}],"wp:term":[{"taxonomy":"category","embeddable":true,"href":"https:\/\/www.europesays.com\/fr\/wp-json\/wp\/v2\/categories?post=397911"},{"taxonomy":"post_tag","embeddable":true,"href":"https:\/\/www.europesays.com\/fr\/wp-json\/wp\/v2\/tags?post=397911"}],"curies":[{"name":"wp","href":"https:\/\/api.w.org\/{rel}","templated":true}]}}