{"id":398005,"date":"2025-09-17T17:36:25","date_gmt":"2025-09-17T17:36:25","guid":{"rendered":"https:\/\/www.europesays.com\/fr\/398005\/"},"modified":"2025-09-17T17:36:25","modified_gmt":"2025-09-17T17:36:25","slug":"a-rennes-le-space-ouvrira-bien-ses-portes-pour-la-troisieme-journee","status":"publish","type":"post","link":"https:\/\/www.europesays.com\/fr\/398005\/","title":{"rendered":"\u00c0 Rennes, le Space ouvrira bien ses portes pour la troisi\u00e8me journ\u00e9e"},"content":{"rendered":"<p>            Par<br \/>\n        <strong><br \/>\n            <a href=\"https:\/\/actu.fr\/auteur\/bertrand-dumarche\" title=\"Consulter tous les articles de Bertrand Dumarch\u00e9\" rel=\"nofollow noopener\" target=\"_blank\">Bertrand Dumarch\u00e9<\/a><br \/>\n        <\/strong><\/p>\n<p>        Publi\u00e9 le<\/p>\n<p>            17 sept. 2025 \u00e0 17h03        <\/p>\n<p>Les exposants seront l\u00e0 demain au <b>Space<\/b>, malgr\u00e9 les <a href=\"https:\/\/actu.fr\/bretagne\/rennes_35238\/greve-du-18-septembre-blocages-manifestation-a-quoi-s-attendre-pour-la-suite-de-la-mobilisation_63162028.html\" rel=\"nofollow noopener\" target=\"_blank\"><b>gr\u00e8ves et manifestations<\/b> annonc\u00e9es \u00e0 <b>Rennes<\/b><\/a>. <b>Anne-Marie Qu\u00e9m\u00e9ner, commissaire g\u00e9n\u00e9rale<\/b> du salon se veut rassurante et coupe court \u00e0 toutes les rumeurs.<\/p>\n<p class=\" wall-content\">\u00ab\u2009Pour faciliter les acc\u00e8s aux exposants, ils pourront arriver au Space d\u00e8s 7\u2009h au lieu de 7\u2009h\u200930, explique Anne-Marie Qu\u00e9m\u00e9ner. Et le dispositif des forces de l\u2019ordre est maintenu dans les m\u00eames proportions.\u2009\u00bb Avec une trentaine de gendarmes pr\u00e9sents en permanence autour du site.<\/p>\n<p>Navette modifi\u00e9e<\/p>\n<p class=\" wall-content\">Mais face aux manifestations pr\u00e9vues, le parcours de la navette gratuite est modifi\u00e9. \u00ab\u2009Nous invitons les visiteurs \u00e0 prendre la ligne B du m\u00e9tro jusqu\u2019\u00e0 la station Saint-Jacques Gait\u00e9. L\u00e0, la navette les conduira au parc-expo.\u2009\u00bb M\u00eame dispositif pour le retour.<\/p>\n<p>Un salon record<\/p>\n<p class=\" wall-content\">Anne-Marie Qu\u00e9m\u00e9ner garde le sourire et se f\u00e9licite d\u2019une journ\u00e9e du mercredi d\u00e9j\u00e0 record. \u00ab\u2009Nous avons d\u00fb ouvrir deux parkings suppl\u00e9mentaires ce matin. On estime \u00e0 40\u2009000 le nombre de visiteurs aujourd\u2019hui\u2009\u00bb, qui s\u2019ajoutent aux 30\u2009000 d\u2019hier mardi.<\/p>\n<p class=\" wall-content\">Alors pas question de raccourcir le Space. \u00ab\u2009On doit \u00e7a aux 1\u2009230\u00a0exposants et au public.\u2009\u00bb<\/p>\n<p>Vid\u00e9os : en ce moment sur Actu<\/p>\n<p class=\" wall-content\">Une ann\u00e9e d\u00e9j\u00e0 particuli\u00e8re avec la moiti\u00e9 des bovins pr\u00e9sents \u00e0 cause de la FCO. \u00ab\u2009Les visiteurs, \u00e9leveurs sont l\u00e0 malgr\u00e9 tout.\u2009\u00bb<\/p>\n<p class=\" wall-content\">Personnalisez votre actualit\u00e9 en ajoutant vos villes et m\u00e9dias en favori avec <a href=\"https:\/\/moncompte.actu.fr\" title=\"D\u00e9couvez Mon Actu\" rel=\"nofollow noopener\" data-trk=\"{&quot;cta&quot;:{&quot;action&quot;:&quot;https:\\\/\\\/moncompte.actu.fr&quot;,&quot;category&quot;:&quot;mon compte&quot;,&quot;from&quot;:&quot;article footer&quot;,&quot;name&quot;:&quot;Mon actu&quot;,&quot;type&quot;:&quot;cta&quot;}}\" target=\"_blank\">Mon Actu<\/a>.<\/p>\n","protected":false},"excerpt":{"rendered":"Par Bertrand Dumarch\u00e9 Publi\u00e9 le 17 sept. 2025 \u00e0 17h03 Les exposants seront l\u00e0 demain au Space, malgr\u00e9&hellip;\n","protected":false},"author":2,"featured_media":398006,"comment_status":"","ping_status":"","sticky":false,"template":"","format":"standard","meta":{"footnotes":""},"categories":[2821],"tags":[1111,11,327,829,1777,674,1011,27,12,584,25,104,49243],"class_list":{"0":"post-398005","1":"post","2":"type-post","3":"status-publish","4":"format-standard","5":"has-post-thumbnail","7":"category-rennes","8":"tag-actu","9":"tag-actualites","10":"tag-agriculture","11":"tag-bretagne","12":"tag-eu","13":"tag-europe","14":"tag-fr","15":"tag-france","16":"tag-news","17":"tag-rennes","18":"tag-republique-francaise","19":"tag-societe","20":"tag-space-rennes"},"share_on_mastodon":{"url":"https:\/\/pubeurope.com\/@fr\/115220852475704330","error":""},"_links":{"self":[{"href":"https:\/\/www.europesays.com\/fr\/wp-json\/wp\/v2\/posts\/398005","targetHints":{"allow":["GET"]}}],"collection":[{"href":"https:\/\/www.europesays.com\/fr\/wp-json\/wp\/v2\/posts"}],"about":[{"href":"https:\/\/www.europesays.com\/fr\/wp-json\/wp\/v2\/types\/post"}],"author":[{"embeddable":true,"href":"https:\/\/www.europesays.com\/fr\/wp-json\/wp\/v2\/users\/2"}],"replies":[{"embeddable":true,"href":"https:\/\/www.europesays.com\/fr\/wp-json\/wp\/v2\/comments?post=398005"}],"version-history":[{"count":0,"href":"https:\/\/www.europesays.com\/fr\/wp-json\/wp\/v2\/posts\/398005\/revisions"}],"wp:featuredmedia":[{"embeddable":true,"href":"https:\/\/www.europesays.com\/fr\/wp-json\/wp\/v2\/media\/398006"}],"wp:attachment":[{"href":"https:\/\/www.europesays.com\/fr\/wp-json\/wp\/v2\/media?parent=398005"}],"wp:term":[{"taxonomy":"category","embeddable":true,"href":"https:\/\/www.europesays.com\/fr\/wp-json\/wp\/v2\/categories?post=398005"},{"taxonomy":"post_tag","embeddable":true,"href":"https:\/\/www.europesays.com\/fr\/wp-json\/wp\/v2\/tags?post=398005"}],"curies":[{"name":"wp","href":"https:\/\/api.w.org\/{rel}","templated":true}]}}