{"id":398025,"date":"2025-09-17T17:46:11","date_gmt":"2025-09-17T17:46:11","guid":{"rendered":"https:\/\/www.europesays.com\/fr\/398025\/"},"modified":"2025-09-17T17:46:11","modified_gmt":"2025-09-17T17:46:11","slug":"quelles-perturbations-dans-les-transports-a-toulouse","status":"publish","type":"post","link":"https:\/\/www.europesays.com\/fr\/398025\/","title":{"rendered":"quelles perturbations dans les transports \u00e0 Toulouse\u00a0?"},"content":{"rendered":"<p>            Par<br \/>\n        <strong><br \/>\n            <a href=\"https:\/\/actu.fr\/auteur\/guillaume-laurens\" title=\"Consulter tous les articles de Guillaume Laurens\" target=\"_blank\" rel=\"noopener\">Guillaume Laurens<\/a><br \/>\n        <\/strong><\/p>\n<p>        Publi\u00e9 le<\/p>\n<p>            17 sept. 2025 \u00e0 19h32        <\/p>\n<p>En raison de la journ\u00e9e de gr\u00e8ve nationale qui s\u2019annonce assez suivie, ce jeudi 18 septembre 2025, <a href=\"https:\/\/actu.fr\/occitanie\/toulouse_31555\/transports-ecoles-blocages-manifestations-ce-qui-est-annonce-pour-la-greve-du-18-septembre-a-toulouse_63168711.html\" target=\"_blank\" rel=\"noopener\">des <strong>blocages sont pr\u00e9vus<\/strong> dans l\u2019agglo de Toulouse o\u00f9 <strong>divers services publics tourneront au ralenti<\/strong><\/a>. Pour ce qui est des transports en commun, quelques difficult\u00e9s sont indiqu\u00e9es, notamment chez <strong><a href=\"https:\/\/actu.fr\/tag\/tisseo\" target=\"_blank\" rel=\"noopener\">Tiss\u00e9o<\/a>,<\/strong> qui informe que \u00ab\u00a0l\u2019ensemble du r\u00e9seau sera <strong>tr\u00e8s fortement perturb\u00e9\u00a0\u00bb.<\/strong> Voici \u00e0 quoi s\u2019attendre \u00e0 la veille de l\u2019\u00e9v\u00e9nement.<\/p>\n<p>M\u00e9tro<\/p>\n<ul class=\" wall-content\">\n<li>Les <strong>lignes A<\/strong> et <strong>B<\/strong> devraient circuler normalement<\/li>\n<li>\u00ab\u00a0Des <strong>stations<\/strong> en <strong>centre-ville<\/strong> seront <strong>ferm\u00e9es<\/strong> dans l\u2019apr\u00e8s-midi en fonction de l\u2019avanc\u00e9e de la manifestation\u00a0\u00bb, annonce Tiss\u00e9o, sans pr\u00e9ciser lesquelles.<\/li>\n<\/ul>\n<p>Tramway<\/p>\n<ul class=\" wall-content\">\n<li>Le <strong>tram<\/strong> circulera uniquement <strong>entre les stations MEETT et Ar\u00e8nes<\/strong> sur l\u2019ensemble de la journ\u00e9e.<\/li>\n<\/ul>\n<p>Bus<\/p>\n<ul class=\" wall-content\">\n<li><strong>Matin<\/strong> : les lignes de bus <strong>circuleront<\/strong>, \u00ab\u00a0sous r\u00e9serve de perturbations ind\u00e9pendantes de notre volont\u00e9\u00a0\u00bb, pr\u00e9vient Tiss\u00e9o.<\/li>\n<li>\u00c0 partir <strong>12h00<\/strong> : <strong>aucun bus<\/strong> ne circulera dans le <strong>centre-ville<\/strong> en raison de la manifestation.\u00a0 \u00a0<\/li>\n<li>La <strong>Navette a\u00e9roport<\/strong> ainsi que les <strong>lignes L1, L8, L9, L14, 13, 15, 23, 27, 29, 39, 44, 63, 66 et 70<\/strong> sont d\u00e9vi\u00e9es.<\/li>\n<li>La <strong>ligne 45<\/strong> est suspendue.<\/li>\n<li>Les\u00a0<strong>Navettes centre-ville<\/strong>, <strong>access<\/strong> et <strong>Bonnefoy<\/strong> sont suspendues toute la journ\u00e9e.\u00a0 \u00a0\u00a0<\/li>\n<\/ul>\n<p>T\u00e9l\u00e9o, parkings relais\u2026<\/p>\n<ul class=\" wall-content\">\n<li>Pour <strong>T\u00e9l\u00e9o<\/strong>, Tiss\u00e9o pr\u00e9voit un \u00ab\u00a0fonctionnement normal\u00a0\u00bb du t\u00e9l\u00e9ph\u00e9rique urbain\u00a0\u00a0<\/li>\n<li>Pour les <strong>parkings relais<\/strong> (P+R), Tiss\u00e9o annonce un \u00ab\u00a0fonctionnement normal\u00a0\u00bb aussi<\/li>\n<\/ul>\n<p>Vid\u00e9os : en ce moment sur Actu<\/p>\n<p class=\" wall-content\">L\u2019autorit\u00e9 des transports en commun dans l\u2019agglo de Toulouse invite par ailleurs \u00e0 <a href=\"https:\/\/www.tisseo.fr\/se-deplacer\/info-reseau\/id\/info_42324\" target=\"_blank\" rel=\"noopener\">consulter son site Internet<\/a> ou son application \u00ab\u00a0\u00e0 partir de 6h00 jeudi, pour plus d\u2019information en temps r\u00e9el\u00a0\u00bb.\u00a0<\/p>\n<p>Trains<\/p>\n<p class=\" wall-content\">Difficile de pr\u00e9voir quels <strong>trains<\/strong> circuleront pr\u00e9cis\u00e9ment ce jeudi. Mais d\u2019apr\u00e8s Philippe Tabarot, le ministre d\u00e9missionnaire des Transports, le trafic des trains r\u00e9gionaux sera perturb\u00e9 jeudi \u00e0 la SNCF. Un train Intercit\u00e9s sur deux circulera tandis que <strong>trois TER sur cinq<\/strong> rouleront. 90% des TGV circuleront d\u2019apr\u00e8s le ministre.<\/p>\n<p>Votre r\u00e9gion, votre actu !<\/p>\n<p>Recevez chaque jour les infos qui comptent pour vous.<\/p>\n<p>\t<a href=\"https:\/\/actu.fr\/newsletter\" class=\"ac-btn ac-btn--corner ac-btn--medium ac-btn--blue800\" target=\"_blank\" rel=\"noopener\">S&rsquo;incrire<\/a><\/p>\n<p class=\" wall-content\">De son c\u00f4t\u00e9, Lio Occitanie annonce que \u00ab\u00a0le trafic sera tr\u00e8s perturb\u00e9 sur la r\u00e9gion\u00a0\u00bb ce jeudi, sans avancer de chiffres pr\u00e9cis. Il est toutefois possible de <strong>v\u00e9rifier le statut de son train<\/strong> en Occitanie en se connectant sur le <a href=\"https:\/\/lio-trafic-occitanie.fr\/\" target=\"_blank\" rel=\"noopener\">nouveau service\u00a0liO trafic<\/a> qui permet de rester inform\u00e9 de l\u2019\u00e9tat du trafic en temps r\u00e9el et \u00e0 J+1.<\/p>\n<p class=\" wall-content\">Personnalisez votre actualit\u00e9 en ajoutant vos villes et m\u00e9dias en favori avec <a href=\"https:\/\/moncompte.actu.fr\" title=\"D\u00e9couvez Mon Actu\" rel=\"nofollow noopener\" data-trk=\"{&quot;cta&quot;:{&quot;action&quot;:&quot;https:\\\/\\\/moncompte.actu.fr&quot;,&quot;category&quot;:&quot;mon compte&quot;,&quot;from&quot;:&quot;article footer&quot;,&quot;name&quot;:&quot;Mon actu&quot;,&quot;type&quot;:&quot;cta&quot;}}\" target=\"_blank\">Mon Actu<\/a>.<\/p>\n","protected":false},"excerpt":{"rendered":"Par Guillaume Laurens Publi\u00e9 le 17 sept. 2025 \u00e0 19h32 En raison de la journ\u00e9e de gr\u00e8ve nationale&hellip;\n","protected":false},"author":2,"featured_media":398026,"comment_status":"","ping_status":"","sticky":false,"template":"","format":"standard","meta":{"footnotes":""},"categories":[2816],"tags":[1111,11,1777,674,1011,27,10596,12,2680,25,104,5400,2312,2803],"class_list":{"0":"post-398025","1":"post","2":"type-post","3":"status-publish","4":"format-standard","5":"has-post-thumbnail","7":"category-toulouse","8":"tag-actu","9":"tag-actualites","10":"tag-eu","11":"tag-europe","12":"tag-fr","13":"tag-france","14":"tag-metro-de-toulouse","15":"tag-news","16":"tag-occitanie","17":"tag-republique-francaise","18":"tag-societe","19":"tag-tisseo","20":"tag-toulouse","21":"tag-transport"},"share_on_mastodon":{"url":"https:\/\/pubeurope.com\/@fr\/115220892031231917","error":""},"_links":{"self":[{"href":"https:\/\/www.europesays.com\/fr\/wp-json\/wp\/v2\/posts\/398025","targetHints":{"allow":["GET"]}}],"collection":[{"href":"https:\/\/www.europesays.com\/fr\/wp-json\/wp\/v2\/posts"}],"about":[{"href":"https:\/\/www.europesays.com\/fr\/wp-json\/wp\/v2\/types\/post"}],"author":[{"embeddable":true,"href":"https:\/\/www.europesays.com\/fr\/wp-json\/wp\/v2\/users\/2"}],"replies":[{"embeddable":true,"href":"https:\/\/www.europesays.com\/fr\/wp-json\/wp\/v2\/comments?post=398025"}],"version-history":[{"count":0,"href":"https:\/\/www.europesays.com\/fr\/wp-json\/wp\/v2\/posts\/398025\/revisions"}],"wp:featuredmedia":[{"embeddable":true,"href":"https:\/\/www.europesays.com\/fr\/wp-json\/wp\/v2\/media\/398026"}],"wp:attachment":[{"href":"https:\/\/www.europesays.com\/fr\/wp-json\/wp\/v2\/media?parent=398025"}],"wp:term":[{"taxonomy":"category","embeddable":true,"href":"https:\/\/www.europesays.com\/fr\/wp-json\/wp\/v2\/categories?post=398025"},{"taxonomy":"post_tag","embeddable":true,"href":"https:\/\/www.europesays.com\/fr\/wp-json\/wp\/v2\/tags?post=398025"}],"curies":[{"name":"wp","href":"https:\/\/api.w.org\/{rel}","templated":true}]}}