{"id":398031,"date":"2025-09-17T17:49:10","date_gmt":"2025-09-17T17:49:10","guid":{"rendered":"https:\/\/www.europesays.com\/fr\/398031\/"},"modified":"2025-09-17T17:49:10","modified_gmt":"2025-09-17T17:49:10","slug":"le-rn-denonce-les-subventions-de-martine-vassal-a-radio-galere","status":"publish","type":"post","link":"https:\/\/www.europesays.com\/fr\/398031\/","title":{"rendered":"le RN d\u00e9nonce \u00ab\u00a0les subventions de Martine Vassal\u00a0\u00bb \u00e0 Radio Gal\u00e8re"},"content":{"rendered":"<p>Ce mercredi 17 septembre, \u00e0 la veille du <a href=\"https:\/\/www.laprovence.com\/article\/elections\/3564636914700714\/pour-sa-mi-mandat-martine-vassal-soffre-une-tournee-departementale\" target=\"_blank\" rel=\"noopener\">conseil m\u00e9tropolitain<\/a> qui devait se tenir ce jeudi 18 septembre, <a href=\"https:\/\/www.laprovence.com\/article\/region\/4928591226031714\/martine-vassal-candidate-aux-municipales-a-marseille-les-reactions-de-franck-allisio-rn-et-sebastien-barles-eelv\" target=\"_blank\" rel=\"noopener\">Franck Allisio<\/a>, le patron du RN 13, accompagn\u00e9 de Jean-Baptiste Rivoallan, ancien proche de Vassal pass\u00e9 \u00e0 l&rsquo;union UDR-RN, ont une nouvelle fois d\u00e9nonc\u00e9 \u00ab\u00a0les mensonges de Martine Vassal\u00a0\u00bb qui \u00ab\u00a0nous explique qu&rsquo;elle est <a href=\"https:\/\/www.laprovence.com\/article\/elections\/20028753768637\/municipales-2026-a-marseille-le-maire-ne-me-rappelle-jamais-je-ne-dois-pas-avoir-le-bon-numero-tacle-martine-vassal\" target=\"_blank\" rel=\"noopener\">la candidate <\/a>de la droite et du centre, alors qu&rsquo;elle pense comme M.\u00a0Payan, agit comme M.\u00a0Payan, subventionne comme M. Payan\u00a0\u00bb.<\/p>\n<p>La preuve\u00a0? \u00ab\u00a0Un nouveau scandale, poursuit Franck Allisio, qui pointe du doigt la subvention de 15\u00a0000\u00a0\u20ac accord\u00e9e par la m\u00e9tropole \u00e0 Radio Gal\u00e8re et la subvention de\u00a05\u00a0000\u00a0\u20ac vers\u00e9e par le D\u00e9partement (\u00e9galement pr\u00e9sid\u00e9 par Martine Vassal) \u00e0 cette m\u00eame radio.\u00a0<\/p>\n<p>\u00ab\u00a0Radio Gal\u00e8re est une radio d&rsquo;extr\u00eame gauche, anti Bollor\u00e9, son site est r\u00e9dig\u00e9 en \u00e9criture inclusive, elle d\u00e9fend tout type d&rsquo;enfermement, elle est pro immigration, elle fait la pub du carnaval de la Plaine\u2026 C&rsquo;est son droit. Mais Martine Vassal ne peut pas pr\u00e9tendre avoir des valeurs communes avec le RN et subventionner Radio Gal\u00e8re. <a href=\"https:\/\/www.laprovence.com\/article\/elections\/35062954707417\/municipales-2026-a-marseille-pourriez-vous-nettoyer-les-rues-la-replique-salee-de-benoit-payan-a-martine-vassal\" target=\"_blank\" rel=\"noopener\">Beno\u00eet Payan<\/a>, lui, au moins, est honn\u00eate et coh\u00e9rent \u00ab\u00a0.<\/p>\n","protected":false},"excerpt":{"rendered":"Ce mercredi 17 septembre, \u00e0 la veille du conseil m\u00e9tropolitain qui devait se tenir ce jeudi 18 septembre,&hellip;\n","protected":false},"author":2,"featured_media":398032,"comment_status":"","ping_status":"","sticky":false,"template":"","format":"standard","meta":{"footnotes":""},"categories":[2814],"tags":[17,5734,1111,11,7891,5949,1777,674,1011,27,151,884,10203,3554,12,882,25,10522],"class_list":{"0":"post-398031","1":"post","2":"type-post","3":"status-publish","4":"format-standard","5":"has-post-thumbnail","7":"category-marseille","8":"tag-17","9":"tag-5734","10":"tag-actu","11":"tag-actualites","12":"tag-denonce","13":"tag-elections","14":"tag-eu","15":"tag-europe","16":"tag-fr","17":"tag-france","18":"tag-les","19":"tag-marseille","20":"tag-martine","21":"tag-municipales","22":"tag-news","23":"tag-provence-alpes-cote-dazur","24":"tag-republique-francaise","25":"tag-subventions"},"share_on_mastodon":{"url":"https:\/\/pubeurope.com\/@fr\/115220903574008012","error":""},"_links":{"self":[{"href":"https:\/\/www.europesays.com\/fr\/wp-json\/wp\/v2\/posts\/398031","targetHints":{"allow":["GET"]}}],"collection":[{"href":"https:\/\/www.europesays.com\/fr\/wp-json\/wp\/v2\/posts"}],"about":[{"href":"https:\/\/www.europesays.com\/fr\/wp-json\/wp\/v2\/types\/post"}],"author":[{"embeddable":true,"href":"https:\/\/www.europesays.com\/fr\/wp-json\/wp\/v2\/users\/2"}],"replies":[{"embeddable":true,"href":"https:\/\/www.europesays.com\/fr\/wp-json\/wp\/v2\/comments?post=398031"}],"version-history":[{"count":0,"href":"https:\/\/www.europesays.com\/fr\/wp-json\/wp\/v2\/posts\/398031\/revisions"}],"wp:featuredmedia":[{"embeddable":true,"href":"https:\/\/www.europesays.com\/fr\/wp-json\/wp\/v2\/media\/398032"}],"wp:attachment":[{"href":"https:\/\/www.europesays.com\/fr\/wp-json\/wp\/v2\/media?parent=398031"}],"wp:term":[{"taxonomy":"category","embeddable":true,"href":"https:\/\/www.europesays.com\/fr\/wp-json\/wp\/v2\/categories?post=398031"},{"taxonomy":"post_tag","embeddable":true,"href":"https:\/\/www.europesays.com\/fr\/wp-json\/wp\/v2\/tags?post=398031"}],"curies":[{"name":"wp","href":"https:\/\/api.w.org\/{rel}","templated":true}]}}