{"id":398033,"date":"2025-09-17T17:50:11","date_gmt":"2025-09-17T17:50:11","guid":{"rendered":"https:\/\/www.europesays.com\/fr\/398033\/"},"modified":"2025-09-17T17:50:11","modified_gmt":"2025-09-17T17:50:11","slug":"un-policier-mis-en-examen-pour-viol-et-agression-sexuelle-dune-touriste-britannique-liberation","status":"publish","type":"post","link":"https:\/\/www.europesays.com\/fr\/398033\/","title":{"rendered":"un policier mis en examen pour viol et agression sexuelle d\u2019une touriste britannique \u2013 Lib\u00e9ration"},"content":{"rendered":"<p class=\"sc-cPiKLX AiZTS text-element\">Un policier a \u00e9t\u00e9 mis en examen et plac\u00e9 en d\u00e9tention provisoire pour viol et agression sexuelle sur une touriste britannique alors que cette derni\u00e8re \u00e9tait menott\u00e9e \u00e0 l\u2019arri\u00e8re d\u2019une voiture de police dans le sud de la France, a appris Lib\u00e9ration ce mercredi 17 septembre aupr\u00e8s du procureur de la R\u00e9publique de Marseille, Nicolas Bessone. Un autre agent a \u00e9galement \u00e9t\u00e9 mis en examen et plac\u00e9 sous contr\u00f4le judiciaire. <\/p>\n<p class=\"sc-cPiKLX AiZTS text-element\">La touriste britannique de 37 ans a d\u00e9pos\u00e9 plainte le 10 septembre au commissariat de La Ciotat, pr\u00e8s de Marseille, d\u00e9non\u00e7ant des faits de viols commis la nuit pr\u00e9c\u00e9dente, a pr\u00e9cis\u00e9 le parquet dans un communiqu\u00e9, confirmant une information du Figaro. <\/p>\n<p class=\"sc-cPiKLX AiZTS text-element\">Elle a indiqu\u00e9 avoir \u00e9t\u00e9 \u00abtransport\u00e9e dans un v\u00e9hicule de police au commissariat de La Ciotat pour ivresse publique et manifeste\u00bb, menott\u00e9e sur la banquette arri\u00e8re et encadr\u00e9e par deux policiers, quand l\u2019un d\u2019eux l\u2019aurait \u00abembrass\u00e9e sur le visage et p\u00e9n\u00e9tr\u00e9e digitalement\u00bb. La plaignante a \u00e9t\u00e9 prise en charge par une association d\u2019aide aux victimes. <\/p>\n<p class=\"sc-cPiKLX AiZTS text-element\">Deux jours apr\u00e8s sa plainte, les trois policiers de l\u2019\u00e9quipage incrimin\u00e9 ont \u00e9t\u00e9 plac\u00e9s en garde \u00e0 vue puis d\u00e9f\u00e9r\u00e9s devant un juge d\u2019instruction. Le policier mis en examen pour \u00abviol et agression sexuelle par personne abusant de l\u2019autorit\u00e9 que lui conf\u00e9rait sa fonction\u00bb a \u00e9t\u00e9 plac\u00e9 en d\u00e9tention provisoire, de m\u00eame source. <\/p>\n<p class=\"sc-cPiKLX AiZTS text-element\">Un autre policier a \u00e9t\u00e9 mis en examen pour \u00ababstention volontaire d\u2019emp\u00eacher un crime ou un d\u00e9lit contre l\u2019int\u00e9grit\u00e9 physique d\u2019une personne\u00bb et plac\u00e9 sous contr\u00f4le judiciaire, et le troisi\u00e8me \u00abplac\u00e9 sous le statut de t\u00e9moin assist\u00e9\u00bb, ajoute le parquet. L\u2019IGPN, la police des polices, a aussi \u00e9t\u00e9 saisie. <\/p>\n","protected":false},"excerpt":{"rendered":"Un policier a \u00e9t\u00e9 mis en examen et plac\u00e9 en d\u00e9tention provisoire pour viol et agression sexuelle sur&hellip;\n","protected":false},"author":2,"featured_media":398034,"comment_status":"","ping_status":"","sticky":false,"template":"","format":"standard","meta":{"footnotes":""},"categories":[2814],"tags":[1111,11,1777,674,1011,27,884,12,882,25,7374,797,799],"class_list":{"0":"post-398033","1":"post","2":"type-post","3":"status-publish","4":"format-standard","5":"has-post-thumbnail","7":"category-marseille","8":"tag-actu","9":"tag-actualites","10":"tag-eu","11":"tag-europe","12":"tag-fr","13":"tag-france","14":"tag-marseille","15":"tag-news","16":"tag-provence-alpes-cote-dazur","17":"tag-republique-francaise","18":"tag-violences-policieres","19":"tag-violences-faites-aux-femmes","20":"tag-violences-sexuelles"},"share_on_mastodon":{"url":"https:\/\/pubeurope.com\/@fr\/115220907657714734","error":""},"_links":{"self":[{"href":"https:\/\/www.europesays.com\/fr\/wp-json\/wp\/v2\/posts\/398033","targetHints":{"allow":["GET"]}}],"collection":[{"href":"https:\/\/www.europesays.com\/fr\/wp-json\/wp\/v2\/posts"}],"about":[{"href":"https:\/\/www.europesays.com\/fr\/wp-json\/wp\/v2\/types\/post"}],"author":[{"embeddable":true,"href":"https:\/\/www.europesays.com\/fr\/wp-json\/wp\/v2\/users\/2"}],"replies":[{"embeddable":true,"href":"https:\/\/www.europesays.com\/fr\/wp-json\/wp\/v2\/comments?post=398033"}],"version-history":[{"count":0,"href":"https:\/\/www.europesays.com\/fr\/wp-json\/wp\/v2\/posts\/398033\/revisions"}],"wp:featuredmedia":[{"embeddable":true,"href":"https:\/\/www.europesays.com\/fr\/wp-json\/wp\/v2\/media\/398034"}],"wp:attachment":[{"href":"https:\/\/www.europesays.com\/fr\/wp-json\/wp\/v2\/media?parent=398033"}],"wp:term":[{"taxonomy":"category","embeddable":true,"href":"https:\/\/www.europesays.com\/fr\/wp-json\/wp\/v2\/categories?post=398033"},{"taxonomy":"post_tag","embeddable":true,"href":"https:\/\/www.europesays.com\/fr\/wp-json\/wp\/v2\/tags?post=398033"}],"curies":[{"name":"wp","href":"https:\/\/api.w.org\/{rel}","templated":true}]}}