{"id":398105,"date":"2025-09-17T18:31:10","date_gmt":"2025-09-17T18:31:10","guid":{"rendered":"https:\/\/www.europesays.com\/fr\/398105\/"},"modified":"2025-09-17T18:31:10","modified_gmt":"2025-09-17T18:31:10","slug":"greve-du-18-septembre-une-operation-escargot-annoncee-sur-lautoroute-a8-entre-nice-et-antibes","status":"publish","type":"post","link":"https:\/\/www.europesays.com\/fr\/398105\/","title":{"rendered":"Gr\u00e8ve du 18 septembre: une op\u00e9ration escargot annonc\u00e9e sur l\u2019autoroute A8 entre Nice et Antibes"},"content":{"rendered":"<p>Ce jeudi, dans le cadre du mouvement national de mobilisation sociale, l\u2019ensemble des syndicats azur\u00e9ens &#8211; CFDT, CGT, FO, CFE-CGC, CFTC, UNSA, FSU &#8211; <a href=\"https:\/\/www.nicematin.com\/greve-mouvements-sociaux\/-tous-les-syndicats-a-l-unisson-ca-redonne-du-sens-aux-enjeux-alors-on-s-attend-a-quelque-chose-de-plus-important-que-le-10-septembre-a-quoi-va-ressembler-la-journee-de-mobilisation-de-ce-jeudi--1002239\" rel=\"nofollow noopener\" target=\"_blank\">a pr\u00e9vu de manifester<\/a>. Ils ont appel\u00e9 l\u2019ensemble des salari\u00e9s \u00e0 faire gr\u00e8ve et \u00e0 se joindre \u00e0 un grand rassemblement qui se tiendra \u00e0 Nice \u00e0 10h au d\u00e9part de la gare Thiers. Le cort\u00e8ge rejoindra ensuite la place Mass\u00e9na o\u00f9 une assembl\u00e9e citoyenne avec prises de parole sera organis\u00e9e.<\/p>\n<p>Toujours \u00e0 Nice, les syndicats des pharmaciens et des kin\u00e9sith\u00e9rapeutes des Alpes-Maritimes donnent rendez-vous \u00e0 14h sur le parvis de la gare du sud pour une d\u00e9ambulation jusqu\u2019\u00e0 la place Garibaldi.<\/p>\n<p>Une op\u00e9ration \u00ab\u00a0escargot\u00a0\u00bb est aussi annonc\u00e9e par FO INV VTC 06. Elle d\u00e9marrera aux acc\u00e8s de l\u2019a\u00e9roport Nice C\u00f4te d\u2019Azur pour rejoindre l\u2019autoroute A8 jusqu\u2019\u00e0 Antibes.<\/p>\n<p>Enfin, \u00e0 Grasse un rassemblement est organis\u00e9 par l\u2019Union Locale CGT Grasse et r\u00e9gion de 18h \u00e0 20h, au Jardin des plantes.<\/p>\n<p>Au niveau national, 800.000 manifestants sont attendus et 80.000 forces de s\u00e9curit\u00e9 seront mobilis\u00e9es pour assurer le bon d\u00e9roulement de cette journ\u00e9e. Les autorit\u00e9s craignent des d\u00e9bordements et troubles \u00e0 l\u2019ordre public, avec la pr\u00e9sence de casseurs et de membres de groupes d\u2019ultragauche qui essaieront d\u2019infiltrer les cort\u00e8ges officiels.<\/p>\n<p>300 policiers et gendarmes mobilis\u00e9s<\/p>\n<p>Dans les Alpes-Maritimes, les services de l\u2019\u00c9tat, les forces de s\u00e9curit\u00e9 int\u00e9rieure, avec pr\u00e8s de 300 policiers et gendarmes, ainsi que les polices municipales et gestionnaires routiers et autoroutiers seront mobilis\u00e9s sur le terrain pour encadrer les cort\u00e8ges et ainsi pr\u00e9venir les risques d\u2019accident et de troubles.<\/p>\n<p>Le pr\u00e9fet invite les usagers \u00e0 la plus grande vigilance et \u00e0 faire preuve de prudence \u00e0 l\u2019approche des lieux de manifestation. Il sera particuli\u00e8rement attentif \u00e0 la pr\u00e9servation de la fluidit\u00e9 de circulation sur les axes majeurs du territoire, pour permettre notamment l\u2019intervention des services de secours et les transports sanitaires vers les h\u00f4pitaux.<\/p>\n<p>N\u00e9anmoins, des difficult\u00e9s de circulation temporaires sont possibles autour des manifestations d\u00e9clar\u00e9es et la pr\u00e9fecture conseille d\u2019\u00e9viter ces secteurs et de bien s\u2019informer des conditions de circulation avant tout d\u00e9placement en consultant les sites internet et r\u00e9seaux sociaux des autorit\u00e9s @Pr\u00e9fet06, des villes concern\u00e9es et des gestionnaires de routes tels @Inforoutes06.<\/p>\n","protected":false},"excerpt":{"rendered":"Ce jeudi, dans le cadre du mouvement national de mobilisation sociale, l\u2019ensemble des syndicats azur\u00e9ens &#8211; CFDT, CGT,&hellip;\n","protected":false},"author":2,"featured_media":398106,"comment_status":"","ping_status":"","sticky":false,"template":"","format":"standard","meta":{"footnotes":""},"categories":[4],"tags":[11,1011,27,12,25,656],"class_list":{"0":"post-398105","1":"post","2":"type-post","3":"status-publish","4":"format-standard","5":"has-post-thumbnail","7":"category-france","8":"tag-actualites","9":"tag-fr","10":"tag-france","11":"tag-news","12":"tag-republique-francaise","13":"tag-securite"},"share_on_mastodon":{"url":"https:\/\/pubeurope.com\/@fr\/115221068792341360","error":""},"_links":{"self":[{"href":"https:\/\/www.europesays.com\/fr\/wp-json\/wp\/v2\/posts\/398105","targetHints":{"allow":["GET"]}}],"collection":[{"href":"https:\/\/www.europesays.com\/fr\/wp-json\/wp\/v2\/posts"}],"about":[{"href":"https:\/\/www.europesays.com\/fr\/wp-json\/wp\/v2\/types\/post"}],"author":[{"embeddable":true,"href":"https:\/\/www.europesays.com\/fr\/wp-json\/wp\/v2\/users\/2"}],"replies":[{"embeddable":true,"href":"https:\/\/www.europesays.com\/fr\/wp-json\/wp\/v2\/comments?post=398105"}],"version-history":[{"count":0,"href":"https:\/\/www.europesays.com\/fr\/wp-json\/wp\/v2\/posts\/398105\/revisions"}],"wp:featuredmedia":[{"embeddable":true,"href":"https:\/\/www.europesays.com\/fr\/wp-json\/wp\/v2\/media\/398106"}],"wp:attachment":[{"href":"https:\/\/www.europesays.com\/fr\/wp-json\/wp\/v2\/media?parent=398105"}],"wp:term":[{"taxonomy":"category","embeddable":true,"href":"https:\/\/www.europesays.com\/fr\/wp-json\/wp\/v2\/categories?post=398105"},{"taxonomy":"post_tag","embeddable":true,"href":"https:\/\/www.europesays.com\/fr\/wp-json\/wp\/v2\/tags?post=398105"}],"curies":[{"name":"wp","href":"https:\/\/api.w.org\/{rel}","templated":true}]}}