{"id":398113,"date":"2025-09-17T18:35:22","date_gmt":"2025-09-17T18:35:22","guid":{"rendered":"https:\/\/www.europesays.com\/fr\/398113\/"},"modified":"2025-09-17T18:35:22","modified_gmt":"2025-09-17T18:35:22","slug":"le-magasin-jd-sports-se-barricade-par-precaution","status":"publish","type":"post","link":"https:\/\/www.europesays.com\/fr\/398113\/","title":{"rendered":"le magasin JD Sports se barricade \u00ab\u00a0par pr\u00e9caution\u00a0\u00bb"},"content":{"rendered":"<p>Ce mercredi, deux ouvriers posaient des plaques de bois sur la vitrine du magasin JD Sports au 43 de la rue Saint-Jean, \u00e0 Nancy. Ouverte en mai\u00a02025, l\u2019enseigne a fait le choix de se prot\u00e9ger des \u00ab\u00a0\u00e9ventuels d\u00e9bordements\u00a0\u00bb qui pourraient d\u00e9couler de la manifestation de ce jeudi 18\u00a0septembre.<\/p>\n<p>\u00ab\u00a0On pr\u00e9f\u00e8re pr\u00e9venir\u00a0\u00bb, confesse le directeur du commerce. Une consigne nationale\u00a0: \u00ab\u00a0Tous les JD Sports de centre-ville sont concern\u00e9s\u00a0\u00bb, pr\u00e9cise-t-il. Les plaques seront enlev\u00e9es d\u00e8s le lendemain. \u00ab\u00a0C\u2019est quand m\u00eame un tue chiffres d\u2019affaires\u00a0\u00bb.<\/p>\n","protected":false},"excerpt":{"rendered":"Ce mercredi, deux ouvriers posaient des plaques de bois sur la vitrine du magasin JD Sports au 43&hellip;\n","protected":false},"author":2,"featured_media":398114,"comment_status":"","ping_status":"","sticky":false,"template":"","format":"standard","meta":{"footnotes":""},"categories":[9635],"tags":[1111,11,4406,9671,33,1704,1777,674,1011,27,775,1702,1703,12,25,801],"class_list":{"0":"post-398113","1":"post","2":"type-post","3":"status-publish","4":"format-standard","5":"has-post-thumbnail","7":"category-nancy","8":"tag-actu","9":"tag-actualites","10":"tag-commerce-et-services","11":"tag-conflit-social","12":"tag-economie","13":"tag-edition-nancy-et-agglomeration","14":"tag-eu","15":"tag-europe","16":"tag-fr","17":"tag-france","18":"tag-grand-est","19":"tag-nancy","20":"tag-nancy-ville-54b","21":"tag-news","22":"tag-republique-francaise","23":"tag-social"},"share_on_mastodon":{"url":"https:\/\/pubeurope.com\/@fr\/115221084467266018","error":""},"_links":{"self":[{"href":"https:\/\/www.europesays.com\/fr\/wp-json\/wp\/v2\/posts\/398113","targetHints":{"allow":["GET"]}}],"collection":[{"href":"https:\/\/www.europesays.com\/fr\/wp-json\/wp\/v2\/posts"}],"about":[{"href":"https:\/\/www.europesays.com\/fr\/wp-json\/wp\/v2\/types\/post"}],"author":[{"embeddable":true,"href":"https:\/\/www.europesays.com\/fr\/wp-json\/wp\/v2\/users\/2"}],"replies":[{"embeddable":true,"href":"https:\/\/www.europesays.com\/fr\/wp-json\/wp\/v2\/comments?post=398113"}],"version-history":[{"count":0,"href":"https:\/\/www.europesays.com\/fr\/wp-json\/wp\/v2\/posts\/398113\/revisions"}],"wp:featuredmedia":[{"embeddable":true,"href":"https:\/\/www.europesays.com\/fr\/wp-json\/wp\/v2\/media\/398114"}],"wp:attachment":[{"href":"https:\/\/www.europesays.com\/fr\/wp-json\/wp\/v2\/media?parent=398113"}],"wp:term":[{"taxonomy":"category","embeddable":true,"href":"https:\/\/www.europesays.com\/fr\/wp-json\/wp\/v2\/categories?post=398113"},{"taxonomy":"post_tag","embeddable":true,"href":"https:\/\/www.europesays.com\/fr\/wp-json\/wp\/v2\/tags?post=398113"}],"curies":[{"name":"wp","href":"https:\/\/api.w.org\/{rel}","templated":true}]}}