{"id":39813,"date":"2025-04-20T21:02:17","date_gmt":"2025-04-20T21:02:17","guid":{"rendered":"https:\/\/www.europesays.com\/fr\/39813\/"},"modified":"2025-04-20T21:02:17","modified_gmt":"2025-04-20T21:02:17","slug":"de-nombreux-tags-et-affiches-contre-le-projet-de-cra","status":"publish","type":"post","link":"https:\/\/www.europesays.com\/fr\/39813\/","title":{"rendered":"de nombreux tags et affiches contre le projet de CRA"},"content":{"rendered":"<p>\t\t<strong>Les CRA, symboles du racisme d\u2019\u00c9tat<\/strong><\/p>\n<p>Ces derniers jours, des graffitis et affiches ont essaim\u00e9 un peu partout \u00e0 Nantes et ses alentours. Ces derniers affichent un message clair : Nantes refuse la construction d\u2019un CRA \u2013 Centre de R\u00e9tention Administrative \u2013 machine raciste et r\u00e9pressive, symbole de la violence syst\u00e9mique d\u2019un \u00c9tat qui se fascise \u00e0 vitesse grand V. \u201cCrame ton CRA\u201d, \u201cfeu aux fronti\u00e8res\u201d, \u201csoutien aux sans-papiers\u201d pouvait-on lire, ainsi qu\u2019un rappel de la r\u00e9alit\u00e9 d\u2019un CRA : \u201cconditions indignes, traitements inhumains, violences polici\u00e8res\u201d.<\/p>\n<p><a href=\"https:\/\/contre-attaque.net\/2024\/04\/05\/a-nantes-une-nouvelle-prison-qui-ne-dit-pas-son-nom\/\" target=\"_blank\" rel=\"noopener\">Un centre de r\u00e9tention devrait en effet voir le jour<\/a> d\u2019ici d\u00e9but 2028 pr\u00e8s de la maison d\u2019arr\u00eat de Nantes-Carquefou, accusant d\u2019ors et d\u00e9j\u00e0 un retard important puisque les premi\u00e8res pr\u00e9visions tablaient sur 2026-27. Co\u00fbt minimum de l\u2019op\u00e9ration : 36 millions d\u2019euros hors taxes, sans compter le salaire des 200 policiers qui y travailleront, alors que dans le m\u00eame temps l\u2019aust\u00e9rit\u00e9 budg\u00e9taire est pr\u00e9sent\u00e9e comme l\u2019alpha et l\u2019om\u00e9ga des politiques publiques.<\/p>\n<p>Enfermer les \u00e9tranger-es semble \u00eatre une priorit\u00e9 plus importante que la sant\u00e9 et l\u2019\u00e9ducation. Mais ne venez pas crier au racisme institutionnalis\u00e9 ! Les conditions inhumaines de d\u00e9tention dans ces centres de la honte ont conduit la France \u00e0 \u00eatre condamn\u00e9e pas moins de 12 fois depuis 2012 pour traitements inhumains et d\u00e9gradants. Jusqu\u2019en janvier 2024, il \u00e9tait m\u00eame possible d\u2019y enfermer des enfants, ce qui est toujours possible \u00e0 Mayotte : en 2023, 3.262 mineurs \u00e9taient d\u00e9tenus.<\/p>\n<p>Le 31 janvier dernier, l\u2019\u00c9tat lan\u00e7ait un appel d\u2019offre pour la cr\u00e9ation de cette prison qui ne dit pas son nom. Le \u201claur\u00e9at\u201d sera connu en 2026. Il s\u2019agira ni plus ni moins de l\u2019un des plus importants centres du pays, avec 140 places disponibles. En comparaison, celui de Rennes compte 56 places et celui d\u2019Orl\u00e9ans 90. Une annexe au palais de justice de 450m\u00b2 sera \u00e9galement construite \u00e0 c\u00f4t\u00e9.<\/p>\n<p>Depuis le d\u00e9but d\u2019ann\u00e9e, <a href=\"https:\/\/contre-attaque.net\/2025\/03\/04\/nantes-laboratoire-raciste-et-securitaire\/\" target=\"_blank\" rel=\"noopener\">des rafles ont lieu toutes les semaines dans le centre de Nantes<\/a>, une v\u00e9ritable chasse \u00e0 l\u2019homme qui a conduit \u00e0 de nombreuses arrestations et placements en CRA abusifs : un juge des libert\u00e9s d\u2019Orl\u00e9ans avait notamment exig\u00e9 la lib\u00e9ration de deux hommes arr\u00eat\u00e9s fin janvier et plac\u00e9s au CRA d\u2019Olivet de mani\u00e8re ill\u00e9gale. Le 8 avril dernier, ce sont deux \u00e9l\u00e8ves de 11 et 13 ans du coll\u00e8ge Salavador Allende de Rez\u00e9 qui ont \u00e9t\u00e9 arr\u00eat\u00e9-es et expuls\u00e9-es avec leur m\u00e8re vers la G\u00e9orgie, soulevant l\u2019indignation de leurs proches. Il est temps d\u2019enrayer la machine raciste et s\u00e9curitaire.<\/p>\n<p>Le 14 mars dernier, l\u2019entreprise responsable de la construction, EGIS, avait \u00e9t\u00e9 bloqu\u00e9e par une cinquantaine de militant-es d\u00e9termin\u00e9-es. Des rassemblements contre le CRA ont lieu tous les premiers samedi du mois. La deuxi\u00e8me assembl\u00e9e g\u00e9n\u00e9rale anti-CRA aura lieu le 24 avril prochain \u00e0 18h au local B17. Enfin, un grand rassemblement est \u00e9galement pr\u00e9vu le 17 mai \u00e0 15h au miroir d\u2019eau.<\/p>\n","protected":false},"excerpt":{"rendered":"Les CRA, symboles du racisme d\u2019\u00c9tat Ces derniers jours, des graffitis et affiches ont essaim\u00e9 un peu partout&hellip;\n","protected":false},"author":2,"featured_media":39814,"comment_status":"","ping_status":"","sticky":false,"template":"","format":"standard","meta":{"footnotes":""},"categories":[2818],"tags":[1111,11,12340,4346,1777,674,1011,27,12341,12342,766,12,2636,10162,12343,25],"class_list":{"0":"post-39813","1":"post","2":"type-post","3":"status-publish","4":"format-standard","5":"has-post-thumbnail","7":"category-nantes","8":"tag-actu","9":"tag-actualites","10":"tag-affiches","11":"tag-cra","12":"tag-eu","13":"tag-europe","14":"tag-fr","15":"tag-france","16":"tag-gpii","17":"tag-graffiti","18":"tag-nantes","19":"tag-news","20":"tag-pays-de-la-loire","21":"tag-racisme","22":"tag-refugees-welcome","23":"tag-republique-francaise"},"share_on_mastodon":{"url":"https:\/\/pubeurope.com\/@fr\/114372315964588359","error":""},"_links":{"self":[{"href":"https:\/\/www.europesays.com\/fr\/wp-json\/wp\/v2\/posts\/39813","targetHints":{"allow":["GET"]}}],"collection":[{"href":"https:\/\/www.europesays.com\/fr\/wp-json\/wp\/v2\/posts"}],"about":[{"href":"https:\/\/www.europesays.com\/fr\/wp-json\/wp\/v2\/types\/post"}],"author":[{"embeddable":true,"href":"https:\/\/www.europesays.com\/fr\/wp-json\/wp\/v2\/users\/2"}],"replies":[{"embeddable":true,"href":"https:\/\/www.europesays.com\/fr\/wp-json\/wp\/v2\/comments?post=39813"}],"version-history":[{"count":0,"href":"https:\/\/www.europesays.com\/fr\/wp-json\/wp\/v2\/posts\/39813\/revisions"}],"wp:featuredmedia":[{"embeddable":true,"href":"https:\/\/www.europesays.com\/fr\/wp-json\/wp\/v2\/media\/39814"}],"wp:attachment":[{"href":"https:\/\/www.europesays.com\/fr\/wp-json\/wp\/v2\/media?parent=39813"}],"wp:term":[{"taxonomy":"category","embeddable":true,"href":"https:\/\/www.europesays.com\/fr\/wp-json\/wp\/v2\/categories?post=39813"},{"taxonomy":"post_tag","embeddable":true,"href":"https:\/\/www.europesays.com\/fr\/wp-json\/wp\/v2\/tags?post=39813"}],"curies":[{"name":"wp","href":"https:\/\/api.w.org\/{rel}","templated":true}]}}