{"id":398132,"date":"2025-09-17T18:49:18","date_gmt":"2025-09-17T18:49:18","guid":{"rendered":"https:\/\/www.europesays.com\/fr\/398132\/"},"modified":"2025-09-17T18:49:18","modified_gmt":"2025-09-17T18:49:18","slug":"en-ille-et-vilaine-ce-village-au-passe-medieval-et-industriel-ne-se-visite-quune-fois-par-an","status":"publish","type":"post","link":"https:\/\/www.europesays.com\/fr\/398132\/","title":{"rendered":"En Ille-et-Vilaine, ce village au pass\u00e9 m\u00e9di\u00e9val et industriel ne se visite qu\u2019une fois par an"},"content":{"rendered":"<p>Ancien bourg m\u00e9di\u00e9val, S\u00e9rign\u00e9 conserve une motte f\u00e9odale \u00e9rig\u00e9e vers 1150, premier ch\u00e2teau du site. \u00c0 quelques pas, se dresse un manoir \u00e9difi\u00e9 aux XIVe et XVe\u00a0si\u00e8cles. Au XIXe\u00a0si\u00e8cle, le village s\u2019industrialise.<strong> \u00ab\u00a0S\u00e9rign\u00e9 est un morceau de notre m\u00e9moire collective. En mettant en lumi\u00e8re son patrimoine industriel et m\u00e9di\u00e9val, nous donnons aux habitants comme aux visiteurs l\u2019occasion de red\u00e9couvrir l\u2019histoire qui a fa\u00e7onn\u00e9 ce territoire\u00a0\u00bb,<\/strong> explique Christian Gautier, conseiller municipal d\u00e9l\u00e9gu\u00e9 au patrimoine.<\/p>\n<p><strong>Lire aussi :<\/strong>\u00a0<a href=\"https:\/\/rennes.maville.com\/actu\/actudet_-dans-cette-eglise-d-ille-et-vilaine-des-visites-pour-decouvrir-le-travail-des-archeologues-_7-6977981_actu.Htm\" rel=\"nofollow noopener\" target=\"_blank\">Dans cette \u00e9glise d\u2019Ille-et-Vilaine, des visites pour d\u00e9couvrir le travail des arch\u00e9ologues<\/a><\/p>\n<p>Un parcours de 1,5\u00a0km ponctu\u00e9 de d\u00e9couvertes<\/p>\n<p>Pour cette deuxi\u00e8me \u00e9dition, un circuit de 1,5\u00a0km a \u00e9t\u00e9 imagin\u00e9. Tout au long du parcours, des arr\u00eats permettront d\u2019explorer les diff\u00e9rents visages du village\u00a0: la fonderie, la chapelle, la r\u00e9sidence de la Pouparderie ou encore les lieux de vie qui ont marqu\u00e9 son identit\u00e9. \u00c0 chaque \u00e9tape, des associations animeront des ateliers pour raconter la vie quotidienne d\u2019autrefois et faire revivre le pass\u00e9 industriel du site.<\/p>\n<p><strong>\u00ab\u00a0Nous voulons rendre cette visite vivante et accessible \u00e0 tous, avec des d\u00e9monstrations, des objets et des r\u00e9cits\u00a0\u00bb, <\/strong>pr\u00e9cise Lo\u00efc Gaudin, arch\u00e9ologue et pr\u00e9sident de l\u2019association Buxeria, sp\u00e9cialis\u00e9e dans l\u2019arch\u00e9ologie et l\u2019histoire de La Bou\u00ebxi\u00e8re. Les enfants pourront manipuler des copies d\u2019objets arch\u00e9ologiques comme des haches ou des fl\u00e8ches, tandis que les adultes profiteront d\u2019explications sur l\u2019\u00e9volution du site.<\/p>\n<\/p>\n<p>Entre patrimoine et convivialit\u00e9<\/p>\n<p>Le four \u00e0 pain du village sera remis en service, des vid\u00e9os retraceront l\u2019histoire de S\u00e9rign\u00e9, tandis que l\u2019association Gallo Tonic animera en musique.<\/p>\n<p>La visite du manoir sera pr\u00e9sent\u00e9e par Lo\u00efc Gaudin, et Jean Genou\u00ebl donnera un expos\u00e9 \u00e0 la r\u00e9sidence de la Pouparderie. T\u00e9moignages et anecdotes vous feront voyager dans le temps.<\/p>\n<p><strong>Lire aussi :<\/strong>\u00a0<a href=\"https:\/\/fougeres.maville.com\/actu\/actudet_-annee-apres-annee-ce-chateau-d-ille-et-vilaine-attire-de-plus-en-plus-de-touristes-_7-6976702_actu.Htm\" rel=\"nofollow noopener\" target=\"_blank\">Ann\u00e9e apr\u00e8s ann\u00e9e, ce ch\u00e2teau d\u2019Ille-et-Vilaine attire de plus en plus de touristes<\/a><\/p>\n<p>Un patrimoine \u00e0 transmettre<\/p>\n<p>Les visites guid\u00e9es seront organis\u00e9es toutes les demi-heures. Une randonn\u00e9e, praticable toute l\u2019ann\u00e9e, sera aussi propos\u00e9e pour prolonger la d\u00e9couverte du site. L\u2019accueil se fera depuis la route de La Bou\u00ebxi\u00e8re, o\u00f9 les b\u00e9n\u00e9voles orienteront les groupes. <strong>\u00ab\u00a0En ouvrant S\u00e9rign\u00e9, nous partageons bien plus que des pierres anciennes\u00a0: c\u2019est une part vivante de notre histoire commune\u00a0\u00bb,<\/strong> conclut Christian Gautier. Organis\u00e9e en partenariat avec La Bou\u00ebxi\u00e8re, Liffr\u00e9, Liffr\u00e9-Cormier Communaut\u00e9, Buxeria et Cerapar, cette deuxi\u00e8me \u00e9dition promet d\u2019allier culture, convivialit\u00e9 et immersion dans un patrimoine exceptionnel.<\/p>\n<p><strong>Dimanche 21\u00a0septembre,<\/strong> de 14\u00a0h \u00e0 17\u00a0h\u00a030. Visite toutes les demi-heures \u00e0 partir de 14\u00a0h \u00e0 15\u00a0h\u00a030 au d\u00e9part du parking \u00e0 l\u2019entr\u00e9e du village de S\u00e9rign\u00e9, direction Liffr\u00e9-La Bou\u00ebxi\u00e8re le long de la D528.<\/p>\n<p>\u00a0<\/p>\n","protected":false},"excerpt":{"rendered":"Ancien bourg m\u00e9di\u00e9val, S\u00e9rign\u00e9 conserve une motte f\u00e9odale \u00e9rig\u00e9e vers 1150, premier ch\u00e2teau du site. \u00c0 quelques pas,&hellip;\n","protected":false},"author":2,"featured_media":398133,"comment_status":"","ping_status":"","sticky":false,"template":"","format":"standard","meta":{"footnotes":""},"categories":[2821],"tags":[1111,11,9626,829,1777,674,3395,1011,27,848,13270,52984,12,9576,584,25,3728,6456,510],"class_list":{"0":"post-398132","1":"post","2":"type-post","3":"status-publish","4":"format-standard","5":"has-post-thumbnail","7":"category-rennes","8":"tag-actu","9":"tag-actualites","10":"tag-an","11":"tag-bretagne","12":"tag-eu","13":"tag-europe","14":"tag-fois","15":"tag-fr","16":"tag-france","17":"tag-ille-et-vilaine","18":"tag-industriel","19":"tag-medieval","20":"tag-news","21":"tag-qu","22":"tag-rennes","23":"tag-republique-francaise","24":"tag-saint-malo","25":"tag-village","26":"tag-visite"},"share_on_mastodon":{"url":"https:\/\/pubeurope.com\/@fr\/115221139545053051","error":""},"_links":{"self":[{"href":"https:\/\/www.europesays.com\/fr\/wp-json\/wp\/v2\/posts\/398132","targetHints":{"allow":["GET"]}}],"collection":[{"href":"https:\/\/www.europesays.com\/fr\/wp-json\/wp\/v2\/posts"}],"about":[{"href":"https:\/\/www.europesays.com\/fr\/wp-json\/wp\/v2\/types\/post"}],"author":[{"embeddable":true,"href":"https:\/\/www.europesays.com\/fr\/wp-json\/wp\/v2\/users\/2"}],"replies":[{"embeddable":true,"href":"https:\/\/www.europesays.com\/fr\/wp-json\/wp\/v2\/comments?post=398132"}],"version-history":[{"count":0,"href":"https:\/\/www.europesays.com\/fr\/wp-json\/wp\/v2\/posts\/398132\/revisions"}],"wp:featuredmedia":[{"embeddable":true,"href":"https:\/\/www.europesays.com\/fr\/wp-json\/wp\/v2\/media\/398133"}],"wp:attachment":[{"href":"https:\/\/www.europesays.com\/fr\/wp-json\/wp\/v2\/media?parent=398132"}],"wp:term":[{"taxonomy":"category","embeddable":true,"href":"https:\/\/www.europesays.com\/fr\/wp-json\/wp\/v2\/categories?post=398132"},{"taxonomy":"post_tag","embeddable":true,"href":"https:\/\/www.europesays.com\/fr\/wp-json\/wp\/v2\/tags?post=398132"}],"curies":[{"name":"wp","href":"https:\/\/api.w.org\/{rel}","templated":true}]}}