{"id":398143,"date":"2025-09-17T18:55:34","date_gmt":"2025-09-17T18:55:34","guid":{"rendered":"https:\/\/www.europesays.com\/fr\/398143\/"},"modified":"2025-09-17T18:55:34","modified_gmt":"2025-09-17T18:55:34","slug":"greve-du-18-septembre-manifestation-transports-ecoles-ce-qui-est-prevu-a-nantes","status":"publish","type":"post","link":"https:\/\/www.europesays.com\/fr\/398143\/","title":{"rendered":"Gr\u00e8ve du 18 septembre. Manifestation, transports, \u00e9coles\u2026 Ce qui est pr\u00e9vu \u00e0 Nantes"},"content":{"rendered":"<p>            Par<br \/>\n        <strong><br \/>\n            <a href=\"https:\/\/actu.fr\/auteur\/clemence-pays02-actu-fr\" title=\"Consulter tous les articles de Cl\u00e9mence Pays\" target=\"_blank\" rel=\"noopener\">Cl\u00e9mence Pays<\/a><br \/>\n        <\/strong><\/p>\n<p>        Publi\u00e9 le<\/p>\n<p>            17 sept. 2025 \u00e0 15h28        <\/p>\n<p><strong>Jeudi 18\u00a0septembre 2025,<\/strong> <a href=\"https:\/\/actu.fr\/societe\/greve-du-18-septembre-80-000-policiers-et-gendarmes-24-blindes-centaures-un-dispositif-exceptionnel-deploye_63171655.html\" target=\"_blank\" rel=\"noopener\">une journ\u00e9e nationale et intersyndicale de gr\u00e8ve est annonc\u00e9e<\/a>. \u00c0 Nantes, les syndicats appellent \u00e0 suivre cet appel et donnent rendez-vous aux manifestantes et manifestants \u00e0 <strong>10h30 au miroir d\u2019eau.<\/strong><\/p>\n<p class=\" wall-content\">Ce mouvement s\u2019annonce tr\u00e8s suivi dans la cit\u00e9 des ducs de Bretagne avec de <strong>nombreuses perturbations<\/strong> pr\u00e9vues.<\/p>\n<p>Le dispositif annonc\u00e9<\/p>\n<p>Le pr\u00e9fet de Loire-Atlantique, Fabrice Rigoulet-Roze, a pris plusieurs mesures de s\u00e9curit\u00e9 \u00ab\u00a0afin de pr\u00e9server l&rsquo;ordre public\u00a0\u00bb, indique la pr\u00e9fecture. <\/p>\n<p>Du mercredi 17 septembre, 18h, au jeudi 18 septembre, 22h, sont interdits : <br \/>&#8211; le port et le transport d&rsquo;objets pouvant constituer une arme par destination ;<br \/>&#8211; le port, le transport et l&rsquo;utilisation d&rsquo;artifices de divertissement ;<br \/>&#8211; l&rsquo;enl\u00e8vement ou le transport de tout carburant, par jerricans, cubitainers, bidons, flacons ou r\u00e9cipients divers. <\/p>\n<p>D&rsquo;autre part, \u00ab\u00a0la captation, l&rsquo;enregistrement et la transmission d&rsquo;images, au moyen d&rsquo;une cam\u00e9ra install\u00e9e sur des a\u00e9ronefs, sont autoris\u00e9s\u00a0\u00bb jeudi 18 septembre, de 5h \u00e0 20h, \u00e0 Nantes, Saint-Herblain et Orvault.<\/p>\n<p>Les transports en commun<\/p>\n<p class=\" wall-content\"><a href=\"https:\/\/actu.fr\/pays-de-la-loire\/nantes_44109\/greve-du-18-septembre-a-nantes-les-bus-et-les-trams-circuleront-difficilement_63169856.html\" target=\"_blank\" rel=\"noopener\">Les organisations syndicales de<strong> la Semitan<\/strong> appellent \u00e0 la gr\u00e8ve<\/a>, \u00ab\u2009en cons\u00e9quence, [elle] assurera sa mission de service public\u2009\u00bb en adaptant son plan de transport.<\/p>\n<p class=\" wall-content\"><strong>Les lignes de tramway et de bus seront coup\u00e9es en centre-ville\u2009:<\/strong><\/p>\n<ul class=\" wall-content\">\n<li>la ligne 1, de 9h30 \u00e0 15h30\u2009;<\/li>\n<li>la ligne 2 et la ligne 3, de 10h \u00e0 15h30\u2009;<\/li>\n<li>les lignes de bus C1, C2, C3, C6, C8, 11, 12, 23, 26, de 11h \u00e0 14h30.<\/li>\n<\/ul>\n<p class=\" wall-content\"><strong>Plusieurs lignes vont voir leurs horaires modifi\u00e9s\u2009:<\/strong><\/p>\n<ul class=\" wall-content\">\n<li>les lignes de tram, busway et Chronobus fonctionneront en horaires jour vert\u2009;<\/li>\n<li>les lignes de bus 10, 11, 12, 23, 26, 30, 36, 38, 50, 69, 85, 86, 97 et 98 fonctionneront en horaires jour vert\u2009;<\/li>\n<li>les lignes 59, 75, 80, 81, 93, E5 et Tempo 1 (Allende \u00a0Gr\u00e9neraie) fonctionneront en horaires jour jaune\u2009;<\/li>\n<li>les lignes 71, 78, 88 et 91 fonctionneront en horaires jour orange\u2009;<\/li>\n<li>les lignes 27, 28, 33, 40, 42, 47, 60, 66, 79, 89, 96, Tempo 2 (Bac d\u2019Indret \u00a0Ch\u00e2teau d\u2019Aux), la ligne Express E4, les dessertes scolaires, la navette a\u00e9roport et les Navibus fonctionneront en horaires jour bleu.<\/li>\n<\/ul>\n<blockquote class=\"ac-article-quote wall-content\">\n<p>Les lignes E1, E8 et la ligne scolaire 108 ne circuleront pas.<\/p>\n<p>    <strong>Naolib<\/strong>\n            <\/p><\/blockquote>\n<p>Votre r\u00e9gion, votre actu !<\/p>\n<p>Recevez chaque jour les infos qui comptent pour vous.<\/p>\n<p>\t<a href=\"https:\/\/actu.fr\/newsletter\" class=\"ac-btn ac-btn--corner ac-btn--medium ac-btn--blue800\" target=\"_blank\" rel=\"noopener\">S&rsquo;incrire<\/a><\/p>\n<p class=\" wall-content\">Plusieurs <strong>circuits scolaires ne seront pas assur\u00e9s<\/strong> ou en partie supprim\u00e9s. Pour consulter la liste, <a href=\"https:\/\/naolib.fr\/mouvement-social-du-jeudi-18-septembre-2025\" target=\"_blank\" rel=\"noopener\">cliquez ici<\/a>.<\/p>\n<p class=\" wall-content\">L\u2019Espace mobilit\u00e9 de Commerce sera ferm\u00e9.<\/p>\n<p class=\" wall-content\">\u00ab\u2009Ce<strong> service garanti est susceptible d\u2019\u00eatre modifi\u00e9<\/strong> au cours de la journ\u00e9e du jeudi 18\u00a0septembre en fonction des conditions de circulation dans l\u2019agglom\u00e9ration\u2009\u00bb, pr\u00e9cise toutefois Naolib.<\/p>\n<p>Les trains<\/p>\n<p class=\" wall-content\">Le <strong>r\u00e9seau Al\u00e9op<\/strong> et la SNCF indiquent \u00e9galement que la circulation des trains sera perturb\u00e9e \u00ab\u2009sur les lignes de la r\u00e9gion Pays de la Loire\u2009\u00bb.<\/p>\n<p class=\" wall-content\">\n<p class=\" wall-content\">Le <strong>plan de transport adapt\u00e9<\/strong> sera disponible \u00e0 partir de mercredi 17\u00a0septembre, \u00e0 17h, afin de v\u00e9rifier la circulation de ses trains et correspondances. Il est \u00e0 retrouver <a href=\"https:\/\/www.ter.sncf.com\/pays-de-la-loire\" target=\"_blank\" rel=\"noopener\">en cliquant ici<\/a>.<\/p>\n<p>Les \u00e9coles publiques<\/p>\n<p class=\" wall-content\">De nombreuses \u00e9coles maternelles et \u00e9l\u00e9mentaires sont concern\u00e9es par le mouvement social. La liste compl\u00e8te est \u00e0 retrouver <a href=\"https:\/\/metropole.nantes.fr\/mes-services-mon-quotidien\/enfance-education\/greve-dans-les-ecoles-publiques?page=0\" target=\"_blank\" rel=\"noopener\">en cliquant ici<\/a>.<\/p>\n<p>Le personnel soignant de l\u2019h\u00f4pital<\/p>\n<p class=\" wall-content\"><a href=\"https:\/\/actu.fr\/pays-de-la-loire\/nantes_44109\/manifestation-a-nantes-plus-de-1000-soignants-dans-la-rue-pour-defendre-l-hopital_63168239.html\" target=\"_blank\" rel=\"noopener\">Plus de 1\u2009000 professionnels de sant\u00e9 ont d\u00e9fil\u00e9 dans les rues de Nantes, mardi 16\u00a0septembre<\/a>, pour d\u00e9fendre l\u2019h\u00f4pital public et le monde de la sant\u00e9. Lors de cette manifestation, les participants rencontr\u00e9s par la r\u00e9daction ont assur\u00e9 <strong>participer \u00e0 la gr\u00e8ve du jeudi 18\u00a0septembre.<\/strong><\/p>\n<p class=\" wall-content\">Sur son site internet, la CGT du <a href=\"https:\/\/actu.fr\/tag\/chu-de-nantes\" target=\"_blank\" rel=\"noopener\">CHU de Nantes<\/a> appelle \u00e9galement \u00e0 participer \u00e0 cette journ\u00e9e nationale de mobilisation.<\/p>\n<p class=\" wall-content\">Personnalisez votre actualit\u00e9 en ajoutant vos villes et m\u00e9dias en favori avec <a href=\"https:\/\/moncompte.actu.fr\" title=\"D\u00e9couvez Mon Actu\" rel=\"nofollow noopener\" data-trk=\"{&quot;cta&quot;:{&quot;action&quot;:&quot;https:\\\/\\\/moncompte.actu.fr&quot;,&quot;category&quot;:&quot;mon compte&quot;,&quot;from&quot;:&quot;article footer&quot;,&quot;name&quot;:&quot;Mon actu&quot;,&quot;type&quot;:&quot;cta&quot;}}\" target=\"_blank\">Mon Actu<\/a>.<\/p>\n","protected":false},"excerpt":{"rendered":"Par Cl\u00e9mence Pays Publi\u00e9 le 17 sept. 2025 \u00e0 15h28 Jeudi 18\u00a0septembre 2025, une journ\u00e9e nationale et intersyndicale&hellip;\n","protected":false},"author":2,"featured_media":398144,"comment_status":"","ping_status":"","sticky":false,"template":"","format":"standard","meta":{"footnotes":""},"categories":[2818],"tags":[1111,11,1777,674,1011,27,6151,52713,1272,766,12,2636,25,104],"class_list":{"0":"post-398143","1":"post","2":"type-post","3":"status-publish","4":"format-standard","5":"has-post-thumbnail","7":"category-nantes","8":"tag-actu","9":"tag-actualites","10":"tag-eu","11":"tag-europe","12":"tag-fr","13":"tag-france","14":"tag-greve","15":"tag-greve-du-18-septembre","16":"tag-manifestations","17":"tag-nantes","18":"tag-news","19":"tag-pays-de-la-loire","20":"tag-republique-francaise","21":"tag-societe"},"share_on_mastodon":{"url":"https:\/\/pubeurope.com\/@fr\/115221163129429698","error":""},"_links":{"self":[{"href":"https:\/\/www.europesays.com\/fr\/wp-json\/wp\/v2\/posts\/398143","targetHints":{"allow":["GET"]}}],"collection":[{"href":"https:\/\/www.europesays.com\/fr\/wp-json\/wp\/v2\/posts"}],"about":[{"href":"https:\/\/www.europesays.com\/fr\/wp-json\/wp\/v2\/types\/post"}],"author":[{"embeddable":true,"href":"https:\/\/www.europesays.com\/fr\/wp-json\/wp\/v2\/users\/2"}],"replies":[{"embeddable":true,"href":"https:\/\/www.europesays.com\/fr\/wp-json\/wp\/v2\/comments?post=398143"}],"version-history":[{"count":0,"href":"https:\/\/www.europesays.com\/fr\/wp-json\/wp\/v2\/posts\/398143\/revisions"}],"wp:featuredmedia":[{"embeddable":true,"href":"https:\/\/www.europesays.com\/fr\/wp-json\/wp\/v2\/media\/398144"}],"wp:attachment":[{"href":"https:\/\/www.europesays.com\/fr\/wp-json\/wp\/v2\/media?parent=398143"}],"wp:term":[{"taxonomy":"category","embeddable":true,"href":"https:\/\/www.europesays.com\/fr\/wp-json\/wp\/v2\/categories?post=398143"},{"taxonomy":"post_tag","embeddable":true,"href":"https:\/\/www.europesays.com\/fr\/wp-json\/wp\/v2\/tags?post=398143"}],"curies":[{"name":"wp","href":"https:\/\/api.w.org\/{rel}","templated":true}]}}