{"id":398157,"date":"2025-09-17T19:02:14","date_gmt":"2025-09-17T19:02:14","guid":{"rendered":"https:\/\/www.europesays.com\/fr\/398157\/"},"modified":"2025-09-17T19:02:14","modified_gmt":"2025-09-17T19:02:14","slug":"en-c3-la-diffusion-des-matchs-de-lille-et-lyon-face-aux-young-boys-berne-est-compromise-c3-young-boys-berne","status":"publish","type":"post","link":"https:\/\/www.europesays.com\/fr\/398157\/","title":{"rendered":"En C3, La diffusion des matchs de Lille et Lyon face aux Young Boys Berne est compromise &#8211; C3 &#8211; Young Boys Berne"},"content":{"rendered":"<p>Faudra pas se plaindre du piratage.<\/p>\n<p>Canal + ne pourra pas retransmettre les matchs des Young Boys Berne en Ligue Europa, annonce <a target=\"_blank\" href=\"https:\/\/www.lequipe.fr\/Medias\/Actualites\/Les-matches-de-ligue-europa-des-young-boys-berne-dont-ceux-face-au-losc-et-l-ol-ne-devraient-pas-etre-diffuses-par-canal\/1593905\" rel=\"nofollow noopener\">L\u2019\u00c9quipe<\/a>. <strong>La publicit\u00e9 du sponsor maillot des Suisses est interdite en France.<\/strong> L\u2019entreprise \u00ab\u202fPlus500\u202f\u00bb, service d\u2019investissements sur des contrats financiers, est class\u00e9e \u00e0 hauts risques par l\u2019Autorit\u00e9 fran\u00e7aise des march\u00e9s financiers. Le code de la consommation interdit leur pub en France depuis 2016.<\/p>\n<p>Pas de transgression pr\u00e9vue pour les matchs de Lille et de Lyon<\/p>\n<p>Les Jeunes Gar\u00e7ons joueront contre Lille le 11 d\u00e9cembre prochain, et contre Lyon, le 22 janvier prochain. En cas de manquement, une amende de 10 000 euros par match pourrait \u00eatre inflig\u00e9e \u00e0 <strong>Canal +. La quatre a d\u2019ores et d\u00e9j\u00e0 confirm\u00e9 au journal qu\u2019il se conformera \u00e0 la loi.<\/strong> Elle devra donc elle m\u00eame changer sa propre pub, qui promet diffuser \u00ab\u202f100 % des coupes d\u2019Europe de football en exclusivit\u00e9\u202f\u00bb. Les matchs du Legia Varsovie, en Ligue Conf\u00e9rence, ne seront pas non plus diffus\u00e9es sur la cha\u00eene crypt\u00e9e. Leur match contre le Lincoln FC valait pourtant le co\u00fbt\u2026<\/p>\n<p>Seule une <a target=\"_blank\" href=\"https:\/\/www.facebook.com\/reel\/740764715438577\" rel=\"nofollow noopener\">chanson<\/a> de Guillaume Hoarau pourrait arranger \u00e7a.<\/p>\n<p>\t\t\t\t\t\t\t\t\t\t<a class=\"lien-connexe\" href=\"https:\/\/www.sofoot.com\/breves\/daniel-congre-bientot-sur-le-banc-de-lolympique-lyonnais\" rel=\"nofollow noopener\" target=\"_blank\">Daniel Congr\u00e9 bient\u00f4t sur le banc de l\u2019Olympique lyonnais<\/a>\t\t\t\t\t<\/p>\n","protected":false},"excerpt":{"rendered":"Faudra pas se plaindre du piratage. Canal + ne pourra pas retransmettre les matchs des Young Boys Berne&hellip;\n","protected":false},"author":2,"featured_media":398158,"comment_status":"","ping_status":"","sticky":false,"template":"","format":"standard","meta":{"footnotes":""},"categories":[2815],"tags":[1111,47,11,61,69,65,64,1777,674,63,1011,27,811,68,66,1307,12,62,70,25,67],"class_list":{"0":"post-398157","1":"post","2":"type-post","3":"status-publish","4":"format-standard","5":"has-post-thumbnail","7":"category-lille","8":"tag-actu","9":"tag-actualite","10":"tag-actualites","11":"tag-actus-football","12":"tag-bundesliga","13":"tag-championnats-europeens","14":"tag-equipe-de-france","15":"tag-eu","16":"tag-europe","17":"tag-football","18":"tag-fr","19":"tag-france","20":"tag-hauts-de-france","21":"tag-ligua","22":"tag-ligue-1","23":"tag-lille","24":"tag-news","25":"tag-news-foot","26":"tag-premier-league","27":"tag-republique-francaise","28":"tag-serie-a"},"share_on_mastodon":{"url":"https:\/\/pubeurope.com\/@fr\/115221190667072189","error":""},"_links":{"self":[{"href":"https:\/\/www.europesays.com\/fr\/wp-json\/wp\/v2\/posts\/398157","targetHints":{"allow":["GET"]}}],"collection":[{"href":"https:\/\/www.europesays.com\/fr\/wp-json\/wp\/v2\/posts"}],"about":[{"href":"https:\/\/www.europesays.com\/fr\/wp-json\/wp\/v2\/types\/post"}],"author":[{"embeddable":true,"href":"https:\/\/www.europesays.com\/fr\/wp-json\/wp\/v2\/users\/2"}],"replies":[{"embeddable":true,"href":"https:\/\/www.europesays.com\/fr\/wp-json\/wp\/v2\/comments?post=398157"}],"version-history":[{"count":0,"href":"https:\/\/www.europesays.com\/fr\/wp-json\/wp\/v2\/posts\/398157\/revisions"}],"wp:featuredmedia":[{"embeddable":true,"href":"https:\/\/www.europesays.com\/fr\/wp-json\/wp\/v2\/media\/398158"}],"wp:attachment":[{"href":"https:\/\/www.europesays.com\/fr\/wp-json\/wp\/v2\/media?parent=398157"}],"wp:term":[{"taxonomy":"category","embeddable":true,"href":"https:\/\/www.europesays.com\/fr\/wp-json\/wp\/v2\/categories?post=398157"},{"taxonomy":"post_tag","embeddable":true,"href":"https:\/\/www.europesays.com\/fr\/wp-json\/wp\/v2\/tags?post=398157"}],"curies":[{"name":"wp","href":"https:\/\/api.w.org\/{rel}","templated":true}]}}