{"id":398165,"date":"2025-09-17T19:06:24","date_gmt":"2025-09-17T19:06:24","guid":{"rendered":"https:\/\/www.europesays.com\/fr\/398165\/"},"modified":"2025-09-17T19:06:24","modified_gmt":"2025-09-17T19:06:24","slug":"greve-du-18-septembre-a-lyon-des-elements-radicaux-attendus-dans-le-cortege-un-dispositif-massif-du-cote-des-forces-de-lordre","status":"publish","type":"post","link":"https:\/\/www.europesays.com\/fr\/398165\/","title":{"rendered":"Gr\u00e8ve du 18 septembre. \u00c0 Lyon, des \u00e9l\u00e9ments radicaux attendus dans le cort\u00e8ge, un dispositif massif du c\u00f4t\u00e9 des forces de l\u2019ordre"},"content":{"rendered":"<p>Le 10\u00a0septembre, 1\u00a0300 policiers et gendarmes avaient \u00e9t\u00e9 mobilis\u00e9s dans le Rh\u00f4ne, ils seront au moins autant ce jeudi, selon la pr\u00e9fecture. Les autorit\u00e9s s\u2019attendent \u00e0 une journ\u00e9e \u00ab\u00a0hybride\u00a0\u00bb avec en point d\u2019orgue la manifestation intersyndicale \u00e0 11 heures \u00e0 Lyon, mais des actions coups de poing dans la suite du mouvement \u00ab\u00a0Bloquons tout\u00a0\u00bb sont aussi dans les radars des forces de l\u2019ordre.<\/p>\n<p>Un dispositif similaire \u00e0 celui de la semaine derni\u00e8re est ainsi reconduit avec des v\u00e9hicules blind\u00e9s de la&#8230;<\/p>\n","protected":false},"excerpt":{"rendered":"Le 10\u00a0septembre, 1\u00a0300 policiers et gendarmes avaient \u00e9t\u00e9 mobilis\u00e9s dans le Rh\u00f4ne, ils seront au moins autant ce&hellip;\n","protected":false},"author":2,"featured_media":398166,"comment_status":"","ping_status":"","sticky":false,"template":"","format":"standard","meta":{"footnotes":""},"categories":[1889],"tags":[1111,11,2430,9671,3152,2757,3153,3154,3155,3156,1777,674,107,1011,27,2428,2756,12,25,2429,801],"class_list":{"0":"post-398165","1":"post","2":"type-post","3":"status-publish","4":"format-standard","5":"has-post-thumbnail","7":"category-lyon","8":"tag-actu","9":"tag-actualites","10":"tag-auvergne-rhone-alpes","11":"tag-conflit-social","12":"tag-edition-est-lyonnais","13":"tag-edition-lyon-villeurbanne","14":"tag-edition-ouest-lyonnais","15":"tag-edition-sud-lyonnais","16":"tag-edition-tarare","17":"tag-edition-villefranche","18":"tag-eu","19":"tag-europe","20":"tag-fil-info","21":"tag-fr","22":"tag-france","23":"tag-lyon","24":"tag-lyon-bassin","25":"tag-news","26":"tag-republique-francaise","27":"tag-rhone","28":"tag-social"},"share_on_mastodon":{"url":"https:\/\/pubeurope.com\/@fr\/115221206288520564","error":""},"_links":{"self":[{"href":"https:\/\/www.europesays.com\/fr\/wp-json\/wp\/v2\/posts\/398165","targetHints":{"allow":["GET"]}}],"collection":[{"href":"https:\/\/www.europesays.com\/fr\/wp-json\/wp\/v2\/posts"}],"about":[{"href":"https:\/\/www.europesays.com\/fr\/wp-json\/wp\/v2\/types\/post"}],"author":[{"embeddable":true,"href":"https:\/\/www.europesays.com\/fr\/wp-json\/wp\/v2\/users\/2"}],"replies":[{"embeddable":true,"href":"https:\/\/www.europesays.com\/fr\/wp-json\/wp\/v2\/comments?post=398165"}],"version-history":[{"count":0,"href":"https:\/\/www.europesays.com\/fr\/wp-json\/wp\/v2\/posts\/398165\/revisions"}],"wp:featuredmedia":[{"embeddable":true,"href":"https:\/\/www.europesays.com\/fr\/wp-json\/wp\/v2\/media\/398166"}],"wp:attachment":[{"href":"https:\/\/www.europesays.com\/fr\/wp-json\/wp\/v2\/media?parent=398165"}],"wp:term":[{"taxonomy":"category","embeddable":true,"href":"https:\/\/www.europesays.com\/fr\/wp-json\/wp\/v2\/categories?post=398165"},{"taxonomy":"post_tag","embeddable":true,"href":"https:\/\/www.europesays.com\/fr\/wp-json\/wp\/v2\/tags?post=398165"}],"curies":[{"name":"wp","href":"https:\/\/api.w.org\/{rel}","templated":true}]}}