{"id":398175,"date":"2025-09-17T19:13:11","date_gmt":"2025-09-17T19:13:11","guid":{"rendered":"https:\/\/www.europesays.com\/fr\/398175\/"},"modified":"2025-09-17T19:13:11","modified_gmt":"2025-09-17T19:13:11","slug":"disparu-depuis-quatre-siecles-un-tableau-de-rubens-retrouve-a-paris","status":"publish","type":"post","link":"https:\/\/www.europesays.com\/fr\/398175\/","title":{"rendered":"Disparu\u00a0depuis quatre si\u00e8cles, un tableau de Rubens retrouv\u00e9\u00a0\u00e0 Paris"},"content":{"rendered":"<p>\u00ab Pour un commissaire-priseur en fin de carri\u00e8re, trouver une toile comme celle-ci, c&rsquo;est comme trouver la Joconde ! \u00bb, a annonc\u00e9 Jean-Pierre Osenat en guise d&rsquo;ouverture de la pr\u00e9sentation-conf\u00e9rence du Christ en croix\u00a0(1614-15) de Rubens, tenue le mercredi 17 septembre \u00e0 l&rsquo;\u00e9glise Saint Roch. Il \u00e9tait accompagn\u00e9\u00a0d&rsquo;\u00c9ric Turquin, \u00e0 la t\u00eate d&rsquo;un cabinet\u00a0d&rsquo;experts en tableaux anciens, et de Nils B\u00fcttner, professeur \u00e0 la chaire\u2026<\/p>\n","protected":false},"excerpt":{"rendered":"\u00ab Pour un commissaire-priseur en fin de carri\u00e8re, trouver une toile comme celle-ci, c&rsquo;est comme trouver la Joconde&hellip;\n","protected":false},"author":2,"featured_media":398176,"comment_status":"","ping_status":"","sticky":false,"template":"","format":"standard","meta":{"footnotes":""},"categories":[1888],"tags":[11,38149,1777,674,1011,27,52989,12,626,1585,25,52990],"class_list":{"0":"post-398175","1":"post","2":"type-post","3":"status-publish","4":"format-standard","5":"has-post-thumbnail","7":"category-paris","8":"tag-actualites","9":"tag-enchere","10":"tag-eu","11":"tag-europe","12":"tag-fr","13":"tag-france","14":"tag-jean-pierre-osenat","15":"tag-news","16":"tag-paris","17":"tag-peinture","18":"tag-republique-francaise","19":"tag-rubens"},"share_on_mastodon":{"url":"https:\/\/pubeurope.com\/@fr\/115221234039873470","error":""},"_links":{"self":[{"href":"https:\/\/www.europesays.com\/fr\/wp-json\/wp\/v2\/posts\/398175","targetHints":{"allow":["GET"]}}],"collection":[{"href":"https:\/\/www.europesays.com\/fr\/wp-json\/wp\/v2\/posts"}],"about":[{"href":"https:\/\/www.europesays.com\/fr\/wp-json\/wp\/v2\/types\/post"}],"author":[{"embeddable":true,"href":"https:\/\/www.europesays.com\/fr\/wp-json\/wp\/v2\/users\/2"}],"replies":[{"embeddable":true,"href":"https:\/\/www.europesays.com\/fr\/wp-json\/wp\/v2\/comments?post=398175"}],"version-history":[{"count":0,"href":"https:\/\/www.europesays.com\/fr\/wp-json\/wp\/v2\/posts\/398175\/revisions"}],"wp:featuredmedia":[{"embeddable":true,"href":"https:\/\/www.europesays.com\/fr\/wp-json\/wp\/v2\/media\/398176"}],"wp:attachment":[{"href":"https:\/\/www.europesays.com\/fr\/wp-json\/wp\/v2\/media?parent=398175"}],"wp:term":[{"taxonomy":"category","embeddable":true,"href":"https:\/\/www.europesays.com\/fr\/wp-json\/wp\/v2\/categories?post=398175"},{"taxonomy":"post_tag","embeddable":true,"href":"https:\/\/www.europesays.com\/fr\/wp-json\/wp\/v2\/tags?post=398175"}],"curies":[{"name":"wp","href":"https:\/\/api.w.org\/{rel}","templated":true}]}}