{"id":398179,"date":"2025-09-17T19:15:18","date_gmt":"2025-09-17T19:15:18","guid":{"rendered":"https:\/\/www.europesays.com\/fr\/398179\/"},"modified":"2025-09-17T19:15:18","modified_gmt":"2025-09-17T19:15:18","slug":"la-russie-accusee-davoir-assassine-navalny-linde-sommee-de-prendre-ses-distances","status":"publish","type":"post","link":"https:\/\/www.europesays.com\/fr\/398179\/","title":{"rendered":"La Russie accus\u00e9e d\u2019avoir assassin\u00e9 Navalny, l\u2019Inde somm\u00e9e de prendre ses distances"},"content":{"rendered":"<p class=\"mb-4 text-lg md:leading-8 break-words\"><strong>R\u00e9cap&rsquo; &#8211; \u00ab 20 Minutes \u00bb fait le point pour vous tous les soirs sur le conflit en Ukraine. Ce mercredi, la veuve d\u2019Alexei Navalny accuse la Russie d\u2019avoir empoisonn\u00e9 son mari, tandis que l\u2019UE alerte l\u2019Inde sur sa proximit\u00e9 avec Poutine<\/strong><\/p>\n<p class=\"mb-4 text-lg md:leading-8 break-words\">Vous avez rat\u00e9 les derniers \u00e9v\u00e9nements sur la <a href=\"https:\/\/www.20minutes.fr\/monde\/ukraine\/?at_medium=RSS%20feed&amp;at_campaign=ynews&amp;utm_source=yahoo&amp;utm_medium=rss&amp;utm_campaign=news_feed&amp;utm_content=in_article_link\" rel=\"nofollow noopener\" target=\"_blank\" data-ylk=\"slk:guerre en Ukraine;elm:context_link;itc:0;sec:content-canvas\" class=\"link \">guerre en Ukraine<\/a> ? 20 Minutes fait le point pour vous tous les soirs. Voici l\u2019essentiel de ce mercredi 17 septembre, 1.302e jour du conflit.<\/p>\n<p>Le fait du jour<\/p>\n<p class=\"mb-4 text-lg md:leading-8 break-words\">Les accusations sont lourdes et visent Vladimir Poutine. Ioulia Navalna\u00efa, la veuve du principal opposant russe <a href=\"https:\/\/www.20minutes.fr\/monde\/russie\/4138816-20250216-russie-visage-opposition-russe-dechire-an-apres-mort-alexei-navalny?at_medium=RSS%20feed&amp;at_campaign=ynews&amp;utm_source=yahoo&amp;utm_medium=rss&amp;utm_campaign=news_feed&amp;utm_content=in_article_link\" rel=\"nofollow noopener\" target=\"_blank\" data-ylk=\"slk:Alexe\u00ef Navalny;elm:context_link;itc:0;sec:content-canvas\" class=\"link \">Alexe\u00ef Navalny<\/a>, mort en prison en Russie le 16 f\u00e9vrier 2024, affirme que son mari avait \u00e9t\u00e9 \u00ab empoisonn\u00e9 \u00bb. Charismatique militant anticorruption et farouche opposant \u00e0 l\u2019invasion russe de l\u2019Ukraine, Alexe\u00ef Navalny \u00e9tait d\u00e9c\u00e9d\u00e9 \u00e0 47 ans dans des circonstances floues dans une colonie p\u00e9nitentiaire en Arctique, alors qu\u2019il purgeait une peine de 19 ans d\u2019emprisonnement pour des accusations qu\u2019il d\u00e9non\u00e7ait comme politiques.<\/p>\n<p class=\"mb-4 text-lg md:leading-8 break-words\">Les autorit\u00e9s avaient refus\u00e9 pendant plusieurs jours de remettre son corps \u00e0 ses proches, ce qui a \u00e9veill\u00e9 les soup\u00e7ons de ses partisans qui accusent le pouvoir de l\u2019avoir \u00ab tu\u00e9 \u00bb et de chercher \u00e0 maquiller son meurtre, ce que d\u00e9ment le <a href=\"https:\/\/www.20minutes.fr\/dossier\/kremlin?at_medium=RSS%20feed&amp;at_campaign=ynews&amp;utm_source=yahoo&amp;utm_medium=rss&amp;utm_campaign=news_feed&amp;utm_content=in_article_link\" rel=\"nofollow noopener\" target=\"_blank\" data-ylk=\"slk:Kremlin;elm:context_link;itc:0;sec:content-canvas\" class=\"link \">Kremlin<\/a>.<\/p>\n<p class=\"mb-4 text-lg md:leading-8 break-words\">Ioulia Navalna\u00efa a r\u00e9affirm\u00e9 ce mercredi la th\u00e8se d\u2019un empoisonnement, disant se fonder cette fois sur l\u2019analyse d&rsquo; \u00ab \u00e9chantillons biologiques \u00bb collect\u00e9s sur son \u00e9poux apr\u00e8s sa mort et transmis \u00e0 des laboratoires situ\u00e9s dans des pays occidentaux. Navalna\u00efa n\u2019a pas rendu public ces analyses et a pr\u00e9cis\u00e9 ne pas pouvoir pr\u00e9ciser \u00ab quel poison avait \u00e9t\u00e9 utilis\u00e9 \u00bb contre son \u00e9poux. Elle ajoute que son \u00e9quipe a eu acc\u00e8s aux t\u00e9moignages de cinq agents p\u00e9nitentiaires de la colonie de Kharp, dans l\u2019Arctique, t\u00e9moigna(&#8230;)<\/p>\n<p class=\"mb-4 text-lg md:leading-8 break-words\"><a href=\"https:\/\/www.20minutes.fr\/monde\/ukraine\/4173752-20250917-guerre-ukraine-russie-accusee-avoir-assassine-navalny-inde-sommee-prendre-distances?at_medium=RSS%20feed&amp;at_campaign=ynews&amp;utm_source=yahoo&amp;utm_medium=rss&amp;utm_campaign=news_feed&amp;utm_content=read_more_link&quot;\" rel=\"nofollow noopener\" target=\"_blank\" data-ylk=\"slk:Lire la suite sur 20minutes;elm:context_link;itc:0;sec:content-canvas\" class=\"link \">Lire la suite sur 20minutes<\/a><\/p>\n<p>\u00c0 lire aussi :<br \/><a href=\"https:\/\/www.20minutes.fr\/monde\/russie\/4173659-20250917-russie-detention-provisoire-cycliste-francais-sofiane-sehili-prolongee-jusqu-4-octobre?at_medium=RSS%20feed&amp;at_campaign=ynews&amp;utm_source=yahoo&amp;utm_medium=rss&amp;utm_campaign=news_feed&amp;utm_content=related_content_link\" rel=\"nofollow noopener\" target=\"_blank\" data-ylk=\"slk:Russie : La d\u00e9tention provisoire du cycliste fran\u00e7ais Sofiane Sehili prolong\u00e9e jusqu\u2019au 4 octobre;elm:context_link;itc:0;sec:content-canvas\" class=\"link \">Russie : La d\u00e9tention provisoire du cycliste fran\u00e7ais Sofiane Sehili prolong\u00e9e jusqu\u2019au 4 octobre<\/a><br \/><a href=\"https:\/\/www.20minutes.fr\/monde\/ukraine\/4173419-20250916-guerre-ukraine-etau-resserre-autour-suspect-ukrainien-tandis-russie-poursuit-frappes?at_medium=RSS%20feed&amp;at_campaign=ynews&amp;utm_source=yahoo&amp;utm_medium=rss&amp;utm_campaign=news_feed&amp;utm_content=related_content_link\" rel=\"nofollow noopener\" target=\"_blank\" data-ylk=\"slk:Guerre en Ukraine : L\u2019\u00e9tau se resserre autour du suspect ukrainien, la Russie poursuit ses frappes;elm:context_link;itc:0;sec:content-canvas\" class=\"link \">Guerre en Ukraine : L\u2019\u00e9tau se resserre autour du suspect ukrainien, la Russie poursuit ses frappes<\/a><\/p>\n","protected":false},"excerpt":{"rendered":"R\u00e9cap&rsquo; &#8211; \u00ab 20 Minutes \u00bb fait le point pour vous tous les soirs sur le conflit en&hellip;\n","protected":false},"author":2,"featured_media":398180,"comment_status":"","ping_status":"","sticky":false,"template":"","format":"standard","meta":{"footnotes":""},"categories":[1590],"tags":[642,11,1777,674,52992,52991,12,2405,44589,132,220],"class_list":{"0":"post-398179","1":"post","2":"type-post","3":"status-publish","4":"format-standard","5":"has-post-thumbnail","7":"category-ukraine","8":"tag-20-minutes","9":"tag-actualites","10":"tag-eu","11":"tag-europe","12":"tag-ioulia-navalnaia","13":"tag-navalny","14":"tag-news","15":"tag-poutine","16":"tag-prison-en-russie","17":"tag-russie","18":"tag-ukraine"},"share_on_mastodon":{"url":"https:\/\/pubeurope.com\/@fr\/115221241846461360","error":""},"_links":{"self":[{"href":"https:\/\/www.europesays.com\/fr\/wp-json\/wp\/v2\/posts\/398179","targetHints":{"allow":["GET"]}}],"collection":[{"href":"https:\/\/www.europesays.com\/fr\/wp-json\/wp\/v2\/posts"}],"about":[{"href":"https:\/\/www.europesays.com\/fr\/wp-json\/wp\/v2\/types\/post"}],"author":[{"embeddable":true,"href":"https:\/\/www.europesays.com\/fr\/wp-json\/wp\/v2\/users\/2"}],"replies":[{"embeddable":true,"href":"https:\/\/www.europesays.com\/fr\/wp-json\/wp\/v2\/comments?post=398179"}],"version-history":[{"count":0,"href":"https:\/\/www.europesays.com\/fr\/wp-json\/wp\/v2\/posts\/398179\/revisions"}],"wp:featuredmedia":[{"embeddable":true,"href":"https:\/\/www.europesays.com\/fr\/wp-json\/wp\/v2\/media\/398180"}],"wp:attachment":[{"href":"https:\/\/www.europesays.com\/fr\/wp-json\/wp\/v2\/media?parent=398179"}],"wp:term":[{"taxonomy":"category","embeddable":true,"href":"https:\/\/www.europesays.com\/fr\/wp-json\/wp\/v2\/categories?post=398179"},{"taxonomy":"post_tag","embeddable":true,"href":"https:\/\/www.europesays.com\/fr\/wp-json\/wp\/v2\/tags?post=398179"}],"curies":[{"name":"wp","href":"https:\/\/api.w.org\/{rel}","templated":true}]}}