{"id":398185,"date":"2025-09-17T19:18:10","date_gmt":"2025-09-17T19:18:10","guid":{"rendered":"https:\/\/www.europesays.com\/fr\/398185\/"},"modified":"2025-09-17T19:18:10","modified_gmt":"2025-09-17T19:18:10","slug":"ursula-von-der-leyen-propose-de-sanctionner-israel-mais-lallemagne-acceptera-t-elle","status":"publish","type":"post","link":"https:\/\/www.europesays.com\/fr\/398185\/","title":{"rendered":"Ursula von\u00a0der\u00a0Leyen propose de sanctionner Isra\u00ebl, mais l\u2019Allemagne acceptera-t-elle\u00a0?"},"content":{"rendered":"<p><strong>D\u00c9CRYPTAGE &#8211;<\/strong> L\u2019accord commercial bilat\u00e9ral et des ministres extr\u00e9mistes sont vis\u00e9s. La mise en \u0153uvre d\u00e9pendra de la volont\u00e9 des \u00c9tats membres, en particulier de l\u2019Allemagne.<\/p>\n<p class=\"fig-paragraph\">Alors qu\u2019Isra\u00ebl a entrepris la\u00a0<a href=\"http:\/\/www.lefigaro.fr\/international\/nos-soldats-se-preparent-a-combattre-un-ennemi-cache-israel-lance-son-offensive-terrestre-sur-la-ville-de-gaza-20250916\" data-fig-type=\"Article\" data-gtm-custom-categorie=\"navigation\" data-gtm-custom-action=\"crossclick\" data-gtm-custom-label=\"Contextuel\" data-gtm-event=\"customEventSPE\" data-fig-domain=\"LEFIGARO\" rel=\"nofollow noopener\" target=\"_blank\">destruction totale de la ville de Gaza<\/a>, l\u2019Union europ\u00e9enne tente enfin de pr\u00e9senter une r\u00e9ponse \u00ab\u00a0appropri\u00e9e et proportionn\u00e9e\u00a0\u00bb, face \u00e0 la condamnation croissante des actions de l\u2019\u00c9tat h\u00e9breu dans les opinions publiques. Consciente des critiques sur l\u2019inaction des Europ\u00e9ens, paralys\u00e9s par leurs divisions, Ursula von\u00a0der\u00a0Leyen a d\u00e9cid\u00e9 de prendre l\u2019initiative il y a une semaine, dans son\u00a0<a href=\"http:\/\/www.lefigaro.fr\/international\/l-europe-defendra-chaque-centimetre-carre-de-son-territoire-von-der-leyen-appelle-l-union-a-se-mobiliser-20250910\" data-fig-type=\"Article\" data-gtm-custom-categorie=\"navigation\" data-gtm-custom-action=\"crossclick\" data-gtm-custom-label=\"Contextuel\" data-gtm-event=\"customEventSPE\" data-fig-domain=\"LEFIGARO\" rel=\"nofollow noopener\" target=\"_blank\">discours sur l\u2019\u00e9tat de l\u2019Union<\/a>. \u00ab\u00a0Nos citoyens se demandent jusqu\u2019\u00e0 quel point la situation doit empirer avant qu\u2019une r\u00e9ponse unie soit apport\u00e9e\u00a0\u00bb, avait-elle justifi\u00e9. Ce mercredi, la Commission a pr\u00e9sent\u00e9 un train de mesures visant Isra\u00ebl, certaines relevant de son pouvoir, d\u2019autres renvoyant la balle dans le camp des \u00c9tats membres quant \u00e0 leur mise en \u0153uvre.<\/p>\n<p class=\"fig-paragraph\">La seule disposition que l\u2019ex\u00e9cutif europ\u00e9en peut d\u00e9cider lui-m\u00eame est la suspension de son aide bilat\u00e9rale \u00e0 Isra\u00ebl, soit 14\u00a0millions d\u2019euros de financements, \u00e0 l\u2019exclusion du soutien \u00e0 la soci\u00e9t\u00e9 civile, \u00e0\u2026<\/p>\n<p class=\"fig-premium-paywall__infos\">\n        Cet article est r\u00e9serv\u00e9 aux abonn\u00e9s.        Il vous reste 79% \u00e0 d\u00e9couvrir.\n    <\/p>\n<p>                <img  data- alt=\"Le Figaro\" class=\"fig-img--complete fig-img\"\/><\/p>\n<p class=\"fig-premium-paywall__title\">Vous avez envie de lire la suite ?<\/p>\n<p class=\"fig-premium-paywall__subtitle\">D\u00e9bloquez tous les articles imm\u00e9diatement.<\/p>\n<p class=\"fig-premium-paywall__connect\">\n                D\u00e9j\u00e0 abonn\u00e9\u00a0?                <a class=\"fig-premium-paywall__connect-link\" href=\"https:\/\/connect.lefigaro.fr\/login?client=horizon_web&amp;type=main&amp;redirect_uri=https%3A%2F%2Fwww.lefigaro.fr%2Finternational%2Fursula-von-der-leyen-propose-de-sanctionner-israel-mais-l-allemagne-acceptera-t-elle-20250917\" data-js-gtm=\"{&quot;customCategorie&quot;: &quot;conversion&quot;, &quot;customAction&quot;: &quot;before_Landing_Connexion_paywall_auto&quot;, &quot;customLabel&quot;: &quot;bGVmaWdhcm8uZnJfXzFmMDkzYzlhLTgzOTktNjM5MC1iMGM2LWM3OTgzYmIzMDAyZl9fQXJ0aWNsZQ==_Ursula von\u00a0der\u00a0Leyen propose de sanctionner Isra\u00ebl, mais l\u2019Allemagne acceptera-t-elle\u00a0?_206&quot;, &quot;customIDSPE&quot;: &quot;bGVmaWdhcm8uZnJfXzFmMDkzYzlhLTgzOTktNjM5MC1iMGM2LWM3OTgzYmIzMDAyZl9fQXJ0aWNsZQ==&quot;, &quot;event&quot;: &quot;customEventSPE&quot;}\" rel=\"nofollow noopener\" target=\"_blank\"><br \/>\n                    Connectez-vous<br \/>\n                <\/a>\n            <\/p>\n","protected":false},"excerpt":{"rendered":"D\u00c9CRYPTAGE &#8211; L\u2019accord commercial bilat\u00e9ral et des ministres extr\u00e9mistes sont vis\u00e9s. La mise en \u0153uvre d\u00e9pendra de la&hellip;\n","protected":false},"author":2,"featured_media":398186,"comment_status":"","ping_status":"","sticky":false,"template":"","format":"standard","meta":{"footnotes":""},"categories":[1587],"tags":[11,672,1804,1805,1803,1777,674,665,1801,664,12,1802],"class_list":{"0":"post-398185","1":"post","2":"type-post","3":"status-publish","4":"format-standard","5":"has-post-thumbnail","7":"category-allemagne","8":"tag-actualites","9":"tag-allemagne","10":"tag-bundesrepublik-deutschland","11":"tag-de","12":"tag-deutschland","13":"tag-eu","14":"tag-europe","15":"tag-gaza","16":"tag-germany","17":"tag-israel","18":"tag-news","19":"tag-republique-federale-dallemagne"},"share_on_mastodon":{"url":"https:\/\/pubeurope.com\/@fr\/115221253574636506","error":""},"_links":{"self":[{"href":"https:\/\/www.europesays.com\/fr\/wp-json\/wp\/v2\/posts\/398185","targetHints":{"allow":["GET"]}}],"collection":[{"href":"https:\/\/www.europesays.com\/fr\/wp-json\/wp\/v2\/posts"}],"about":[{"href":"https:\/\/www.europesays.com\/fr\/wp-json\/wp\/v2\/types\/post"}],"author":[{"embeddable":true,"href":"https:\/\/www.europesays.com\/fr\/wp-json\/wp\/v2\/users\/2"}],"replies":[{"embeddable":true,"href":"https:\/\/www.europesays.com\/fr\/wp-json\/wp\/v2\/comments?post=398185"}],"version-history":[{"count":0,"href":"https:\/\/www.europesays.com\/fr\/wp-json\/wp\/v2\/posts\/398185\/revisions"}],"wp:featuredmedia":[{"embeddable":true,"href":"https:\/\/www.europesays.com\/fr\/wp-json\/wp\/v2\/media\/398186"}],"wp:attachment":[{"href":"https:\/\/www.europesays.com\/fr\/wp-json\/wp\/v2\/media?parent=398185"}],"wp:term":[{"taxonomy":"category","embeddable":true,"href":"https:\/\/www.europesays.com\/fr\/wp-json\/wp\/v2\/categories?post=398185"},{"taxonomy":"post_tag","embeddable":true,"href":"https:\/\/www.europesays.com\/fr\/wp-json\/wp\/v2\/tags?post=398185"}],"curies":[{"name":"wp","href":"https:\/\/api.w.org\/{rel}","templated":true}]}}