{"id":398195,"date":"2025-09-17T19:23:15","date_gmt":"2025-09-17T19:23:15","guid":{"rendered":"https:\/\/www.europesays.com\/fr\/398195\/"},"modified":"2025-09-17T19:23:15","modified_gmt":"2025-09-17T19:23:15","slug":"avec-un-simple-accident-jafar-pahani-va-representer-la-france-aux-oscars-liberation","status":"publish","type":"post","link":"https:\/\/www.europesays.com\/fr\/398195\/","title":{"rendered":"Avec \u00abUn simple accident\u00bb, Jafar Pahani va repr\u00e9senter la France aux oscars \u2013 Lib\u00e9ration"},"content":{"rendered":"<p class=\"sc-cPiKLX AiZTS text-element\"><a href=\"https:\/\/www.liberation.fr\/culture\/cinema\/cannes-2025-un-simple-accident-de-jafar-panahi-critique-sans-detour-du-joug-iranien-20250520_BH7HGVMU65AM7AQZ2A3CEITJUQ\/?redirected=1\" target=\"_blank\" rel=\"noopener\" title=\"https:\/\/www.liberation.fr\/culture\/cinema\/cannes-2025-un-simple-accident-de-jafar-panahi-critique-sans-detour-du-joug-iranien-20250520_BH7HGVMU65AM7AQZ2A3CEITJUQ\/?redirected=1\">La Palme d\u2019or Un simple accident,<\/a> du r\u00e9alisateur iranien <a href=\"https:\/\/www.liberation.fr\/international\/moyen-orient\/cannes-outre-par-la-reaction-de-jean-noel-barrot-a-la-victoire-de-jafar-panahi-teheran-convoque-le-charge-daffaires-francais-20250525_QW52JNALENGY3MC2PTKXJC4BKI\/\" target=\"_blank\" rel=\"noopener\" title=\"https:\/\/www.liberation.fr\/international\/moyen-orient\/cannes-outre-par-la-reaction-de-jean-noel-barrot-a-la-victoire-de-jafar-panahi-teheran-convoque-le-charge-daffaires-francais-20250525_QW52JNALENGY3MC2PTKXJC4BKI\/\">Jafar Panahi<\/a> et coproduite en France, repr\u00e9sentera la France aux oscars, a annonc\u00e9 ce mercredi 17 septembre au soir le Centre national du cin\u00e9ma et de l\u2019image anim\u00e9e (CNC), en charge de la s\u00e9lection. <\/p>\n<p class=\"sc-cPiKLX AiZTS text-element\">Pour le pr\u00e9sident du CNC, Ga\u00ebtan Bruel, cette s\u00e9lection montre que la France \u00abest le c\u0153ur battant des coproductions internationales et une terre d\u2019accueil pour les cr\u00e9ateurs du monde entier, notamment ceux qui sont emp\u00each\u00e9s de travailler dans leur propre pays\u00bb. <\/p>\n<p class=\"sc-cPiKLX AiZTS text-element\">\u00abLe seul moyen pour concourir aux oscars, c\u2019est d\u2019\u00eatre pr\u00e9sent\u00e9 par un pays, et l\u2019Iran n\u2019a jamais voulu que Jafar Panahi repr\u00e9sente l\u2019Iran\u00bb, a expliqu\u00e9 Philippe Martin, fondateur des Films de Pell\u00e9as, qui a coproduit le film. \u00abJe suis aussi tr\u00e8s heureux parce que ce film a un message tellement fort politiquement que plus il r\u00e9sonnera, plus il sera vu, plus on en parlera et mieux ce sera\u00bb, s\u2019est-il aussi f\u00e9licit\u00e9. <\/p>\n<p class=\"sc-cPiKLX AiZTS text-element\">En 2015, le CNC avait d\u00e9j\u00e0 s\u00e9lectionn\u00e9 un film en langue \u00e9trang\u00e8re pour repr\u00e9senter la France dans la comp\u00e9tition am\u00e9ricaine, avec Mustang, de la r\u00e9alisatrice franco-turque Deniz Gamze Erg\u00fcven. <\/p>\n","protected":false},"excerpt":{"rendered":"La Palme d\u2019or Un simple accident, du r\u00e9alisateur iranien Jafar Panahi et coproduite en France, repr\u00e9sentera la France&hellip;\n","protected":false},"author":2,"featured_media":398196,"comment_status":"","ping_status":"","sticky":false,"template":"","format":"standard","meta":{"footnotes":""},"categories":[4],"tags":[11,1011,27,3019,12,25],"class_list":{"0":"post-398195","1":"post","2":"type-post","3":"status-publish","4":"format-standard","5":"has-post-thumbnail","7":"category-france","8":"tag-actualites","9":"tag-fr","10":"tag-france","11":"tag-iran","12":"tag-news","13":"tag-republique-francaise"},"share_on_mastodon":{"url":"https:\/\/pubeurope.com\/@fr\/115221273298920090","error":""},"_links":{"self":[{"href":"https:\/\/www.europesays.com\/fr\/wp-json\/wp\/v2\/posts\/398195","targetHints":{"allow":["GET"]}}],"collection":[{"href":"https:\/\/www.europesays.com\/fr\/wp-json\/wp\/v2\/posts"}],"about":[{"href":"https:\/\/www.europesays.com\/fr\/wp-json\/wp\/v2\/types\/post"}],"author":[{"embeddable":true,"href":"https:\/\/www.europesays.com\/fr\/wp-json\/wp\/v2\/users\/2"}],"replies":[{"embeddable":true,"href":"https:\/\/www.europesays.com\/fr\/wp-json\/wp\/v2\/comments?post=398195"}],"version-history":[{"count":0,"href":"https:\/\/www.europesays.com\/fr\/wp-json\/wp\/v2\/posts\/398195\/revisions"}],"wp:featuredmedia":[{"embeddable":true,"href":"https:\/\/www.europesays.com\/fr\/wp-json\/wp\/v2\/media\/398196"}],"wp:attachment":[{"href":"https:\/\/www.europesays.com\/fr\/wp-json\/wp\/v2\/media?parent=398195"}],"wp:term":[{"taxonomy":"category","embeddable":true,"href":"https:\/\/www.europesays.com\/fr\/wp-json\/wp\/v2\/categories?post=398195"},{"taxonomy":"post_tag","embeddable":true,"href":"https:\/\/www.europesays.com\/fr\/wp-json\/wp\/v2\/tags?post=398195"}],"curies":[{"name":"wp","href":"https:\/\/api.w.org\/{rel}","templated":true}]}}