{"id":398199,"date":"2025-09-17T19:27:10","date_gmt":"2025-09-17T19:27:10","guid":{"rendered":"https:\/\/www.europesays.com\/fr\/398199\/"},"modified":"2025-09-17T19:27:10","modified_gmt":"2025-09-17T19:27:10","slug":"lancien-joueur-eno-polo-nomme-directeur-general-de-latp","status":"publish","type":"post","link":"https:\/\/www.europesays.com\/fr\/398199\/","title":{"rendered":"l&rsquo;ancien joueur Eno Polo nomm\u00e9 directeur g\u00e9n\u00e9ral de l\u2019ATP"},"content":{"rendered":"<p>Le K\u00e9nyan est le nouveau directeur de l\u2019organisation qui g\u00e8re le circuit professionnel masculin de Tennis. Il succ\u00e8de \u00e0 l\u2019Italien Massimo Calvelli.<\/p>\n<p class=\"fig-paragraph\">L&rsquo;ancien joueur k\u00e9nyan Eno Polo est le nouveau directeur g\u00e9n\u00e9ral de<a href=\"https:\/\/www.lefigaro.fr\/sports\/tennis\/atp\/classement?msockid=2338e949ff1a6caa28edff13fe766dd0\" target=\"_blank\" rel=\"nofollow noopener\" data-gtm-custom-categorie=\"navigation\" data-gtm-custom-action=\"crossclick\" data-gtm-custom-label=\"Contextuel\" data-gtm-event=\"customEventSPE\">\u00a0l&rsquo;ATP<\/a>, a annonc\u00e9 mercredi dans un communiqu\u00e9 de presse\u00a0<a href=\"http:\/\/www.lefigaro.fr\/sports\/tennis\/tennis-a-sao-paulo-la-jeune-francaise-rakotomanga-s-offre-sa-premiere-finale-20250913\" data-fig-type=\"NewsFlash\" data-gtm-custom-categorie=\"navigation\" data-gtm-custom-action=\"crossclick\" data-gtm-custom-label=\"Contextuel\" data-gtm-event=\"customEventSPE\" data-fig-domain=\"LEFIGARO\" target=\"_blank\" rel=\"noopener\">l&rsquo;organisation\u00a0<\/a>qui g\u00e8re le circuit professionnel masculin de tennis.<\/p>\n<p class=\"fig-paragraph\">Ag\u00e9 de 58 ans, l&rsquo;ancien 574e mondial (en 1990) succ\u00e8de \u00abavec effet imm\u00e9diat\u00bb \u00e0 l&rsquo;Italien\u00a0<a href=\"https:\/\/www.lefigaro.fr\/sports\/football\/ligue-1\/ligue-1-l-ancien-directeur-general-de-l-atp-integre-la-direction-du-toulouse-fc-20250618?msockid=2338e949ff1a6caa28edff13fe766dd0\" target=\"_blank\" data-fig-type=\"NewsFlash\" rel=\"nofollow noopener\" data-gtm-custom-categorie=\"navigation\" data-gtm-custom-action=\"crossclick\" data-gtm-custom-label=\"Contextuel\" data-gtm-event=\"customEventSPE\" data-fig-domain=\"LEFIGARO\">Massimo Calvelli<\/a>, qui a quitt\u00e9 ses fonctions en juin apr\u00e8s les avoir occup\u00e9es pendant plus de cinq ans.<\/p>\n<p>                                    <a class=\"fig-a11y-skip a11y-hidden\" href=\"#fig-a11y-skip-main-inarticle\"><br \/>\n        Passer la publicit\u00e9<br \/>\n    <\/a><\/p>\n<p class=\"fig-paragraph\">\u00abDepuis 2021, il a offici\u00e9 en tant que repr\u00e9sentant des joueurs au conseil d&rsquo;administration de l&rsquo;ATP\u00bb, est-il indiqu\u00e9 dans le communiqu\u00e9.<\/p>\n<p class=\"fig-paragraph\">Eno Polo a par ailleurs occup\u00e9 des fonctions de direction au sein de l&rsquo;\u00e9quipementier sportif Nike, du fabricant de sandales Havaianas et du circuit de padel Premier Padel.<\/p>\n<p class=\"fig-paragraph\">Il dirigera l&rsquo;ATP aux c\u00f4t\u00e9s du pr\u00e9sident italien de l&rsquo;organisation Andrea Gaudenzi, en poste depuis 2020.<\/p>\n<p class=\"fig-paragraph\">Le d\u00e9part de Massimo Calvelli avait \u00e9t\u00e9 annonc\u00e9 en avril, un peu plus de deux semaines apr\u00e8s le lancement par un syndicat et plusieurs joueurs d&rsquo;une batterie d&rsquo;actions en justice reprochant \u00e0 l&rsquo;instance de les \u00abexploiter financi\u00e8rement\u00bb.<\/p>\n<p class=\"fig-paragraph\">Outre ces questions financi\u00e8res, la vingtaine de joueurs impliqu\u00e9s nomm\u00e9ment dans cette offensive judiciaire se plaignaient des conditions de jeu (matches disput\u00e9s sous de fortes chaleurs, balles diff\u00e9rentes d&rsquo;un tournoi \u00e0 l&rsquo;autre) ou encore de l&rsquo;allongement de certains tournois dans un calendrier d\u00e9j\u00e0 charg\u00e9.<\/p>\n<p>                                    <a class=\"fig-a11y-skip a11y-hidden\" href=\"#fig-a11y-skip-main-inarticle_mtf\"><br \/>\n        Passer la publicit\u00e9<br \/>\n    <\/a><\/p>\n<p>Calvelli prend la porte<\/p>\n<p class=\"fig-paragraph\">Sans lier le d\u00e9part de Calvelli \u00e0 ces accusations, l&rsquo;ATP avait fait valoir en avril son r\u00f4le \u00abessentiel (&#8230;) dans le d\u00e9veloppement et la mise en oeuvre de OneVision, le plan strat\u00e9gique \u00e0 long terme de l&rsquo;ATP.\u00bb<\/p>\n<p class=\"fig-paragraph\">\u00abIl a supervis\u00e9 des changements profonds sur le circuit, notamment une augmentation historique de la r\u00e9mun\u00e9ration des joueurs\u00bb, avait soutenu l&rsquo;instance, selon laquelle leurs gains auraient progress\u00e9 de \u00abplus de 100 millions de dollars\u00bb (plus de 90 millions d&rsquo;euros) entre 2019 et 2025. Calvelli a rejoint d\u00e9but juillet la direction sportive du club de foot de Toulouse, pensionnaire de Ligue 1.<\/p>\n<p class=\"fig-paragraph\">Dans le communiqu\u00e9 publi\u00e9 mercredi, l&rsquo;ATP affirme que dans ses nouvelles fonctions, \u00abPolo (&#8230;) continuera de d\u00e9ployer OneVision &#8211; un plan de transformation destin\u00e9 \u00e0 faire grandir le tennis, augmenter l&rsquo;engagement des fans et g\u00e9n\u00e9rer de la valeur \u00e0 long terme pour les joueurs, les tournois et les partenaires du circuit.\u00bb<\/p>\n","protected":false},"excerpt":{"rendered":"Le K\u00e9nyan est le nouveau directeur de l\u2019organisation qui g\u00e8re le circuit professionnel masculin de Tennis. Il succ\u00e8de&hellip;\n","protected":false},"author":2,"featured_media":398200,"comment_status":"","ping_status":"","sticky":false,"template":"","format":"standard","meta":{"footnotes":""},"categories":[1415],"tags":[1111,47,11,1109,1112,118,1108,107,1106,1107,1011,27,1110,1114,14,12,1113,316,60,1467],"class_list":{"0":"post-398199","1":"post","2":"type-post","3":"status-publish","4":"format-standard","5":"has-post-thumbnail","7":"category-tennis","8":"tag-actu","9":"tag-actualite","10":"tag-actualites","11":"tag-breves","12":"tag-depeches","13":"tag-faits-divers","14":"tag-fil","15":"tag-fil-info","16":"tag-flash","17":"tag-flash-actu","18":"tag-fr","19":"tag-france","20":"tag-informations","21":"tag-infos","22":"tag-international","23":"tag-news","24":"tag-nouvelles","25":"tag-politique","26":"tag-sports","27":"tag-tennis"},"share_on_mastodon":{"url":"https:\/\/pubeurope.com\/@fr\/115221289060963960","error":""},"_links":{"self":[{"href":"https:\/\/www.europesays.com\/fr\/wp-json\/wp\/v2\/posts\/398199","targetHints":{"allow":["GET"]}}],"collection":[{"href":"https:\/\/www.europesays.com\/fr\/wp-json\/wp\/v2\/posts"}],"about":[{"href":"https:\/\/www.europesays.com\/fr\/wp-json\/wp\/v2\/types\/post"}],"author":[{"embeddable":true,"href":"https:\/\/www.europesays.com\/fr\/wp-json\/wp\/v2\/users\/2"}],"replies":[{"embeddable":true,"href":"https:\/\/www.europesays.com\/fr\/wp-json\/wp\/v2\/comments?post=398199"}],"version-history":[{"count":0,"href":"https:\/\/www.europesays.com\/fr\/wp-json\/wp\/v2\/posts\/398199\/revisions"}],"wp:featuredmedia":[{"embeddable":true,"href":"https:\/\/www.europesays.com\/fr\/wp-json\/wp\/v2\/media\/398200"}],"wp:attachment":[{"href":"https:\/\/www.europesays.com\/fr\/wp-json\/wp\/v2\/media?parent=398199"}],"wp:term":[{"taxonomy":"category","embeddable":true,"href":"https:\/\/www.europesays.com\/fr\/wp-json\/wp\/v2\/categories?post=398199"},{"taxonomy":"post_tag","embeddable":true,"href":"https:\/\/www.europesays.com\/fr\/wp-json\/wp\/v2\/tags?post=398199"}],"curies":[{"name":"wp","href":"https:\/\/api.w.org\/{rel}","templated":true}]}}