{"id":398205,"date":"2025-09-17T19:30:15","date_gmt":"2025-09-17T19:30:15","guid":{"rendered":"https:\/\/www.europesays.com\/fr\/398205\/"},"modified":"2025-09-17T19:30:15","modified_gmt":"2025-09-17T19:30:15","slug":"steve-mandanda-consultant-deux-quotidiennes-sur-le-football-une-serie-docu-sur-michel-platini-canal-place-sa-saison-sous-le-signe-de-la-consolidation-de-son-offre-sportive","status":"publish","type":"post","link":"https:\/\/www.europesays.com\/fr\/398205\/","title":{"rendered":"Steve Mandanda consultant, deux quotidiennes sur le football, une s\u00e9rie-docu sur Michel Platini&#8230; Canal+ place sa saison sous le signe de la \u00ab\u00a0consolidation\u00a0\u00bb de son offre sportive"},"content":{"rendered":"<p>10.000 heures de sport en direct chaque ann\u00e9e. Apr\u00e8s l&rsquo;Olympique de Marseille, <a href=\"https:\/\/www.ozap.com\/actu\/audiences-quel-score-pour-out-of-africa-programme-en-derniere-minute-sur-france-2-en-hommage-a-robert-redford\/651640\" target=\"_blank\" rel=\"noopener\">battu par le Real Madrid (2 \u00e0 1) sous les yeux de 2,01 millions de t\u00e9l\u00e9spectateurs<\/a> (11,7% du public, 20,4% des 25-49 ans et 13,3% des FRDA-50) ce mardi 16 septembre 2025 en prime time, <a href=\"https:\/\/www.ozap.com\/actu\/audiences-pour-son-premier-match-apres-son-sacre-en-ligue-des-champions-le-psg-a-t-il-enflamme-les-audiences-de-tf1\/650364\" target=\"_blank\" rel=\"noopener\">le Paris Saint-Germain (PSG), tenant du titre<\/a>, fait \u00e0 son tour, ce mercredi 17 septembre \u00e0 21h, son entr\u00e9e en Ligue des champions sur Canal+. Comme la saison pass\u00e9e, le groupe crypt\u00e9 retransmettra l&rsquo;int\u00e9gralit\u00e9 des 546 rencontres des trois comp\u00e9titions europ\u00e9ennes majeures, Ligue Europa et Ligue Europa Conf\u00e9rence incluses.<\/p>\n<p>Steve Mandanda, jeune retrait\u00e9 reconverti consultant<\/p>\n<p>Pour couvrir cette \u00ab\u00a0ann\u00e9e 2, celle de la consolidation\u00a0\u00bb, <a href=\"https:\/\/www.ozap.com\/actu\/thomas-senecal-canal-la-courbe-des-audiences-de-la-f1-atteint-des-zones-inexplorees\/611451\" target=\"_blank\" rel=\"noopener\">dixit son directeur des sports Thomas S\u00e9n\u00e9cal<\/a>, Canal+ a annonc\u00e9, ce lundi 15 septembre 2025 \u00e0 l&rsquo;occasion d&rsquo;un d\u00e9jeuner-presse au restaurant Baronne dans le VIIIe arrondissement de Paris, le recrutement de Steve Mandanda. Le gardien de but (613 matchs avec l&rsquo;OM), fra\u00eechement retrait\u00e9, nourrira de ses analyses le \u00ab\u00a0Canal Champions Club\u00a0\u00bb (et le \u00ab\u00a0Canal Football Club\u00a0\u00bb), toujours pr\u00e9sent\u00e9 par Herv\u00e9 Mathoux avec Bertrand Latour, Laure Boulleau et Samir Nasri, qui a prolong\u00e9 avec Canal+ jusqu&rsquo;en 2029.<\/p>\n<p>Les deux paires principales de commentateurs, emmen\u00e9es par Paul Tchoukriel et Fran\u00e7ois Marchal, restent inchang\u00e9es. Le nom de St\u00e9phane Guy, licenci\u00e9 il y a cinq ans et <a href=\"https:\/\/www.ozap.com\/actu\/nous-navons-pas-encore-echange-sur-ses-missions-thomas-senecal-confirme-la-reintegration-de-stephane-guy-au-service-des-sports-de-canal\/650904\" target=\"_blank\" rel=\"noopener\">r\u00e9int\u00e9gr\u00e9 le 23 ao\u00fbt dernier \u00e0 l&rsquo;occasion du match de Premier League Manchester City-Tottenham<\/a>, n&rsquo;a pas \u00e9t\u00e9 cit\u00e9. \u00ab\u00a0Sur l&rsquo;ensemble de nos propositions Ligue des champions, les &lsquo;Multiplex&rsquo; (pr\u00e9sent\u00e9s par \u00c9ric Besnard, ndlr) seront encore plus \u00e9ditorialis\u00e9s\u00a0\u00bb, a en revanche promis Thomas S\u00e9n\u00e9cal. \u00ab\u00a0D&rsquo;o\u00f9 la pr\u00e9sence de nouveaux visages\u00a0\u00bb \u00e0 l&rsquo;instar de Tristan Quercy.<strong> <\/strong>Le gagnant de la saison 2 de \u00ab\u00a0Au micro !\u00a0\u00bb est attendu en plateau d\u00e8s ce mercredi pour r\u00e9sumer le match PSG\/Atalanta. Parmi les autres consultants, David Ginola, Olivier Dacourt, Sidney Govou, Christophe Jallet et Cl\u00e9ment Grenier sont aussi align\u00e9s dans le dispositif tout au long de la saison 2025\/2026.<\/p>\n<p>\u00ab\u00a0Cette offensive du foot est encore mat\u00e9rialis\u00e9e par un double rendez-vous quotidien sur Canal+ Foot\u00a0\u00bb, a poursuivi Thomas S\u00e9n\u00e9cal, \u00e9voquant<strong> \u00ab\u00a0Le Late Football Club\u00a0\u00bb<\/strong>, pr\u00e9sent\u00e9 par Nicolas Tourriol du lundi au vendredi \u00e0 23h avec autour de lui entre autres Laurent Paganelli, Margot Dumont et Sidney Govou. Cette nouvelle \u00e9mission de d\u00e9bats, \u00ab\u00a0qui manquait dans la proposition Canal\u00a0\u00bb, prolongera <strong>\u00ab\u00a0Jour de foot\u00a0\u00bb<\/strong>, autre quotidienne incarn\u00e9e en prime time par \u00c9ric Besnard. C\u00f4t\u00e9 documentaires, trois offres ont notamment retenu notre attention : <strong>\u00ab\u00a0Le club\u00a0\u00bb<\/strong>, au c\u0153ur du FC Versailles, relanc\u00e9 par Alexandre Mulliez, <strong>\u00ab\u00a0La r\u00e9volution Tapie\u00a0\u00bb<\/strong> (diffusion le 7 d\u00e9cembre 2025 \u00e0 21h sur Canal+) et une s\u00e9rie sur <strong>Michel Platini<\/strong> (diffusion en 2026), \u00ab\u00a0qui c&rsquo;est promis n&rsquo;\u00e9ludera aucun sujet\u00a0\u00bb.<\/p>\n<p>\u00ab\u00a0L&rsquo;audience des contenus sports de Canal+ a \u00e9t\u00e9 multipli\u00e9e par quatre en deux ans sur le social\u00a0\u00bb<\/p>\n<p>\u00c0 l&rsquo;instar de Bertrand Latour (\u00ab\u00a0Latour de contr\u00f4le\u00a0\u00bb), Laure Boulleau (\u00ab\u00a024h de Boulleau\u00a0\u00bb, \u00ab\u00a0Retour aux sources\u00a0\u00bb) et Herv\u00e9 Mathoux (\u00ab\u00a0D\u00e9tective Mathoux\u00a0\u00bb), les incarnations s&rsquo;impliqueront \u00e9galement dans des contenus con\u00e7us pour l&rsquo;application Canal+ et les r\u00e9seaux sociaux. \u00ab\u00a0\u00c9norm\u00e9ment de formats ont \u00e9merg\u00e9 ces derni\u00e8res ann\u00e9es\u00a0\u00bb, constate aupr\u00e8s de <strong>Purem\u00e9dias<\/strong> Bruno Rodrigues, charg\u00e9 du d\u00e9veloppement de formats originaux d\u00e9di\u00e9s \u00e0 ces plateformes.<\/p>\n<p>\u00c0 tel point que \u00ab\u00a0l&rsquo;audience des contenus sports de Canal+ a \u00e9t\u00e9 multipli\u00e9e par quatre en deux ans sur le social\u00a0\u00bb, rebondit Thomas S\u00e9n\u00e9cal \u00e0 notre attention. \u00ab\u00a0Ce que l&rsquo;on arrive bien \u00e0 faire maintenant, c&rsquo;est la rencontre entre le c\u00f4t\u00e9 historique, statutaire de nos grandes comp\u00e9titions sportives et la cr\u00e9ativit\u00e9, l&rsquo;inventivit\u00e9 et parfois la folie de nos contenus digitaux. C&rsquo;est comme cela que l&rsquo;on performe sur TikTok, sur Youtube avec des contenus parfois tr\u00e8s longs comme le format inside &lsquo;Fast Life&rsquo; (qui plonge le t\u00e9l\u00e9spectateur dans le quotidien du commentateur F1 Julien F\u00e9breau \u00e0 Spa-Francorchamps, ndlr).\u00a0\u00bb<\/p>\n<p>L&rsquo;immersion est un genre qui a surtout vocation \u00e0 suivre les sportifs. En la mati\u00e8re, <strong>\u00ab\u00a0Team Zarco\u00a0\u00bb<\/strong>, web-s\u00e9rie autour du quotidien du pilote fran\u00e7ais de MotoGP Johann Zarco, \u00ab\u00a0a atteint 5 millions de vues en cumul\u00e9\u00a0\u00bb. Les deux premiers \u00e9pisodes de <strong>\u00ab\u00a0Team Hadjar\u00a0\u00bb<\/strong>, son pendant en Formule 1, conna\u00eet lui aussi un vif int\u00e9r\u00eat.<\/p>\n<p>\u00ab\u00a0La clinique des sports\u00a0\u00bb, nouvelle \u00e9mission mensuelle en prime sur Canal+ Sport 360<\/p>\n<p>S&rsquo;agissant des sports m\u00e9caniques, un des quatre piliers de l&rsquo;offre sportive de Canal+ avec le football, le rugby et le golf, la direction a fait savoir qu&rsquo;elle renouvellerait, lors du Grand Prix de Singapour 2025, l&rsquo;op\u00e9ration \u00ab\u00a0F1 Kids\u00a0\u00bb, permettant aux 8-14 ans de d\u00e9couvrir une course sur Canal+ Kids avec un habillage et une \u00e9criture d\u00e9di\u00e9e au jeune public. <strong>\u00ab\u00a0Lundi Grand Prix\u00a0\u00bb<\/strong> reviendra en d\u00e9tail tous les lundis \u00e0 21h sur Canal+ Sport 360 sur le week-end des sports m\u00e9caniques.<\/p>\n<p>Au sujet du ballon ovale, la c\u00e9l\u00e9bration du 10e anniversaire du \u00ab\u00a0Canal Rugby Club\u00a0\u00bb, port\u00e9 par Astrid Bard, a \u00e9t\u00e9 annonc\u00e9e fin octobre. C\u00f4t\u00e9 consultants, S\u00e9bastien Chabal est rejoint par <strong>Nans Ducuing<\/strong>, l\u2019ancien ailier international tricolore qui sort tout juste du vestiaire de l&rsquo;Union Bordeaux-B\u00e8gles (UBB), \u00e9quipe championne d&rsquo;Europe en 2024 et double finaliste du Top 14.<\/p>\n<p>Notons enfin la naissance de <strong>\u00ab\u00a0La clinique des sports\u00a0\u00bb<\/strong>. Cette nouvelle \u00e9mission mensuelle, diffus\u00e9e en prime sur Canal+ Sport 360, sera lanc\u00e9e le mardi 23 septembre sur Canal+ Sport 360. Ce magazine mensuel, pr\u00e9sent\u00e9 par Lyes Houhou, m\u00ealera sport et sant\u00e9. Avec des invit\u00e9s experts, m\u00e9decins, athl\u00e8tes, psychologues, il s&rsquo;attardera sur les bonnes pratiques mais aussi les \u00e9cueils m\u00e9connus du sport de haut niveau. Antoine Dupont, Caroline Garcia ou encore Florent Manoudou pourraient intervenir le temps d&rsquo;une \u00e9mission.<\/p>\n","protected":false},"excerpt":{"rendered":"10.000 heures de sport en direct chaque ann\u00e9e. Apr\u00e8s l&rsquo;Olympique de Marseille, battu par le Real Madrid (2&hellip;\n","protected":false},"author":2,"featured_media":398206,"comment_status":"","ping_status":"","sticky":false,"template":"","format":"standard","meta":{"footnotes":""},"categories":[1412],"tags":[1451,1452,1453,1454,1455,1011,27,60],"class_list":{"0":"post-398205","1":"post","2":"type-post","3":"status-publish","4":"format-standard","5":"has-post-thumbnail","7":"category-f1","8":"tag-f1","9":"tag-formula-1","10":"tag-formula1","11":"tag-formule-1","12":"tag-formule1","13":"tag-fr","14":"tag-france","15":"tag-sports"},"share_on_mastodon":{"url":"https:\/\/pubeurope.com\/@fr\/115221300708786588","error":""},"_links":{"self":[{"href":"https:\/\/www.europesays.com\/fr\/wp-json\/wp\/v2\/posts\/398205","targetHints":{"allow":["GET"]}}],"collection":[{"href":"https:\/\/www.europesays.com\/fr\/wp-json\/wp\/v2\/posts"}],"about":[{"href":"https:\/\/www.europesays.com\/fr\/wp-json\/wp\/v2\/types\/post"}],"author":[{"embeddable":true,"href":"https:\/\/www.europesays.com\/fr\/wp-json\/wp\/v2\/users\/2"}],"replies":[{"embeddable":true,"href":"https:\/\/www.europesays.com\/fr\/wp-json\/wp\/v2\/comments?post=398205"}],"version-history":[{"count":0,"href":"https:\/\/www.europesays.com\/fr\/wp-json\/wp\/v2\/posts\/398205\/revisions"}],"wp:featuredmedia":[{"embeddable":true,"href":"https:\/\/www.europesays.com\/fr\/wp-json\/wp\/v2\/media\/398206"}],"wp:attachment":[{"href":"https:\/\/www.europesays.com\/fr\/wp-json\/wp\/v2\/media?parent=398205"}],"wp:term":[{"taxonomy":"category","embeddable":true,"href":"https:\/\/www.europesays.com\/fr\/wp-json\/wp\/v2\/categories?post=398205"},{"taxonomy":"post_tag","embeddable":true,"href":"https:\/\/www.europesays.com\/fr\/wp-json\/wp\/v2\/tags?post=398205"}],"curies":[{"name":"wp","href":"https:\/\/api.w.org\/{rel}","templated":true}]}}