{"id":398211,"date":"2025-09-17T19:33:12","date_gmt":"2025-09-17T19:33:12","guid":{"rendered":"https:\/\/www.europesays.com\/fr\/398211\/"},"modified":"2025-09-17T19:33:12","modified_gmt":"2025-09-17T19:33:12","slug":"marc-olivier-fogiel-vole-au-secours-de-lea-salame-apres-son-interview-avec-marion-cotillard-cest-politique","status":"publish","type":"post","link":"https:\/\/www.europesays.com\/fr\/398211\/","title":{"rendered":"Marc-Olivier Fogiel vole au secours de L\u00e9a Salam\u00e9 apr\u00e8s son interview avec Marion Cotillard : \u00ab\u00a0c\u2019est politique\u00a0\u00bb"},"content":{"rendered":"<p>      R\u00e9sum\u00e9<\/p>\n<p>Marc-Olivier Fogiel d\u00e9fend L\u00e9a Salam\u00e9 face aux critiques re\u00e7ues apr\u00e8s son interview avec Marion Cotillard, soulignant son apprentissage et d\u00e9non\u00e7ant une campagne politique contre elle.<\/p>\n<p>        Sommaire<\/p>\n<p>Ce 16 septembre 2025,<a href=\"https:\/\/www.public.fr\/est-ce-que-vous-allez-bien-enorme-malaise-entre-lea-salame-et-marion-cotillard-dans-le-jt-de-france-2-a-cause-de-guillaume-canet\" target=\"_blank\" rel=\"noopener\"> en recevant Marion Cotillard au JT de 20h de France 2<\/a>, <strong>L\u00e9a Salam\u00e9 a fait deux gaffes<\/strong>. La premi\u00e8re, c&rsquo;est qu&rsquo;elle a annonc\u00e9 la sortie d&rsquo;un film pour octobre 2025, alors qu&rsquo;il doit sortir en octobre 2026. <\/p>\n<p>La seconde, qu&rsquo;on lui reproche un peu plus, c&rsquo;est qu&rsquo;elle a <strong>demand\u00e9 \u00e0 l&rsquo;actrice si elle allait bien <\/strong>apr\u00e8s l&rsquo;annonce de son divorce, de cet \u00e9t\u00e9. <\/p>\n<p><a href=\"https:\/\/www.public.fr\/pas-connue-pour-son-empathie-caroline-ithurbide-pulverise-lea-salame-apres-son-interview-avec-marion-cotillard\" target=\"_blank\" rel=\"noopener\">Marion Cotillard partageait la vie de Guillaume Canet<\/a> depuis plus de 10 ans. Et la star hollywoodienne a eu deux enfants avec lui. Aussi, elle a \u00e9t\u00e9 un peu surprise, lorsque, en fin de journal, L\u00e9a Salam\u00e9 lui a pos\u00e9 une question sur sa vie priv\u00e9e. Souriante, elle lui a alors r\u00e9pondu g\u00ean\u00e9e <strong>\u00ab\u00a0\u00e7a va, et vous ?\u00a0\u00bb <\/strong><\/p>\n<p>Marc-Olivier Fogiel d\u00e9fend L\u00e9a Salam\u00e9<\/p>\n<p>Il n&rsquo;en fallait pas plus pour clouer au pilori la petite nouvelle de la case. Marc-Olivier Fogiel est revenu sur la s\u00e9quence, ce 17 septembre 2025. Et il a pris la d\u00e9fense de la journaliste. <\/p>\n<p>Aupr\u00e8s de TV Mag, il a jug\u00e9 : \u00ab\u00a0Quand on va chercher L\u00e9a Salam\u00e9 pour le 20h de la Deux, <strong>on va la chercher pour sa singularit\u00e9,<\/strong> et ce type de question qu\u2019un journaliste plus traditionnel ne poserait pas\u00a0\u00bb. <\/p>\n<p>Et de demander au public du temps : \u00ab\u00a0\u00c7a fait quinze jours, trois semaines qu\u2019elle a commenc\u00e9\u00a0? Elle n\u2019est pas encore dans ses chaussons, (&#8230;) elle est encore <strong>dans la phase d\u2019apprentissage\u00a0\u00bb.<\/strong><\/p>\n<p>Marc-Olivier Fogiel\u00a0a estim\u00e9 que L\u00e9a Salam\u00e9 \u00e9tait victime de haters. Il a argument\u00e9 : \u00ab\u00a0Pour vous r\u00e9pondre clairement, je vois bien comment elle <a href=\"https:\/\/vsd.fr\/84096-lea-salame-apparait-pour-la-premiere-fois-sur-le-plateau-du-jt-de-20h-de-france-2-et-se-lache-completement-pas-mon-reve\/\" target=\"_blank\" rel=\"noopener\">se fait attaquer tr\u00e8s m\u00e9chamment<\/a> et gratuitement, en plus en m\u00e9langeant tout, le fait qu\u2019elle <strong>soit la compagne de Rapha\u00ebl Glucksmann<\/strong>&#8230;C\u2019est dur pour elle\u00a0\u00bb.<\/p>\n<p>C&rsquo;est politique !<\/p>\n<p>D&rsquo;ailleurs, pour lui, la question sur le divorce de Marion Cotillard \u00ab\u00a0se posait\u00a0\u00bb et il l&rsquo;aurait pos\u00e9e. Mais pas comme \u00e7a. Marc-Olivier Fogiel assure : \u00ab\u00a0Je pense qu\u2019avec un peu plus de 20h dans les pattes, elle aurait peut-\u00eatre pos\u00e9 la question un peu diff\u00e9remment et \u00e7a serait peut-\u00eatre mieux pass\u00e9. (&#8230;) C\u2019est une fille qui a un temp\u00e9rament, qui pose des questions diff\u00e9rentes et parfois \u00e7a grince. Elle est l\u00e0 aussi pour \u00e7a\u00a0\u00bb. <\/p>\n<p>Pour finir, l&rsquo;ancien patron a d\u00e9nonc\u00e9 une \u00ab\u00a0<strong>campagne de d\u00e9nigrement d\u00e9mesur\u00e9e, absurde et politique<\/strong>\u00ab\u00a0. Et de conclure :\u00a0\u00bbelle a tout mon soutien\u00a0\u00bb.<\/p>\n<p>      Mentionn\u00e9s dans cet article<\/p>\n<p>      Sur le m\u00eame sujet<\/p>\n","protected":false},"excerpt":{"rendered":"R\u00e9sum\u00e9 Marc-Olivier Fogiel d\u00e9fend L\u00e9a Salam\u00e9 face aux critiques re\u00e7ues apr\u00e8s son interview avec Marion Cotillard, soulignant son&hellip;\n","protected":false},"author":2,"featured_media":398212,"comment_status":"","ping_status":"","sticky":false,"template":"","format":"standard","meta":{"footnotes":""},"categories":[1359],"tags":[58,59,1011,27,3806,45887,34774,973],"class_list":{"0":"post-398211","1":"post","2":"type-post","3":"status-publish","4":"format-standard","5":"has-post-thumbnail","7":"category-people","8":"tag-divertissement","9":"tag-entertainment","10":"tag-fr","11":"tag-france","12":"tag-lea-salame","13":"tag-marc-olivier-fogiel","14":"tag-marion-cotillard","15":"tag-people"},"share_on_mastodon":{"url":"https:\/\/pubeurope.com\/@fr\/115221312617513069","error":""},"_links":{"self":[{"href":"https:\/\/www.europesays.com\/fr\/wp-json\/wp\/v2\/posts\/398211","targetHints":{"allow":["GET"]}}],"collection":[{"href":"https:\/\/www.europesays.com\/fr\/wp-json\/wp\/v2\/posts"}],"about":[{"href":"https:\/\/www.europesays.com\/fr\/wp-json\/wp\/v2\/types\/post"}],"author":[{"embeddable":true,"href":"https:\/\/www.europesays.com\/fr\/wp-json\/wp\/v2\/users\/2"}],"replies":[{"embeddable":true,"href":"https:\/\/www.europesays.com\/fr\/wp-json\/wp\/v2\/comments?post=398211"}],"version-history":[{"count":0,"href":"https:\/\/www.europesays.com\/fr\/wp-json\/wp\/v2\/posts\/398211\/revisions"}],"wp:featuredmedia":[{"embeddable":true,"href":"https:\/\/www.europesays.com\/fr\/wp-json\/wp\/v2\/media\/398212"}],"wp:attachment":[{"href":"https:\/\/www.europesays.com\/fr\/wp-json\/wp\/v2\/media?parent=398211"}],"wp:term":[{"taxonomy":"category","embeddable":true,"href":"https:\/\/www.europesays.com\/fr\/wp-json\/wp\/v2\/categories?post=398211"},{"taxonomy":"post_tag","embeddable":true,"href":"https:\/\/www.europesays.com\/fr\/wp-json\/wp\/v2\/tags?post=398211"}],"curies":[{"name":"wp","href":"https:\/\/api.w.org\/{rel}","templated":true}]}}