{"id":398226,"date":"2025-09-17T19:42:11","date_gmt":"2025-09-17T19:42:11","guid":{"rendered":"https:\/\/www.europesays.com\/fr\/398226\/"},"modified":"2025-09-17T19:42:11","modified_gmt":"2025-09-17T19:42:11","slug":"pierre-richard-91-ans-sans-filtre-sur-cette-relation-avec-une-prostituee-elle-moffrait-une","status":"publish","type":"post","link":"https:\/\/www.europesays.com\/fr\/398226\/","title":{"rendered":"Pierre Richard (91 ans) sans filtre sur cette relation avec une prostitu\u00e9e : \u201cElle m\u2019offrait une\u2026\u201d"},"content":{"rendered":"<p>Difficile de pr\u00e9senter <strong>Pierre Richard<\/strong> tant la<br \/>\ncarri\u00e8re du bonhomme est riche et longue. <strong>Impossible,<br \/>\ntoutefois, de ne pas revenir sur son tandem comique avec G\u00e9rard<br \/>\nDepardieu sous la houlette de Francis Veber.<\/strong> Ou tout<br \/>\nsimplement cet arch\u00e9type de gentil na\u00eff distrait et maladroit qu\u2019il<br \/>\na incarn\u00e9 durant sa carri\u00e8re. Pierre Richard est aussi pass\u00e9<br \/>\nquelques fois derri\u00e8re la cam\u00e9ra. Notamment pour le (tr\u00e8s)<br \/>\nm\u00e9sestim\u00e9 On peut toujours r\u00eaver, au d\u00e9but des ann\u00e9es 90.<br \/>\n<strong>Ou encore sa nouvelle r\u00e9alisation, en salles ce mercredi 17<br \/>\nseptembre 2025 : L\u2019Homme qui a vu l\u2019ours qui a vu<br \/>\nl\u00a0\u00bbhomme.<\/strong> Pierre Richard, toujours tr\u00e8s disert en<br \/>\ninterview, revient sur une anecdote des plus surprenantes avec une<br \/>\n<strong>prostitu\u00e9e<\/strong> !<\/p>\n<p>Pierre Richard : des r\u00f4les cultes avec G\u00e9rard Depardieu<\/p>\n<p>On ne peut pas parler de Pierre Richard sans parler de G\u00e9rard<br \/>\nDepardieu. Si ce dernier, <a href=\"https:\/\/www.melty.fr\/people\/gerard-depardieu-accuse-dagressions-sexuelles-son-avocat-prend-la-parole-il-assume-2191864.html\" target=\"_blank\" rel=\"noopener\"><br \/>\nemp\u00eatr\u00e9 actuellement dans les scandales sexuels<\/a>, est<br \/>\naujourd\u2019hui en disgr\u00e2ce, fut un temps o\u00f9 il partageait l\u2019affiche<br \/>\navec Pierre Richard. <strong>Les deux d\u00e9montraient alors une<br \/>\nalchimie d\u00e9tonante notamment dans une trilogie informelle compos\u00e9e<br \/>\nde La Ch\u00e8vre, Les Comp\u00e8res et Les<br \/>\nFugitifs<\/strong>. Trois com\u00e9dies aujourd\u2019hui cultes sign\u00e9es<br \/>\ndu taulier en la mati\u00e8re, Francis Veber.<\/p>\n<p>Le duo fonctionnait \u00e0 plein r\u00e9gime, se calquant <a href=\"https:\/\/www.melty.fr\/people\/gerard-depardieu-cette-altercation-insolite-avec-pierre-richard-bande-de-2174485.html\" target=\"_blank\" rel=\"noopener\"><br \/>\nsur une dynamique humoristique imparable<\/a>. <strong>A savoir les<br \/>\ndiff\u00e9rences entre ses deux interpr\u00e8tes.<\/strong> Une brute, un<br \/>\nmaigrichon. Un bourru, un c\u0153ur tendre. Un instinctif, un r\u00e9flexif.<br \/>\nUn id\u00e9aliste, un na\u00eff. Un sanguin, un doux dingue. <strong>Bref, le<br \/>\nprototype Laurel et Hardy pouss\u00e9 \u00e0 son paroxysme.<\/strong> C\u2019est<br \/>\ncette dichotomie-l\u00e0, propre au genre du \u2018<strong>buddy<br \/>\nmovie<\/strong>\u2019, comprendre film de bin\u00f4me, qui a popularis\u00e9<br \/>\nce tandem.<\/p>\n<p>Le com\u00e9dien est pass\u00e9 plus d\u2019une fois derri\u00e8re la cam\u00e9ra<\/p>\n<p>La carri\u00e8re faste de Pierre Richard compte de nombreux films<br \/>\nembl\u00e9matiques d\u2019une \u00e9poque aujourd\u2019hui r\u00e9volue. <strong>Du cin\u00e9ma \u00e0<br \/>\npapa, presque, qui continue \u00e0 garder une aura nostalgique aupr\u00e8s de<br \/>\nnombreux spectateurs et autres cin\u00e9philes.<\/strong> Le com\u00e9dien, de<br \/>\nson c\u00f4t\u00e9, est \u00e9galement pass\u00e9 plus d\u2019une fois derri\u00e8re la cam\u00e9ra.<br \/>\n<strong>Au commencement, il r\u00e9alise Le Distrait en<br \/>\n1970.<\/strong> Il encha\u00eene ensuite avec Les Malheurs<br \/>\nd\u2019Alfred et Je sais rien, mais je dirais tout.<\/p>\n<p>Ces r\u00e9alisations posent, en quelque sorte, les jalons du<br \/>\n<strong>personnage-type<\/strong> que va incarner Pierre Richard<br \/>\ndurant la quasi-totalit\u00e9 de sa carri\u00e8re. Car il est aussi devant la<br \/>\ncam\u00e9ra. Toutefois, il opte pour le drame, m\u00e2tin\u00e9 de com\u00e9die, pas<br \/>\nfolle le Pierre, avec On peut toujours r\u00eaver.<br \/>\n<strong>Chronique ordinaire d\u2019un PdG d\u00e9pressif qui retrouve la joie<br \/>\nde vivre gr\u00e2ce \u00e0 un banlieusard.<\/strong> Intouchables<br \/>\navant l\u2019heure, en somme. <strong>Le succ\u00e8s commercial en<br \/>\nmoins.<\/strong><\/p>\n<p>Pierre Richard, \u00e0 la rencontre d\u2019une<br \/>\n\u201cp\u00e9ripat\u00e9ticienne\u201d<\/p>\n<p>Saut dans le temps : 2025. Pierre Richard sort son nouveau<br \/>\nlong-m\u00e9trage en tant que r\u00e9alisateur, L\u2019Homme qui a vu l\u2019ours<br \/>\nqui a vu l\u2019homme. <strong>Une com\u00e9die, une de plus, <a href=\"https:\/\/www.melty.fr\/people\/face-a-la-rumeur-pierre-richard-sans-filtre-sur-son-etat-de-sante-je-viens-dapprendre-2258756.html\" target=\"_blank\" rel=\"noopener\"><br \/>\ndans laquelle il se met \u00e9galement en sc\u00e8ne<\/a>.<\/strong> Le film<br \/>\nest actuellement diffus\u00e9 au cin\u00e9ma au moment o\u00f9 nous \u00e9crivons ces<br \/>\nmodestes lignes. <strong>Pour l\u2019occasion, l\u2019acteur-r\u00e9alisateur<br \/>\nnonag\u00e9naire donne un entretien fleuve \u00e0 Guillaume Pley dans LEGEND<br \/>\nsur YouTube.<\/strong> Pierre Richard revient sur sa vie, son \u0153uvre<br \/>\net\u2026 une histoire touchante avec une prostitu\u00e9e.<\/p>\n<p><strong>L\u2019interpr\u00e8te de La Ch\u00e8vre revient sur une<br \/>\nanecdote lorsqu\u2019il \u00e9tait gamin.<\/strong> \u201cJ\u2019ai connu \u00e0 Paris,<br \/>\nc\u2019\u00e9tait pendant la guerre\u2026\u201d, raconte Pierre Richard \u00e0<br \/>\nl\u2019animateur. \u201cJe promenais mon petit chien tous les matins<br \/>\navant d\u2019aller en classe. J\u2019avais quoi\u2026 10 ans ? J\u2019\u00e9tais tout blond,<br \/>\ntout boucl\u00e9, j\u2019\u00e9tais mignon, ouais.\u201d L\u2019acteur-r\u00e9alisateur<br \/>\ns\u2019improvise ainsi conteur de sa propre histoire, non sans un<br \/>\ncertain sens du timing, voire du suspens. Il ajoute ensuite :<br \/>\n\u201cEt j\u2019habitais pr\u00e8s de Pigalle, et l\u00e0, en promenant mon chien,<br \/>\nil y avait une p\u00e9ripat\u00e9ticienne [autre nom pour une<br \/>\nprostitu\u00e9e, NDLR] qui m\u2019adorait.\u201d Avant de pr\u00e9ciser :<br \/>\n\u201cJe parle pas sexuellement [&#8230;] <strong>A chaque<br \/>\nfois, elle m\u2019offrait une tablette de chocolat.<\/strong> Elle me dit<br \/>\n: \u2018C\u2019est mon fianc\u00e9 qui me l\u2019a offert\u2019. C\u2019est apr\u00e8s que<br \/>\nj\u2019ai compris que le fianc\u00e9, \u00e7a devait \u00eatre un officier allemand<br \/>\n!\u201d Une relation amicale aussi touchante que surprenante.<br \/>\n<strong>A 91 ans, Pierre Richard semble toujours bon pied bon \u0153il,<br \/>\net, surtout, toujours d\u00e9bordant de cette malice qui le caract\u00e9rise<br \/>\ntant.<\/strong><\/p>\n","protected":false},"excerpt":{"rendered":"Difficile de pr\u00e9senter Pierre Richard tant la carri\u00e8re du bonhomme est riche et longue. Impossible, toutefois, de ne&hellip;\n","protected":false},"author":2,"featured_media":398227,"comment_status":"","ping_status":"","sticky":false,"template":"","format":"standard","meta":{"footnotes":""},"categories":[8],"tags":[905,58,59,1011,27],"class_list":{"0":"post-398226","1":"post","2":"type-post","3":"status-publish","4":"format-standard","5":"has-post-thumbnail","7":"category-divertissement","8":"tag-a-la-une-melty","9":"tag-divertissement","10":"tag-entertainment","11":"tag-fr","12":"tag-france"},"share_on_mastodon":{"url":"https:\/\/pubeurope.com\/@fr\/115221348027167858","error":""},"_links":{"self":[{"href":"https:\/\/www.europesays.com\/fr\/wp-json\/wp\/v2\/posts\/398226","targetHints":{"allow":["GET"]}}],"collection":[{"href":"https:\/\/www.europesays.com\/fr\/wp-json\/wp\/v2\/posts"}],"about":[{"href":"https:\/\/www.europesays.com\/fr\/wp-json\/wp\/v2\/types\/post"}],"author":[{"embeddable":true,"href":"https:\/\/www.europesays.com\/fr\/wp-json\/wp\/v2\/users\/2"}],"replies":[{"embeddable":true,"href":"https:\/\/www.europesays.com\/fr\/wp-json\/wp\/v2\/comments?post=398226"}],"version-history":[{"count":0,"href":"https:\/\/www.europesays.com\/fr\/wp-json\/wp\/v2\/posts\/398226\/revisions"}],"wp:featuredmedia":[{"embeddable":true,"href":"https:\/\/www.europesays.com\/fr\/wp-json\/wp\/v2\/media\/398227"}],"wp:attachment":[{"href":"https:\/\/www.europesays.com\/fr\/wp-json\/wp\/v2\/media?parent=398226"}],"wp:term":[{"taxonomy":"category","embeddable":true,"href":"https:\/\/www.europesays.com\/fr\/wp-json\/wp\/v2\/categories?post=398226"},{"taxonomy":"post_tag","embeddable":true,"href":"https:\/\/www.europesays.com\/fr\/wp-json\/wp\/v2\/tags?post=398226"}],"curies":[{"name":"wp","href":"https:\/\/api.w.org\/{rel}","templated":true}]}}