{"id":398228,"date":"2025-09-17T19:43:10","date_gmt":"2025-09-17T19:43:10","guid":{"rendered":"https:\/\/www.europesays.com\/fr\/398228\/"},"modified":"2025-09-17T19:43:10","modified_gmt":"2025-09-17T19:43:10","slug":"serez-vous-toujours-la-pour-le-voir","status":"publish","type":"post","link":"https:\/\/www.europesays.com\/fr\/398228\/","title":{"rendered":"serez-vous toujours l\u00e0 pour le voir ?"},"content":{"rendered":"<p class=\"whitespace-normal break-words\"><strong>L\u2019humanit\u00e9<br \/>\ndispose-t-elle vraiment de seulement 30 ans pour \u00e9tablir une<br \/>\ncolonie viable sur Mars ? Selon Elon Musk, cette \u00e9ch\u00e9ance n\u2019est pas<br \/>\nqu\u2019une projection optimiste, mais une n\u00e9cessit\u00e9 absolue pour la<br \/>\nsurvie de notre esp\u00e8ce. Le fondateur de SpaceX vient de d\u00e9voiler sa<br \/>\nstrat\u00e9gie compl\u00e8te pour transformer la plan\u00e8te rouge en second<br \/>\nfoyer de l\u2019humanit\u00e9, et les d\u00e9tails sont plus ambitieux que tout ce<br \/>\nqui avait \u00e9t\u00e9 imagin\u00e9 jusqu\u2019alors.<\/strong><\/p>\n<p>Une course<br \/>\ncontre la montre plan\u00e9taire<\/p>\n<p class=\"whitespace-normal break-words\">L\u2019urgence exprim\u00e9e par<br \/>\nMusk ne rel\u00e8ve pas de la <a href=\"https:\/\/sciencepost.fr\/une-batterie-de-ve-qui-se-recharge-en-18-secondes-ce-nest-plus-de-la-science-fiction\/\" target=\"_blank\" rel=\"noopener nofollow\">science-fiction<\/a>, mais d\u2019une<br \/>\nanalyse froide des risques existentiels qui p\u00e8sent sur notre<br \/>\ncivilisation. Catastrophes naturelles, guerres nucl\u00e9aires,<br \/>\npand\u00e9mies mondiales : les menaces capables d\u2019an\u00e9antir l\u2019humanit\u00e9 en<br \/>\nune g\u00e9n\u00e9ration ne manquent pas. Face \u00e0 cette r\u00e9alit\u00e9,<br \/>\nl\u2019entrepreneur am\u00e9ricain pr\u00e9sente la colonisation martienne comme<br \/>\nune police d\u2019assurance cosmique.<\/p>\n<p class=\"whitespace-normal break-words\">Le calendrier propos\u00e9<br \/>\nrepose sur un principe math\u00e9matique implacable : doubler la<br \/>\nquantit\u00e9 de mat\u00e9riel envoy\u00e9 vers Mars \u00e0 chaque fen\u00eatre de tir, soit<br \/>\ntous les 26 mois lorsque les plan\u00e8tes s\u2019alignent favorablement.<br \/>\nCette progression exponentielle permettrait d\u2019acheminer rapidement<br \/>\nles tonnes d\u2019\u00e9quipements n\u00e9cessaires \u00e0 l\u2019\u00e9tablissement d\u2019une base<br \/>\npermanente.<\/p>\n<p>Starship :<br \/>\nl\u2019arme secr\u00e8te de la conqu\u00eate spatiale<\/p>\n<p class=\"whitespace-normal break-words\">Au c\u0153ur de cette strat\u00e9gie<br \/>\nse trouve un monstre d\u2019acier et de technologie : le Starship. Cette<br \/>\nfus\u00e9e r\u00e9volutionnaire d\u00e9passe tout ce qui existe actuellement en<br \/>\ntermes de puissance et de capacit\u00e9 de charge. Contrairement aux<br \/>\nlanceurs traditionnels qui sacrifient une partie de leur structure<br \/>\n\u00e0 chaque vol, le Starship a \u00e9t\u00e9 con\u00e7u pour \u00eatre enti\u00e8rement<br \/>\nr\u00e9cup\u00e9rable et r\u00e9utilisable.<\/p>\n<p class=\"whitespace-normal break-words\">La prochaine g\u00e9n\u00e9ration de<br \/>\nce v\u00e9hicule spatial, baptis\u00e9e version 3, promet des performances<br \/>\nstup\u00e9fiantes : plus de 100 tonnes de fret transport\u00e9es en orbite,<br \/>\nsoit l\u2019\u00e9quivalent de deux fois et demie la capacit\u00e9 de la Falcon<br \/>\nHeavy en mode r\u00e9utilisable. Cette capacit\u00e9 gigantesque s\u2019explique<br \/>\npar l\u2019int\u00e9gration des moteurs Raptor de troisi\u00e8me g\u00e9n\u00e9ration, qui<br \/>\nfonctionnent avec un m\u00e9lange d\u2019oxyg\u00e8ne et de m\u00e9thane liquides.<\/p>\n<p class=\"whitespace-normal break-words\">Le choix de ces carburants<br \/>\nn\u2019est pas anodin : ils peuvent tous deux \u00eatre produits directement<br \/>\nsur Mars \u00e0 partir de son atmosph\u00e8re, offrant ainsi aux futurs<br \/>\ncolons la possibilit\u00e9 de fabriquer leur propre carburant pour les<br \/>\nvoyages de retour.<\/p>\n<p><img loading=\"lazy\" data-lazyloaded=\"1\" decoding=\"async\" class=\"size-full wp-image-311926\" src=\"https:\/\/www.europesays.com\/fr\/wp-content\/uploads\/2025\/09\/1620px-Starship_SN9_Evening_Rays.jpg\" alt=\"Starbase SpaceX mUSK\" width=\"1620\" height=\"1080\"  data-\/><br \/>\nCr\u00e9dits : Jared Krahn \/ WikipediaLes d\u00e9fis<br \/>\ntechniques de l\u2019impossible<\/p>\n<p class=\"whitespace-normal break-words\">Malgr\u00e9 cet optimisme<br \/>\naffich\u00e9, Musk reconna\u00eet que des obstacles majeurs subsistent. Le<br \/>\nprincipal d\u00e9fi r\u00e9side dans la cr\u00e9ation d\u2019un bouclier thermique<br \/>\nenti\u00e8rement r\u00e9utilisable, un exploit technologique que personne n\u2019a<br \/>\nencore r\u00e9ussi \u00e0 accomplir. Les navettes spatiales de la NASA<br \/>\nn\u00e9cessitaient neuf mois de r\u00e9parations apr\u00e8s chaque retour sur<br \/>\nTerre, un d\u00e9lai incompatible avec les ambitions martiennes de<br \/>\nSpaceX.<\/p>\n<p class=\"whitespace-normal break-words\">L\u2019\u00e9quipe d\u2019ing\u00e9nieurs<br \/>\ntravaille actuellement sur un syst\u00e8me r\u00e9volutionnaire capable de<br \/>\nr\u00e9sister aux temp\u00e9ratures extr\u00eames de la rentr\u00e9e atmosph\u00e9rique tout<br \/>\nen conservant son int\u00e9grit\u00e9 structurelle vol apr\u00e8s vol. Cette<br \/>\ninnovation pourrait bien \u00eatre la cl\u00e9 qui s\u00e9parera le r\u00eave de la<br \/>\nr\u00e9alit\u00e9.<\/p>\n<p>Une<br \/>\ncivilisation martienne autonome<\/p>\n<p class=\"whitespace-normal break-words\">L\u2019objectif final d\u00e9passe<br \/>\nlargement l\u2019installation d\u2019une simple base scientifique. Musk<br \/>\nenvisage une v\u00e9ritable colonie autosuffisante, capable de produire<br \/>\nsa propre nourriture, ses outils, ses ordinateurs et m\u00eame ses<br \/>\npropres fus\u00e9es. Cette ind\u00e9pendance totale constitue le test ultime<br \/>\n: la colonie pourrait-elle survivre si tous les liens avec la Terre<br \/>\n\u00e9taient coup\u00e9s ?<\/p>\n<p class=\"whitespace-normal break-words\">Cette vision<br \/>\ntransformerait l\u2019humanit\u00e9 en esp\u00e8ce multiplan\u00e9taire, doublant<br \/>\ninstantan\u00e9ment nos chances de survie \u00e0 long terme. Mars deviendrait<br \/>\nalors non pas une simple destination d\u2019exploration, mais un<br \/>\nv\u00e9ritable plan B pour notre civilisation.<\/p>\n<p class=\"whitespace-normal break-words\">Les prochains mois<br \/>\ns\u2019annoncent cruciaux : SpaceX pr\u00e9voit les premiers vols d\u2019essai<br \/>\nautomatis\u00e9s vers Mars d\u00e8s l\u2019ann\u00e9e prochaine, marquant<br \/>\npotentiellement le d\u00e9but de la plus grande aventure de l\u2019histoire<br \/>\nhumaine.<\/p>\n","protected":false},"excerpt":{"rendered":"L\u2019humanit\u00e9 dispose-t-elle vraiment de seulement 30 ans pour \u00e9tablir une colonie viable sur Mars ? Selon Elon Musk,&hellip;\n","protected":false},"author":2,"featured_media":398229,"comment_status":"","ping_status":"","sticky":false,"template":"","format":"standard","meta":{"footnotes":""},"categories":[7],"tags":[1011,27,43,40,41,39,42,44],"class_list":{"0":"post-398228","1":"post","2":"type-post","3":"status-publish","4":"format-standard","5":"has-post-thumbnail","7":"category-sciences-et-technologies","8":"tag-fr","9":"tag-france","10":"tag-science","11":"tag-science-and-technology","12":"tag-sciences","13":"tag-sciences-et-technologies","14":"tag-technologies","15":"tag-technology"},"share_on_mastodon":{"url":"https:\/\/pubeurope.com\/@fr\/115221352196867315","error":""},"_links":{"self":[{"href":"https:\/\/www.europesays.com\/fr\/wp-json\/wp\/v2\/posts\/398228","targetHints":{"allow":["GET"]}}],"collection":[{"href":"https:\/\/www.europesays.com\/fr\/wp-json\/wp\/v2\/posts"}],"about":[{"href":"https:\/\/www.europesays.com\/fr\/wp-json\/wp\/v2\/types\/post"}],"author":[{"embeddable":true,"href":"https:\/\/www.europesays.com\/fr\/wp-json\/wp\/v2\/users\/2"}],"replies":[{"embeddable":true,"href":"https:\/\/www.europesays.com\/fr\/wp-json\/wp\/v2\/comments?post=398228"}],"version-history":[{"count":0,"href":"https:\/\/www.europesays.com\/fr\/wp-json\/wp\/v2\/posts\/398228\/revisions"}],"wp:featuredmedia":[{"embeddable":true,"href":"https:\/\/www.europesays.com\/fr\/wp-json\/wp\/v2\/media\/398229"}],"wp:attachment":[{"href":"https:\/\/www.europesays.com\/fr\/wp-json\/wp\/v2\/media?parent=398228"}],"wp:term":[{"taxonomy":"category","embeddable":true,"href":"https:\/\/www.europesays.com\/fr\/wp-json\/wp\/v2\/categories?post=398228"},{"taxonomy":"post_tag","embeddable":true,"href":"https:\/\/www.europesays.com\/fr\/wp-json\/wp\/v2\/tags?post=398228"}],"curies":[{"name":"wp","href":"https:\/\/api.w.org\/{rel}","templated":true}]}}