{"id":398233,"date":"2025-09-17T19:46:11","date_gmt":"2025-09-17T19:46:11","guid":{"rendered":"https:\/\/www.europesays.com\/fr\/398233\/"},"modified":"2025-09-17T19:46:11","modified_gmt":"2025-09-17T19:46:11","slug":"au-secours-une-partie-du-chateau-de-chambord-seffondre","status":"publish","type":"post","link":"https:\/\/www.europesays.com\/fr\/398233\/","title":{"rendered":"Au secours, une partie du ch\u00e2teau de Chambord s\u2019effondre\u00a0!"},"content":{"rendered":"<p><strong>D\u00c9CRYPTAGE &#8211;<\/strong> Le directeur veut remettre la Renaissance au c\u0153ur du monument, et se tourne pour cela vers l\u2019\u00c9tat et les donateurs. La restauration de l\u2019aile Fran\u00e7ois-Ier, aujourd\u2019hui ferm\u00e9e, en sera le symbole.<\/p>\n<p class=\"fig-paragraph\"><a href=\"http:\/\/www.lefigaro.fr\/musique\/apres-david-guetta-black-eyed-peas-transforme-le-chateau-de-chambord-en-club-le-temps-d-une-soiree-20250623\" data-fig-type=\"NewsFlash\" data-gtm-custom-categorie=\"navigation\" data-gtm-custom-action=\"crossclick\" data-gtm-custom-label=\"Contextuel\" data-gtm-event=\"customEventSPE\" data-fig-domain=\"LEFIGARO\" rel=\"nofollow noopener\" target=\"_blank\">Chambord<\/a>, \u0153uvre architecturale magistrale, a mal \u00e0 une de ses ailes. Situ\u00e9e sur les enceintes, l\u2019aile dite \u00ab\u00a0<a href=\"https:\/\/www.lefigaro.fr\/arts-expositions\/2015\/03\/23\/03015-20150323ARTFIG00044-francoisier-sous-son-meilleur-profil-a-la-bnf.php\" data-fig-type=\"Article\" data-gtm-custom-categorie=\"navigation\" data-gtm-custom-action=\"crossclick\" data-gtm-custom-label=\"Contextuel\" data-gtm-event=\"customEventSPE\" data-fig-domain=\"LEFIGARO\" rel=\"nofollow noopener\" target=\"_blank\">Fran\u00e7ois-Ier<\/a>\u00a0\u00bb fut am\u00e9nag\u00e9e par le roi \u00e0 partir de 1539 (si l\u2019on en croit les graffitis sur les chapiteaux). Grande chambre, garde-robe, cabinet et oratoire royal, avec des longues poutres d\u2019une port\u00e9e de dix m\u00e8tres\u2026 C\u2019est l\u00e0 que Fran\u00e7ois\u00a0Ier aurait r\u00e9sid\u00e9 \u00e0 l\u2019occasion de son dernier s\u00e9jour \u00e0 Chambord, du 22\u00a0f\u00e9vrier au 14\u00a0mars 1545. Aujourd\u2019hui, \u00ab\u00a0elle est en danger avec des murs fissur\u00e9s, et des \u00e9tais un peu partout\u00a0\u00bb, dramatise Pierre Dubreuil, directeur du domaine.<\/p>\n<p class=\"fig-paragraph\">Apr\u00e8s des ann\u00e9es de lente d\u00e9gradation, due au temps qui passe, aux inondations de 2016 et au report incessant de travaux per\u00e7us comme trop lourds \u00e0 conduire, cette partie du ch\u00e2teau est d\u2019ailleurs ferm\u00e9e au public. Les mises en sc\u00e8ne imagin\u00e9es par le d\u00e9corateur\u00a0<a href=\"https:\/\/www.lefigaro.fr\/culture\/encheres\/jacques-garcia-mon-chateau-ma-bataille-20221209\" data-fig-type=\"Article\" data-gtm-custom-categorie=\"navigation\" data-gtm-custom-action=\"crossclick\" data-gtm-custom-label=\"Contextuel\" data-gtm-event=\"customEventSPE\" data-fig-domain=\"LEFIGARO\" rel=\"nofollow noopener\" target=\"_blank\">Jacques Garcia<\/a>, qui \u00e9voquaient \u00e0 travers une chambre ou un bureau l\u2019atmosph\u00e8re qui r\u00e9gnait au moment des s\u00e9jours de Fran\u00e7ois\u00a0Ier, ont \u00e9t\u00e9 remis\u00e9es\u2026<\/p>\n<p class=\"fig-premium-paywall__infos\">\n        Cet article est r\u00e9serv\u00e9 aux abonn\u00e9s.        Il vous reste 88% \u00e0 d\u00e9couvrir.\n    <\/p>\n<p>                <img  data- alt=\"Le Figaro\" class=\"fig-img--complete fig-img\"\/><\/p>\n<p class=\"fig-premium-paywall__title\">Vous avez envie de lire la suite ?<\/p>\n<p class=\"fig-premium-paywall__subtitle\">D\u00e9bloquez tous les articles imm\u00e9diatement.<\/p>\n<p class=\"fig-premium-paywall__connect\">\n                D\u00e9j\u00e0 abonn\u00e9\u00a0?                <a class=\"fig-premium-paywall__connect-link\" href=\"https:\/\/connect.lefigaro.fr\/login?client=horizon_web&amp;type=main&amp;redirect_uri=https%3A%2F%2Fwww.lefigaro.fr%2Fculture%2Fau-secours-une-partie-du-chateau-de-chambord-s-effondre-20250917\" data-js-gtm=\"{&quot;customCategorie&quot;: &quot;conversion&quot;, &quot;customAction&quot;: &quot;before_Landing_Connexion_paywall_auto&quot;, &quot;customLabel&quot;: &quot;bGVmaWdhcm8uZnJfXzFmMDkzOTkwLWI5ZjItNjc4Mi1iNTgyLTJkMGQ1OWRjYmIwMV9fQXJ0aWNsZQ==_Au secours, une partie du ch\u00e2teau de Chambord s\u2019effondre\u00a0!_409&quot;, &quot;customIDSPE&quot;: &quot;bGVmaWdhcm8uZnJfXzFmMDkzOTkwLWI5ZjItNjc4Mi1iNTgyLTJkMGQ1OWRjYmIwMV9fQXJ0aWNsZQ==&quot;, &quot;event&quot;: &quot;customEventSPE&quot;}\" rel=\"nofollow noopener\" target=\"_blank\"><br \/>\n                    Connectez-vous<br \/>\n                <\/a>\n            <\/p>\n","protected":false},"excerpt":{"rendered":"D\u00c9CRYPTAGE &#8211; Le directeur veut remettre la Renaissance au c\u0153ur du monument, et se tourne pour cela vers&hellip;\n","protected":false},"author":2,"featured_media":398234,"comment_status":"","ping_status":"","sticky":false,"template":"","format":"standard","meta":{"footnotes":""},"categories":[4],"tags":[11,23958,1011,27,12,25,2086],"class_list":{"0":"post-398233","1":"post","2":"type-post","3":"status-publish","4":"format-standard","5":"has-post-thumbnail","7":"category-france","8":"tag-actualites","9":"tag-chambord","10":"tag-fr","11":"tag-france","12":"tag-news","13":"tag-republique-francaise","14":"tag-travaux"},"share_on_mastodon":{"url":"https:\/\/pubeurope.com\/@fr\/115221363732903800","error":""},"_links":{"self":[{"href":"https:\/\/www.europesays.com\/fr\/wp-json\/wp\/v2\/posts\/398233","targetHints":{"allow":["GET"]}}],"collection":[{"href":"https:\/\/www.europesays.com\/fr\/wp-json\/wp\/v2\/posts"}],"about":[{"href":"https:\/\/www.europesays.com\/fr\/wp-json\/wp\/v2\/types\/post"}],"author":[{"embeddable":true,"href":"https:\/\/www.europesays.com\/fr\/wp-json\/wp\/v2\/users\/2"}],"replies":[{"embeddable":true,"href":"https:\/\/www.europesays.com\/fr\/wp-json\/wp\/v2\/comments?post=398233"}],"version-history":[{"count":0,"href":"https:\/\/www.europesays.com\/fr\/wp-json\/wp\/v2\/posts\/398233\/revisions"}],"wp:featuredmedia":[{"embeddable":true,"href":"https:\/\/www.europesays.com\/fr\/wp-json\/wp\/v2\/media\/398234"}],"wp:attachment":[{"href":"https:\/\/www.europesays.com\/fr\/wp-json\/wp\/v2\/media?parent=398233"}],"wp:term":[{"taxonomy":"category","embeddable":true,"href":"https:\/\/www.europesays.com\/fr\/wp-json\/wp\/v2\/categories?post=398233"},{"taxonomy":"post_tag","embeddable":true,"href":"https:\/\/www.europesays.com\/fr\/wp-json\/wp\/v2\/tags?post=398233"}],"curies":[{"name":"wp","href":"https:\/\/api.w.org\/{rel}","templated":true}]}}