{"id":398241,"date":"2025-09-17T19:50:26","date_gmt":"2025-09-17T19:50:26","guid":{"rendered":"https:\/\/www.europesays.com\/fr\/398241\/"},"modified":"2025-09-17T19:50:26","modified_gmt":"2025-09-17T19:50:26","slug":"lorraine-logement-transports-cout-de-la-rentree-la-situation-nest-plus-tenable-pour-les-etudiants","status":"publish","type":"post","link":"https:\/\/www.europesays.com\/fr\/398241\/","title":{"rendered":"Lorraine. Logement, transports, co\u00fbt de la rentr\u00e9e&#8230; La situation \u00ab\u00a0n&rsquo;est plus tenable\u00a0\u00bb pour les \u00e9tudiants"},"content":{"rendered":"<p>Quel est le\u00a0co\u00fbt de la vie pour les \u00e9tudiants de Lorraine\u00a0? Il est, selon les sources, synonyme d\u2019un surco\u00fbt sensible en cette p\u00e9riode de rentr\u00e9e. F\u00e9d\u00e9rant diverses associations \u00e9tudiantes dans la r\u00e9gion, F\u00e9d\u00e9lor et l\u2019Unef Lorraine se rejoignent sur le fond. L\u2019indicateur du co\u00fbt saisonnier visant \u00e0 synth\u00e9tiser le budget moyen des \u00e9l\u00e8ves, toutes fili\u00e8res et niveaux d\u2019\u00e9tudes confondus, est \u00e0 la hausse. Il est ainsi \u00ab\u00a0toujours plus insurmontable pour une majorit\u00e9\u00a0\u00bb selon la f\u00e9d\u00e9ration.<\/p>\n<p>Les frais sp\u00e9cifiques de rentr\u00e9e ont ainsi augment\u00e9 de 3,16\u00a0% en licence, master, doctorat pour un montant total de 2\u00a0519\u00a0\u20ac selon F\u00e9d\u00e9lor, qui parle d\u2019un v\u00e9ritable \u00ab\u00a0parcours du&#8230;<\/p>\n","protected":false},"excerpt":{"rendered":"Quel est le\u00a0co\u00fbt de la vie pour les \u00e9tudiants de Lorraine\u00a0? Il est, selon les sources, synonyme d\u2019un&hellip;\n","protected":false},"author":2,"featured_media":398242,"comment_status":"","ping_status":"","sticky":false,"template":"","format":"standard","meta":{"footnotes":""},"categories":[9635],"tags":[1111,11,1057,1777,674,107,1011,27,775,3457,5599,1702,12,3456,25,4604,801,104],"class_list":{"0":"post-398241","1":"post","2":"type-post","3":"status-publish","4":"format-standard","5":"has-post-thumbnail","7":"category-nancy","8":"tag-actu","9":"tag-actualites","10":"tag-education","11":"tag-eu","12":"tag-europe","13":"tag-fil-info","14":"tag-fr","15":"tag-france","16":"tag-grand-est","17":"tag-meurthe-et-moselle","18":"tag-moselle","19":"tag-nancy","20":"tag-news","21":"tag-region-lorraine","22":"tag-republique-francaise","23":"tag-selection-abonne","24":"tag-social","25":"tag-societe"},"share_on_mastodon":{"url":"https:\/\/pubeurope.com\/@fr\/115221379356152468","error":""},"_links":{"self":[{"href":"https:\/\/www.europesays.com\/fr\/wp-json\/wp\/v2\/posts\/398241","targetHints":{"allow":["GET"]}}],"collection":[{"href":"https:\/\/www.europesays.com\/fr\/wp-json\/wp\/v2\/posts"}],"about":[{"href":"https:\/\/www.europesays.com\/fr\/wp-json\/wp\/v2\/types\/post"}],"author":[{"embeddable":true,"href":"https:\/\/www.europesays.com\/fr\/wp-json\/wp\/v2\/users\/2"}],"replies":[{"embeddable":true,"href":"https:\/\/www.europesays.com\/fr\/wp-json\/wp\/v2\/comments?post=398241"}],"version-history":[{"count":0,"href":"https:\/\/www.europesays.com\/fr\/wp-json\/wp\/v2\/posts\/398241\/revisions"}],"wp:featuredmedia":[{"embeddable":true,"href":"https:\/\/www.europesays.com\/fr\/wp-json\/wp\/v2\/media\/398242"}],"wp:attachment":[{"href":"https:\/\/www.europesays.com\/fr\/wp-json\/wp\/v2\/media?parent=398241"}],"wp:term":[{"taxonomy":"category","embeddable":true,"href":"https:\/\/www.europesays.com\/fr\/wp-json\/wp\/v2\/categories?post=398241"},{"taxonomy":"post_tag","embeddable":true,"href":"https:\/\/www.europesays.com\/fr\/wp-json\/wp\/v2\/tags?post=398241"}],"curies":[{"name":"wp","href":"https:\/\/api.w.org\/{rel}","templated":true}]}}