{"id":39825,"date":"2025-04-20T21:09:09","date_gmt":"2025-04-20T21:09:09","guid":{"rendered":"https:\/\/www.europesays.com\/fr\/39825\/"},"modified":"2025-04-20T21:09:09","modified_gmt":"2025-04-20T21:09:09","slug":"dans-quels-paysages-vivrons-nous-demain-la-tribune-de-sylvie-salles","status":"publish","type":"post","link":"https:\/\/www.europesays.com\/fr\/39825\/","title":{"rendered":"Dans quels paysages vivrons-nous demain ? La tribune de Sylvie Salles"},"content":{"rendered":"<p>Le changement climatique et l&rsquo;\u00e9rosion de la biodiversit\u00e9 remettent en cause nos mod\u00e8les de d\u00e9veloppement qui impactent la survie des populations, les ressources et les biens mat\u00e9riels. La conscience qu&rsquo;il est imp\u00e9ratif d&rsquo;infl\u00e9chir les trajectoires est l\u00e0, a fortiori dans les villes m\u00e9diterran\u00e9ennes o\u00f9 les enjeux d&rsquo;adaptation, de biodiversit\u00e9 et de bien-vivre sont encore plus \u00e9troitement li\u00e9s.<\/p>\n<p>Un cap commun<\/p>\n<p>Cette interd\u00e9pendance est \u00e0 l&rsquo;agenda des politiques publiques et fixe un cap commun \u00e0 la planification des territoires pour anticiper les mutations \u00e0 venir. Pour autant, leur dimension spatiale et v\u00e9cue reste peu incarn\u00e9e et la prendre en compte n\u00e9cessite de co-construire un avenir commun. Comment engager collectivement des changements dont la forme est incertaine\u00a0?<\/p>\n<p>L&rsquo;hypoth\u00e8se que d\u00e9fend l&rsquo;ouvrage Transitions m\u00e9tropolitaines par le paysage (\u00c9ditions Popsu, Autrement, 2025) est que ces mutations s&rsquo;anticipent de fa\u00e7on concr\u00e8te, d\u00e8s lors que l&rsquo;on peut se projeter dans les paysages avec lesquels nous vivrons demain. Les paysages sont les produits de choix d&rsquo;am\u00e9nagement, d&rsquo;exploitation ou de pr\u00e9servation et non des d\u00e9cors \u00e0 admirer. Leur diversit\u00e9 est le t\u00e9moin d&rsquo;\u00e9quilibres naturels et anthropiques, derri\u00e8re lesquels se joue la bonne fonctionnalit\u00e9 d&rsquo;\u00e9cosyst\u00e8mes qui sont aussi nos environnements de vie.<\/p>\n<p>Diversit\u00e9 des paysages, qualit\u00e9 biologique des \u00e9cosyst\u00e8mes et qualit\u00e9 de vie sont au c\u0153ur des nouvelles solidarit\u00e9s \u00e0 construire. C&rsquo;est pourquoi un projet bas\u00e9 sur le paysage, au-del\u00e0 des solutions bas\u00e9es sur la nature, envisage l&rsquo;am\u00e9nagement en termes de co\u00e9volution avec les syst\u00e8mes naturels qui soutiennent les territoires.<\/p>\n<p>Enjeu autour de la restauration \u00e9cologique de l&rsquo;\u00e9tant de Berre<\/p>\n<p>C&rsquo;est ce qui est en jeu autour de la restauration \u00e9cologique de <a href=\"https:\/\/www.laprovence.com\/article\/region\/48736998432348\/rehabilitation-de-l-etang-de-berre-le-reseau-d-actions-d-initiatives-democratiques-et-citoyennes-a-saisi-l-europe\" target=\"_blank\" rel=\"nofollow noopener\">l&rsquo;\u00e9tang de Berre.<\/a> L&rsquo;histoire industrielle de l&rsquo;\u00e9tang et de ses rives est une histoire environnementale qui a produit des paysages hybrides (industriels, naturels et baln\u00e9aires), aujourd&rsquo;hui t\u00e9moins d&rsquo;une richesse \u00e9cologique majeure, d&rsquo;une \u00e9conomie en plein bouleversement et de liens forts unissant les habitants \u00e0 leur territoire. C&rsquo;est pour pouvoir continuer \u00e0 p\u00eacher, \u00e0 se baigner, \u00e0 vivre au bord de l&rsquo;\u00e9tang que les communes riveraines se sont f\u00e9d\u00e9r\u00e9es autour du Groupement d&rsquo;int\u00e9r\u00eat public pour la r\u00e9habilitation de l&rsquo;\u00e9tang de Berre.<\/p>\n<p>Aux portes de<a href=\"https:\/\/www.laprovence.com\/article\/faits-divers-justice\/1440749150140915\/cest-inedit-lavenir-industriel-de-fos-en-debat-public-pour-trois-mois-une-premiere-en-france\" target=\"_blank\" rel=\"nofollow noopener\"> la zone industrialo-portuaire de Fos<\/a>, l&rsquo;\u00e9tang est devenu le lieu d&rsquo;une transaction environnementale orchestrant des synergies entre restauration \u00e9cologique, gestion des bassins versants et des milieux naturels, d\u00e9veloppement \u00e9conomique, am\u00e9nagement urbain et valorisation touristique. Les micro-initiatives citoyennes de sauvegarde, <a href=\"https:\/\/www.laprovence.com\/article\/region\/6909054995503714\/un-accord-est-signe-pour-preserver-la-salinite-de-letang-de-berre-et-limiter-les-rejets-de-la-centrale-edf\" target=\"_blank\" rel=\"nofollow noopener\">la r\u00e9gulation saisonni\u00e8re des rejets EDF<\/a>, la ma\u00eetrise des pollutions&#8230; sont autant de signaux locaux posant les bases de transformations plus profondes d\u00e9j\u00e0 visibles dans les paysages.<\/p>\n<p>Comment aller plus loin et engager localement une trajectoire de transition qui profite \u00e0 l&rsquo;ensemble du territoire ? Si toute transition est une fabrique de paysages, la difficult\u00e9 est de faire en sorte que ces paysages soient choisis et non subis. C&rsquo;est le sens d&rsquo;une planification par le paysage. Parce qu&rsquo;ils renvoient \u00e0 l&rsquo;exp\u00e9rience concr\u00e8te que nous avons de nos environnements, les paysages sont des sc\u00e8nes d&rsquo;\u00e9changes, autour desquelles se discutent des priorit\u00e9s d&rsquo;am\u00e9nagement ou de non-am\u00e9nagement, des mutualisations de moyens, des gestions collaboratives, etc. Anticiper les paysages de demain, dans une vision dynamique propre aux syst\u00e8mes socionaturels habit\u00e9s, est un levier concret pour engager d\u00e8s aujourd&rsquo;hui les transitions \u00e0 venir.<\/p>\n","protected":false},"excerpt":{"rendered":"Le changement climatique et l&rsquo;\u00e9rosion de la biodiversit\u00e9 remettent en cause nos mod\u00e8les de d\u00e9veloppement qui impactent la&hellip;\n","protected":false},"author":2,"featured_media":39826,"comment_status":"","ping_status":"","sticky":false,"template":"","format":"standard","meta":{"footnotes":""},"categories":[2814],"tags":[17,1111,11,1446,12351,1777,674,1011,27,12347,884,12,12349,882,12348,25,12352,5030,12350],"class_list":{"0":"post-39825","1":"post","2":"type-post","3":"status-publish","4":"format-standard","5":"has-post-thumbnail","7":"category-marseille","8":"tag-17","9":"tag-actu","10":"tag-actualites","11":"tag-dans","12":"tag-demain","13":"tag-eu","14":"tag-europe","15":"tag-fr","16":"tag-france","17":"tag-idees-et-opinions","18":"tag-marseille","19":"tag-news","20":"tag-paysages","21":"tag-provence-alpes-cote-dazur","22":"tag-quels","23":"tag-republique-francaise","24":"tag-sylvie","25":"tag-tribune","26":"tag-vivrons-nous"},"share_on_mastodon":{"url":"https:\/\/pubeurope.com\/@fr\/114372343487603220","error":""},"_links":{"self":[{"href":"https:\/\/www.europesays.com\/fr\/wp-json\/wp\/v2\/posts\/39825","targetHints":{"allow":["GET"]}}],"collection":[{"href":"https:\/\/www.europesays.com\/fr\/wp-json\/wp\/v2\/posts"}],"about":[{"href":"https:\/\/www.europesays.com\/fr\/wp-json\/wp\/v2\/types\/post"}],"author":[{"embeddable":true,"href":"https:\/\/www.europesays.com\/fr\/wp-json\/wp\/v2\/users\/2"}],"replies":[{"embeddable":true,"href":"https:\/\/www.europesays.com\/fr\/wp-json\/wp\/v2\/comments?post=39825"}],"version-history":[{"count":0,"href":"https:\/\/www.europesays.com\/fr\/wp-json\/wp\/v2\/posts\/39825\/revisions"}],"wp:featuredmedia":[{"embeddable":true,"href":"https:\/\/www.europesays.com\/fr\/wp-json\/wp\/v2\/media\/39826"}],"wp:attachment":[{"href":"https:\/\/www.europesays.com\/fr\/wp-json\/wp\/v2\/media?parent=39825"}],"wp:term":[{"taxonomy":"category","embeddable":true,"href":"https:\/\/www.europesays.com\/fr\/wp-json\/wp\/v2\/categories?post=39825"},{"taxonomy":"post_tag","embeddable":true,"href":"https:\/\/www.europesays.com\/fr\/wp-json\/wp\/v2\/tags?post=39825"}],"curies":[{"name":"wp","href":"https:\/\/api.w.org\/{rel}","templated":true}]}}