{"id":398275,"date":"2025-09-17T20:12:12","date_gmt":"2025-09-17T20:12:12","guid":{"rendered":"https:\/\/www.europesays.com\/fr\/398275\/"},"modified":"2025-09-17T20:12:12","modified_gmt":"2025-09-17T20:12:12","slug":"leconomiste-philippe-dessertine-se-lance-a-bordeaux-liberation","status":"publish","type":"post","link":"https:\/\/www.europesays.com\/fr\/398275\/","title":{"rendered":"l\u2019\u00e9conomiste Philippe Dessertine se lance \u00e0 Bordeaux \u2013 Lib\u00e9ration"},"content":{"rendered":"<p class=\"sc-cPiKLX AiZTS text-element\">\u00abJe ne me place pas sur l\u2019\u00e9chiquier, je ne suis d\u2019aucun parti\u00bb, a revendiqu\u00e9 devant la presse l\u2019\u00e9conomiste Philippe Dessertine ce mercredi 17 septembre, en annon\u00e7ant sa candidature <a href=\"https:\/\/www.liberation.fr\/france\/2020\/06\/30\/pierre-hurmic-du-cabinet-d-avocats-a-la-mairie-de-bordeaux_1792938\/\" target=\"_blank\" rel=\"noopener\" title=\"https:\/\/www.liberation.fr\/france\/2020\/06\/30\/pierre-hurmic-du-cabinet-d-avocats-a-la-mairie-de-bordeaux_1792938\/\">\u00e0 la mairie de Bordeaux<\/a> pour les municipales de 2026. Cet intellectuel habitu\u00e9 des plateaux t\u00e9l\u00e9vis\u00e9s enseigne \u00e0 Paris mais vit sur les bords de la Garonne. De droite ? De gauche ? \u00abJe ne r\u00e9ponds pas [\u2026]. Je ne suis pas un professionnel de la politique, je suis soci\u00e9t\u00e9 civile\u00bb, a-t-il insist\u00e9 pour se d\u00e9marquer des autres candidats d\u00e9clar\u00e9s, notamment au centre droit. <\/p>\n<p class=\"sc-cPiKLX AiZTS text-element\">Reste que le diagnostic qu\u2019il porte sur Bordeaux \u2013 une ville moins s\u00fbre, <a href=\"https:\/\/www.liberation.fr\/environnement\/pollution\/a-bordeaux-la-croisade-du-maire-ecologiste-contre-les-paquebots-en-centre-ville-fait-des-remous-20241017_IIBJCOXYXJE2LG4NJX6YKKEO7U\/\" target=\"_blank\" rel=\"noopener\" title=\"https:\/\/www.liberation.fr\/environnement\/pollution\/a-bordeaux-la-croisade-du-maire-ecologiste-contre-les-paquebots-en-centre-ville-fait-des-remous-20241017_IIBJCOXYXJE2LG4NJX6YKKEO7U\/\">plus sale<\/a>, moins attractive, en proie \u00e0 une <a href=\"https:\/\/www.liberation.fr\/france\/2020\/07\/03\/a-bordeaux-pierre-hurmic-annonce-ses-ambitions-de-maire-vert_1793294\/\" target=\"_blank\" rel=\"noopener\" title=\"https:\/\/www.liberation.fr\/france\/2020\/07\/03\/a-bordeaux-pierre-hurmic-annonce-ses-ambitions-de-maire-vert_1793294\/\">\u00abparalysie lente mais incertaine\u00bb<\/a>, dit-il \u2013 est largement partag\u00e9 par le d\u00e9put\u00e9 Renaissance Thomas Cazenave et la ministre d\u00e9missionnaire du Tourisme, Nathalie Delattre, qui se disputent d\u00e9j\u00e0 le leadership du \u00abbloc central\u00bb pour le scrutin de mars. <\/p>\n<p class=\"sc-cPiKLX AiZTS text-element\">Concurrent suppl\u00e9mentaire ou partenaire \u00e9ventuel ? \u00abIl n\u2019y a qu\u2019un sondage qui m\u2019int\u00e9resse, c\u2019est celui du 15 mars\u00bb, a-t-il \u00e9vacu\u00e9 en allusion \u00e0 la date du premier tour du scrutin. \u00abJe ne suis pas du tout dans une logique de n\u00e9gociation\u00bb, promet Philippe Dessertine, dont l\u2019\u00e9pouse fut membre de la majorit\u00e9 de l\u2019ancien maire Les R\u00e9publicains de Bordeaux, <a href=\"https:\/\/www.liberation.fr\/politique\/alain-juppe-soppose-a-la-depolitisation-du-conseil-constitutionnel-20250211_ZXIC5KJESBBVPI6GLBPEPBM42Q\/?redirected=1\" target=\"_blank\" rel=\"noopener\" title=\"https:\/\/www.liberation.fr\/politique\/alain-juppe-soppose-a-la-depolitisation-du-conseil-constitutionnel-20250211_ZXIC5KJESBBVPI6GLBPEPBM42Q\/?redirected=1\">Alain Jupp\u00e9.<\/a> <\/p>\n<p class=\"sc-cPiKLX AiZTS text-element\">Outre Thomas Cazenave et Nathalie Delattre, le conseiller municipal Pierre De Ga\u00e9tan Njikam est \u00e9galement en lice dans le m\u00eame espace politique, et alors que le successeur d\u2019Alain Jupp\u00e9, Nicolas Florian, battu en 2020 et qui souhaitait retenter sa chance en 2026, <a href=\"https:\/\/www.liberation.fr\/politique\/lancien-maire-de-bordeaux-nicolas-florian-est-mort-20250126_TSLHKQWCI5EANC3WSADW3OO6BM\/\" target=\"_blank\" rel=\"noopener\" title=\"https:\/\/www.liberation.fr\/politique\/lancien-maire-de-bordeaux-nicolas-florian-est-mort-20250126_TSLHKQWCI5EANC3WSADW3OO6BM\/\">est mort brutalement d\u2019un AVC \u00e0 55 ans en janvier<\/a>. <\/p>\n<p class=\"sc-cPiKLX AiZTS text-element\">A gauche, <a href=\"https:\/\/www.liberation.fr\/forums\/pierre-hurmic-maire-de-bordeaux-une-ville-cest-comme-un-paquebot-cest-difficile-de-vite-redresser-la-barre-20230205_UTHKYVHK3BBMVBLBRHGYTW4FBA\/\" target=\"_blank\" rel=\"noopener\" title=\"https:\/\/www.liberation.fr\/forums\/pierre-hurmic-maire-de-bordeaux-une-ville-cest-comme-un-paquebot-cest-difficile-de-vite-redresser-la-barre-20230205_UTHKYVHK3BBMVBLBRHGYTW4FBA\/\">l\u2019\u00e9cologiste Pierre Hurmic<\/a>, maire depuis 2020, patiente pour annoncer qu\u2019il briguera sa succession, tandis que LFI pr\u00e9voit de d\u00e9signer une t\u00eate de liste fin octobre. A l\u2019extr\u00eame droite, la d\u00e9put\u00e9e europ\u00e9enne Julie Rechagneux m\u00e8nera celle du Rassemblement national, concurrenc\u00e9e par une candidate du parti Reconqu\u00eate d\u2019Eric Zemmour, Virginie Bonthoux Tournay. <\/p>\n","protected":false},"excerpt":{"rendered":"\u00abJe ne me place pas sur l\u2019\u00e9chiquier, je ne suis d\u2019aucun parti\u00bb, a revendiqu\u00e9 devant la presse l\u2019\u00e9conomiste&hellip;\n","protected":false},"author":2,"featured_media":398276,"comment_status":"","ping_status":"","sticky":false,"template":"","format":"standard","meta":{"footnotes":""},"categories":[2817],"tags":[1111,11,7394,1997,1777,674,1011,27,5945,12,2219,25],"class_list":{"0":"post-398275","1":"post","2":"type-post","3":"status-publish","4":"format-standard","5":"has-post-thumbnail","7":"category-bordeaux","8":"tag-actu","9":"tag-actualites","10":"tag-alain-juppe","11":"tag-bordeaux","12":"tag-eu","13":"tag-europe","14":"tag-fr","15":"tag-france","16":"tag-municipales-elections","17":"tag-news","18":"tag-nouvelle-aquitaine","19":"tag-republique-francaise"},"share_on_mastodon":{"url":"https:\/\/pubeurope.com\/@fr\/115221465919531890","error":""},"_links":{"self":[{"href":"https:\/\/www.europesays.com\/fr\/wp-json\/wp\/v2\/posts\/398275","targetHints":{"allow":["GET"]}}],"collection":[{"href":"https:\/\/www.europesays.com\/fr\/wp-json\/wp\/v2\/posts"}],"about":[{"href":"https:\/\/www.europesays.com\/fr\/wp-json\/wp\/v2\/types\/post"}],"author":[{"embeddable":true,"href":"https:\/\/www.europesays.com\/fr\/wp-json\/wp\/v2\/users\/2"}],"replies":[{"embeddable":true,"href":"https:\/\/www.europesays.com\/fr\/wp-json\/wp\/v2\/comments?post=398275"}],"version-history":[{"count":0,"href":"https:\/\/www.europesays.com\/fr\/wp-json\/wp\/v2\/posts\/398275\/revisions"}],"wp:featuredmedia":[{"embeddable":true,"href":"https:\/\/www.europesays.com\/fr\/wp-json\/wp\/v2\/media\/398276"}],"wp:attachment":[{"href":"https:\/\/www.europesays.com\/fr\/wp-json\/wp\/v2\/media?parent=398275"}],"wp:term":[{"taxonomy":"category","embeddable":true,"href":"https:\/\/www.europesays.com\/fr\/wp-json\/wp\/v2\/categories?post=398275"},{"taxonomy":"post_tag","embeddable":true,"href":"https:\/\/www.europesays.com\/fr\/wp-json\/wp\/v2\/tags?post=398275"}],"curies":[{"name":"wp","href":"https:\/\/api.w.org\/{rel}","templated":true}]}}